{"id":65955,"date":"2018-02-14T12:40:16","date_gmt":"2018-02-14T10:40:16","guid":{"rendered":"http:\/\/www.tucomarca.com\/wordpress\/segunda\/?p=65955"},"modified":"2018-02-14T12:40:16","modified_gmt":"2018-02-14T10:40:16","slug":"la-diputacio-invertira-en-2018-cerca-de-8-millones-de-euros-en-los-municipios-del-camp-de-turia","status":"publish","type":"post","link":"https:\/\/www.tucomarca.com\/wordpress\/segunda\/la-diputacio-invertira-en-2018-cerca-de-8-millones-de-euros-en-los-municipios-del-camp-de-turia\/","title":{"rendered":"La Diputaci\u00f3 invertir\u00e1 en 2018 cerca de 8 millones de euros en los municipios del Camp de T\u00faria"},"content":{"rendered":"<p>La Diputaci\u00f3 de Val\u00e8ncia tiene previsto invertir 7,9 millones de euros en los 16 municipios de la comarca del Camp de T\u00faria este a\u00f1o, lo que elevar\u00e1 la inversi\u00f3n de la corporaci\u00f3n en la comarca hasta los 30 millones de euros desde el inicio de la presente legislatura en la segunda mitad de 2015. As\u00ed lo ha anunciado el presidente, Jorge Rodr\u00edguez, en Ll\u00edria, en la sede de la Mancomunitat del Camp de T\u00faria.<\/p>\n<p>Rodr\u00edguez, que ha aprovechado su visita a la comarca para presentar unos presupuestos \u201cmuy sociales y con una marcada visi\u00f3n municipalista\u201d, ha avanzado los 4,3 millones de euros que contempla el Plan Municipal de Obras y Servicios (SOM) en la comarca, as\u00ed como los 960.000 euros del Plan de Caminos y Viales, los 420.000 euros en ayudas para cubrir los da\u00f1os de las lluvias, 560.000 euros del Plan de Ocupaci\u00f3n para personas mayores de 55 a\u00f1os y 1,6 millones de euros del Fons de Cooperaci\u00f3 Municipal.<\/p>\n<p>Acompa\u00f1ado por la presidenta de la Mancomunitat del Camp de T\u00faria, Lola Celda, y la diputada de Bienestar Social, Mercedes Berenguer, y en presencia del alcalde de Ll\u00edria, Manuel Civera, y otros responsables de los municipios de la comarca, el presidente de la Diputaci\u00f3 ha puesto en valor \u201cel incremento de las transferencias directas a los ayuntamientos para dotarlos de la financiaci\u00f3n necesaria para poder desarrollar su autonom\u00eda\u201d.<\/p>\n<p>Esta mejora de las dotaciones presupuestarias \u201ces evidente en el Camp de T\u00faria, donde en los dos primeros a\u00f1os de la legislatura se han duplicado las ayudas de la Diputaci\u00f3 a los municipios, pasando de 10,6 millones en 2014 y 2015 a 21,7 millones de euros entre 2016 y 2017, incluidos cerca de 3 millones en el refuerzo de la seguridad de carreteras\u201d, ha explicado Rodr\u00edguez.<\/p>\n<p>Entre los 21,7 millones que la corporaci\u00f3n ha repartido por los 16 municipios de la comarca en esta primera parte de la legislatura, destacan los 7,5 millones del Plan de Inversiones Sostenibles (IFS), \u201cun dinero que de no haberse destinado a los municipios para mejorar la calidad de vida de las personas habr\u00eda acabado en los bancos\u201d, ha a\u00f1adido el presidente de la Diputaci\u00f3.<\/p>\n<p>Otras l\u00edneas de inversi\u00f3n importantes son el antiguo PPOS, hoy conocido como SOM, con 9 millones de euros incluida la aportaci\u00f3n de este a\u00f1o; las ayudas para la restauraci\u00f3n de patrimonio, que han pasado de 145.000 a 390.000 euros con el cambio de gobierno; y los proyectos para mejorar la seguridad vial en las carreteras de la comarca, con una dotaci\u00f3n de 2.674.000 euros para cinco obras ya ejecutadas, como son el asfaltado de la CV-305 entre Museros y N\u00e0quera; el de la CV-315 en N\u00e0quera; el de la CV-331 hasta la Cartuja de Porta Coeli; el del Puerto de l\u2019Oronet en la CV-310; y la renovaci\u00f3n de la se\u00f1alizaci\u00f3n en las carreteras de la demarcaci\u00f3n B\u00e9tera-Serra.<\/p>\n<p>Por su parte, la diputada Mercedes Berenguer ha insistido en el car\u00e1cter social de unos presupuestos que \u201crefuerzan la apuesta de este equipo de gobierno por el bienestar de las personas, con 12 millones de euros para programas municipales de servicios sociales generales; otro tanto para los centros educativos y formativos dependientes de la corporaci\u00f3n; 11 millones para la construcci\u00f3n de nuevos centros sociales en varios municipios; 2,4 millones para teleasistencia y 3,6 millones para el Hospital Psiqui\u00e1trico de B\u00e9tera, donde pretendemos humanizar la asistencia sociosanitaria\u201d.<\/p>\n","protected":false},"excerpt":{"rendered":"<div class=\"mh-excerpt\">La Diputaci\u00f3 de Val\u00e8ncia tiene previsto invertir 7,9 millones de euros en los 16 municipios de la comarca del Camp de T\u00faria este a\u00f1o, lo que elevar\u00e1 la inversi\u00f3n de la corporaci\u00f3n en la comarca <a class=\"mh-excerpt-more\" href=\"https:\/\/www.tucomarca.com\/wordpress\/segunda\/la-diputacio-invertira-en-2018-cerca-de-8-millones-de-euros-en-los-municipios-del-camp-de-turia\/\" title=\"La Diputaci\u00f3 invertir\u00e1 en 2018 cerca de 8 millones de euros en los municipios del Camp de T\u00faria\">[+] <\/a><\/div>\n","protected":false},"author":1,"featured_media":65957,"comment_status":"open","ping_status":"open","sticky":false,"template":"","format":"standard","meta":{"footnotes":""},"categories":[51,46,47,180,76,45,26],"tags":[10395,204],"class_list":{"0":"post-65955","1":"post","2":"type-post","3":"status-publish","4":"format-standard","5":"has-post-thumbnail","7":"category-betera","8":"category-camp-de-turia","9":"category-lliria","10":"category-naquera","11":"category-serra","12":"category-ventana","13":"category-video","14":"tag-camp-de-turia","15":"tag-diputacion"},"_links":{"self":[{"href":"https:\/\/www.tucomarca.com\/wordpress\/segunda\/wp-json\/wp\/v2\/posts\/65955","targetHints":{"allow":["GET"]}}],"collection":[{"href":"https:\/\/www.tucomarca.com\/wordpress\/segunda\/wp-json\/wp\/v2\/posts"}],"about":[{"href":"https:\/\/www.tucomarca.com\/wordpress\/segunda\/wp-json\/wp\/v2\/types\/post"}],"author":[{"embeddable":true,"href":"https:\/\/www.tucomarca.com\/wordpress\/segunda\/wp-json\/wp\/v2\/users\/1"}],"replies":[{"embeddable":true,"href":"https:\/\/www.tucomarca.com\/wordpress\/segunda\/wp-json\/wp\/v2\/comments?post=65955"}],"version-history":[{"count":0,"href":"https:\/\/www.tucomarca.com\/wordpress\/segunda\/wp-json\/wp\/v2\/posts\/65955\/revisions"}],"wp:featuredmedia":[{"embeddable":true,"href":"https:\/\/www.tucomarca.com\/wordpress\/segunda\/wp-json\/wp\/v2\/media\/65957"}],"wp:attachment":[{"href":"https:\/\/www.tucomarca.com\/wordpress\/segunda\/wp-json\/wp\/v2\/media?parent=65955"}],"wp:term":[{"taxonomy":"category","embeddable":true,"href":"https:\/\/www.tucomarca.com\/wordpress\/segunda\/wp-json\/wp\/v2\/categories?post=65955"},{"taxonomy":"post_tag","embeddable":true,"href":"https:\/\/www.tucomarca.com\/wordpress\/segunda\/wp-json\/wp\/v2\/tags?post=65955"}],"curies":[{"name":"wp","href":"https:\/\/api.w.org\/{rel}","templated":true}]}}