{"id":65998,"date":"2018-02-21T21:04:45","date_gmt":"2018-02-21T19:04:45","guid":{"rendered":"http:\/\/www.tucomarca.com\/wordpress\/segunda\/?p=65998"},"modified":"2018-02-21T21:04:45","modified_gmt":"2018-02-21T19:04:45","slug":"las-marchas-por-la-dignidad-se-organizan-en-la-hoya","status":"publish","type":"post","link":"https:\/\/www.tucomarca.com\/wordpress\/segunda\/las-marchas-por-la-dignidad-se-organizan-en-la-hoya\/","title":{"rendered":"Las marchas por la dignidad se organizan en La Hoya"},"content":{"rendered":"<p>Como ya avanz\u00f3 <strong>tucomarca.com<\/strong> en su edici\u00f3n impresa,\u00a0d\u00edas atr\u00e1s\u00a0se realiz\u00f3 en el local de la Red de Solidaridad Popular (RSP) de Bu\u00f1ol la Asamblea organizativa de las marchas de la dignidad de 2018 que vuelven a Madrid el pr\u00f3ximo s\u00e1bado 24 de marzo.<\/p>\n<p>En esta asamblea participaron organizaciones sociales, pol\u00edticas y sindicales de Bu\u00f1ol y la comarca; as\u00ed como personas a t\u00edtulo personal. Concretamente, en la reuni\u00f3n participaron la PAH comarcal, la RSP de Bu\u00f1ol, Amas de Casa, IAB, Comprom\u00eds, el PCPV, EUPV, Podemos, y CC OO y personas individuales, tal como han informado desde la organizaci\u00f3n.<\/p>\n<p>\u00abTras constatarse de que la crisis a\u00fan no est\u00e1 superada para los trabajadores y capas populares de la sociedad , contin\u00faa con el paro elevado, la precariedad, la pobreza,los recortes y la contin\u00faa p\u00e9rdida de poder adquisitivo de los salarios y las pensiones se lleg\u00f3 a la conclusi\u00f3n de que hace falta volver alzar la voz de protesta en la calle uniendo luchas diversas en las marchas de la dignidad que este a\u00f1o se han convocado entre el 10 y el 24 de marzo, concluyendo en Madrid est\u00e1 \u00faltima fecha\u00bb, como ha a\u00f1adido desde la Red de Solidaridad de Bu\u00f1ol.<\/p>\n<p>La Asamblea, previo a la marcha de la dignidad del 24 de Marzo, ha dado la m\u00e1xima importancia a las convocatorias del 3 de marzo con la marcha a Madrid para \u00abdefender el derecho humano a una vivienda digna, convocatoria hecha por las PAH de toda Espa\u00f1a. Tambi\u00e9n es muy importante la Huelga Feminista del 8 de Marzo por la igualdad real entre mujeres y hombres y las movilizaciones que se est\u00e1n llevando para defender las pensiones p\u00fablicas\u00bb. La Asamblea aprob\u00f3 un plan de trabajo con todas las acciones que pretende desarrollar hasta el 24 de marzo, estableci\u00e9ndose los compromisos personales y de las organizaciones para llevarlas a cabo. Por \u00faltimo la Asamblea de las Marchas de la Dignidad ha acordado redactar y remitir una moci\u00f3n de apoyo a las marchas de la dignidad, dirigida a los plenos municipales de los ayuntamientos de la comarca de La Hoya de Bu\u00f1ol-Chiva.<\/p>\n","protected":false},"excerpt":{"rendered":"<div class=\"mh-excerpt\">Como ya avanz\u00f3 tucomarca.com en su edici\u00f3n impresa,\u00a0d\u00edas atr\u00e1s\u00a0se realiz\u00f3 en el local de la Red de Solidaridad Popular (RSP) de Bu\u00f1ol la Asamblea organizativa de las marchas de la dignidad de 2018 que vuelven <a class=\"mh-excerpt-more\" href=\"https:\/\/www.tucomarca.com\/wordpress\/segunda\/las-marchas-por-la-dignidad-se-organizan-en-la-hoya\/\" title=\"Las marchas por la dignidad se organizan en La Hoya\">[+] <\/a><\/div>\n","protected":false},"author":1,"featured_media":56667,"comment_status":"open","ping_status":"open","sticky":false,"template":"","format":"standard","meta":{"footnotes":""},"categories":[18,8,72,10,142,3],"tags":[5952],"class_list":{"0":"post-65998","1":"post","2":"type-post","3":"status-publish","4":"format-standard","5":"has-post-thumbnail","7":"category-bunol","8":"category-la-comarca","9":"category-sin-categorizar","10":"category-la-hoya","11":"category-politica-la-comarca","12":"category-seccion","13":"tag-la-hoya-de-bunol-chiva"},"_links":{"self":[{"href":"https:\/\/www.tucomarca.com\/wordpress\/segunda\/wp-json\/wp\/v2\/posts\/65998","targetHints":{"allow":["GET"]}}],"collection":[{"href":"https:\/\/www.tucomarca.com\/wordpress\/segunda\/wp-json\/wp\/v2\/posts"}],"about":[{"href":"https:\/\/www.tucomarca.com\/wordpress\/segunda\/wp-json\/wp\/v2\/types\/post"}],"author":[{"embeddable":true,"href":"https:\/\/www.tucomarca.com\/wordpress\/segunda\/wp-json\/wp\/v2\/users\/1"}],"replies":[{"embeddable":true,"href":"https:\/\/www.tucomarca.com\/wordpress\/segunda\/wp-json\/wp\/v2\/comments?post=65998"}],"version-history":[{"count":0,"href":"https:\/\/www.tucomarca.com\/wordpress\/segunda\/wp-json\/wp\/v2\/posts\/65998\/revisions"}],"wp:featuredmedia":[{"embeddable":true,"href":"https:\/\/www.tucomarca.com\/wordpress\/segunda\/wp-json\/wp\/v2\/media\/56667"}],"wp:attachment":[{"href":"https:\/\/www.tucomarca.com\/wordpress\/segunda\/wp-json\/wp\/v2\/media?parent=65998"}],"wp:term":[{"taxonomy":"category","embeddable":true,"href":"https:\/\/www.tucomarca.com\/wordpress\/segunda\/wp-json\/wp\/v2\/categories?post=65998"},{"taxonomy":"post_tag","embeddable":true,"href":"https:\/\/www.tucomarca.com\/wordpress\/segunda\/wp-json\/wp\/v2\/tags?post=65998"}],"curies":[{"name":"wp","href":"https:\/\/api.w.org\/{rel}","templated":true}]}}