{"id":6610,"date":"2012-08-20T15:07:34","date_gmt":"2012-08-20T13:07:34","guid":{"rendered":"http:\/\/www.tucomarca.com\/wordpress\/segunda\/?p=6610"},"modified":"2012-08-20T15:07:34","modified_gmt":"2012-08-20T13:07:34","slug":"el-hospital-de-manises-atendera-600-postoperatorios-criticos-con-la-incorporacion-de-su-nuevo-servicio-de-reanimacion","status":"publish","type":"post","link":"https:\/\/www.tucomarca.com\/wordpress\/segunda\/el-hospital-de-manises-atendera-600-postoperatorios-criticos-con-la-incorporacion-de-su-nuevo-servicio-de-reanimacion\/","title":{"rendered":"El Hospital de Manises atender\u00e1 600 postoperatorios cr\u00edticos con la incorporaci\u00f3n de su nuevo servicio de reanimaci\u00f3n"},"content":{"rendered":"<figure id=\"attachment_6611\" aria-describedby=\"caption-attachment-6611\" style=\"width: 300px\" class=\"wp-caption alignleft\"><a href=\"https:\/\/www.tucomarca.com\/wordpress\/segunda\/wp-content\/uploads\/2012\/08\/20812reanimacion.jpg\"><img loading=\"lazy\" decoding=\"async\" class=\"size-medium wp-image-6611\" title=\"20812reanimacion\" src=\"https:\/\/www.tucomarca.com\/wordpress\/segunda\/wp-content\/uploads\/2012\/08\/20812reanimacion-300x199.jpg\" alt=\"La Secretaria Auton\u00f3mica de Sanidad durante su visita al hospital.\" width=\"300\" height=\"199\" srcset=\"https:\/\/www.tucomarca.com\/wordpress\/segunda\/wp-content\/uploads\/2012\/08\/20812reanimacion-300x199.jpg 300w, https:\/\/www.tucomarca.com\/wordpress\/segunda\/wp-content\/uploads\/2012\/08\/20812reanimacion-1024x682.jpg 1024w, https:\/\/www.tucomarca.com\/wordpress\/segunda\/wp-content\/uploads\/2012\/08\/20812reanimacion.jpg 1969w\" sizes=\"auto, (max-width: 300px) 100vw, 300px\" \/><\/a><figcaption id=\"caption-attachment-6611\" class=\"wp-caption-text\">La Secretaria Auton\u00f3mica de Sanidad durante su visita al hospital.<\/figcaption><\/figure>\n<p>La secretaria auton\u00f3mica de Sanidad, Nela Garc\u00eda Reboll, ha visitado esta ma\u00f1ana el nuevo servicio de reanimaci\u00f3n postquir\u00fargica del Hospital de Manises. Se prev\u00e9 que gracias a la incorporaci\u00f3n de esta unidad el centro atender\u00e1 anualmente a 600 pacientes que, tras someterse a una cirug\u00eda compleja, requieren de una atenci\u00f3n continuada con cuidados espec\u00edficos avanzados. Las instalaciones de la REA se distribuyen en 165 metros cuadros dotados con la \u00faltima tecnolog\u00eda y han supuesto una inversi\u00f3n de 250.000 euros.<\/p>\n<p>La nueva sala, ubicada en la tercera planta del centro hospitalario,\u00a0 cuenta con cuatro boxes de reanimaci\u00f3n y ofrece un seguimiento continuado las 24 horas durante los d\u00edas siguientes a la operaci\u00f3n, con un m\u00e1ximo estimado de permanencia de 72 horas.<\/p>\n<p>Nela Garc\u00eda ha visitado las instalaciones acompa\u00f1ada por el director asistencial del Hospital de Manises, Carlos Rodrigo, la directora de enfermer\u00eda del centro, Mamen Barber\u00e1, la comisionada, Pilar Viedma, y la jefa del Servicio de Anestesia y responsable de la nueva unidad m\u00e9dica, Eva Romero. Durante el recorrido, ha conocido de primera mano las instalaciones, el equipamiento tecnol\u00f3gico y se ha interesado por los cuidados espec\u00edficos que requieren estos pacientes.<\/p>\n<p>Seg\u00fan ha destacado Nela Garc\u00eda, \u201ccon esta nueva dotaci\u00f3n adem\u00e1s de aumentar el n\u00famero de camas para pacientes cr\u00edticos, el centro especializa m\u00e1s su oferta, al destinar espacios espec\u00edficos en funci\u00f3n de si se trata de pacientes cr\u00edticos de car\u00e1cter m\u00e9dico, de car\u00e1cter quir\u00fargico o pedi\u00e1tricos\u201d. Y es que con esta nueva dotaci\u00f3n el centro dispondr\u00e1 de 15 camas para este tipo de pacientes repartidas entre la UCI, la Unidad de Cuidados Intermedios pedi\u00e1tricos y la nueva REA.<\/p>\n<p>Por su parte, Carlos Rodrigo ha destacado que \u201cla REA se ha creado debido al incremento de actividad quir\u00fargica en el centro. Hemos incorporado especialidades como Cirug\u00eda Cardiaca, Neurocirug\u00eda y Cirug\u00eda Tor\u00e1cica a la cartera de servicios del Hospital y por tanto ha aumentado considerablemente el n\u00famero de pacientes que se someten a cirug\u00edas complejas y que precisan de cuidados continuados\u201d. En este sentido, seg\u00fan ha se\u00f1alado Rodrigo, \u201cEste a\u00f1o seguimos creciendo tal como indican los datos. Entre enero y junio hemos realizado 9.098 intervenciones, esto es un 14.7% m\u00e1s que en el mismo periodo de 2011, con lo cual esperamos que esta nueva unidad tendr\u00e1 cada vez mayor ocupaci\u00f3n\u201d.<\/p>\n<p><strong>Cuidados espec\u00edficos y seguimiento continuado<\/strong><\/p>\n<p>Eva Romero ha explicado a la secretaria auton\u00f3mica de Sanitat el nuevo protocolo de atenci\u00f3n a estos pacientes. \u201cHasta ahora este tipo de casos eran atendidos por la UCI (Unidad de Cuidados Intensivos). A partir de ahora y debido al incremento de intervenciones quir\u00fargicas complejas, estos pacientes tendr\u00e1n una atenci\u00f3n continuada, con monitorizaci\u00f3n y cuidados espec\u00edficos en el postoperatorio inmediato\u201d, seg\u00fan ha se\u00f1alado Romero.<\/p>\n<p>La unidad cuenta con un equipo interdisciplinar de alta cualificaci\u00f3n y la \u00faltima generaci\u00f3n de tecnolog\u00eda para el seguimiento intensivo. As\u00ed pues el equipo de especialistas que componen esta unidad liderada por Romero lo componen m\u00e9dicos anestesistas, enfermeras y auxiliares con una formaci\u00f3n espec\u00edfica para el seguimiento de estos pacientes. As\u00ed, la incorporaci\u00f3n de la REA a la cartera de servicios de Manises supone un aumento de la oferta de cuidados cr\u00edticos postquir\u00fargicos, as\u00ed como la mejora en la atenci\u00f3n continuada a los pacientes que son sometidos a intervenciones\u00a0 de mayor complejidad como son la cirug\u00eda cardiaca, cirug\u00eda vascular, cirug\u00eda general, etc.<\/p>\n<p><strong>Equipamiento<\/strong><\/p>\n<p>La nueva REA ha sido dotada con cuatro boxes individuales, provistos de un sistema de separaci\u00f3n herm\u00e9tico para mantener aislados a los pacientes y de un completo equipamiento entre los que se cuentan seis respiradores, seis monitores y el equipo de anestesistas, enfermeras y auxiliares que trabajar\u00e1n a diario para atender a los 600 pacientes postquir\u00fargicos cr\u00edticos que trata el centro cada a\u00f1o.<\/p>\n","protected":false},"excerpt":{"rendered":"<div class=\"mh-excerpt\">La secretaria auton\u00f3mica de Sanidad, Nela Garc\u00eda Reboll, ha visitado esta ma\u00f1ana el nuevo servicio de reanimaci\u00f3n postquir\u00fargica del Hospital de Manises. Se prev\u00e9 que gracias a la incorporaci\u00f3n de esta unidad el centro atender\u00e1 <a class=\"mh-excerpt-more\" href=\"https:\/\/www.tucomarca.com\/wordpress\/segunda\/el-hospital-de-manises-atendera-600-postoperatorios-criticos-con-la-incorporacion-de-su-nuevo-servicio-de-reanimacion\/\" title=\"El Hospital de Manises atender\u00e1 600 postoperatorios cr\u00edticos con la incorporaci\u00f3n de su nuevo servicio de reanimaci\u00f3n\">[+] <\/a><\/div>\n","protected":false},"author":1,"featured_media":6611,"comment_status":"open","ping_status":"open","sticky":false,"template":"","format":"standard","meta":{"footnotes":""},"categories":[119,8,10,42,3,45],"tags":[],"class_list":{"0":"post-6610","1":"post","2":"type-post","3":"status-publish","4":"format-standard","5":"has-post-thumbnail","7":"category-sanidad-la-comarca","8":"category-la-comarca","9":"category-la-hoya","10":"category-la-ribera","11":"category-seccion","12":"category-ventana"},"_links":{"self":[{"href":"https:\/\/www.tucomarca.com\/wordpress\/segunda\/wp-json\/wp\/v2\/posts\/6610","targetHints":{"allow":["GET"]}}],"collection":[{"href":"https:\/\/www.tucomarca.com\/wordpress\/segunda\/wp-json\/wp\/v2\/posts"}],"about":[{"href":"https:\/\/www.tucomarca.com\/wordpress\/segunda\/wp-json\/wp\/v2\/types\/post"}],"author":[{"embeddable":true,"href":"https:\/\/www.tucomarca.com\/wordpress\/segunda\/wp-json\/wp\/v2\/users\/1"}],"replies":[{"embeddable":true,"href":"https:\/\/www.tucomarca.com\/wordpress\/segunda\/wp-json\/wp\/v2\/comments?post=6610"}],"version-history":[{"count":0,"href":"https:\/\/www.tucomarca.com\/wordpress\/segunda\/wp-json\/wp\/v2\/posts\/6610\/revisions"}],"wp:featuredmedia":[{"embeddable":true,"href":"https:\/\/www.tucomarca.com\/wordpress\/segunda\/wp-json\/wp\/v2\/media\/6611"}],"wp:attachment":[{"href":"https:\/\/www.tucomarca.com\/wordpress\/segunda\/wp-json\/wp\/v2\/media?parent=6610"}],"wp:term":[{"taxonomy":"category","embeddable":true,"href":"https:\/\/www.tucomarca.com\/wordpress\/segunda\/wp-json\/wp\/v2\/categories?post=6610"},{"taxonomy":"post_tag","embeddable":true,"href":"https:\/\/www.tucomarca.com\/wordpress\/segunda\/wp-json\/wp\/v2\/tags?post=6610"}],"curies":[{"name":"wp","href":"https:\/\/api.w.org\/{rel}","templated":true}]}}