{"id":66204,"date":"2018-02-21T21:02:20","date_gmt":"2018-02-21T19:02:20","guid":{"rendered":"http:\/\/www.tucomarca.com\/wordpress\/segunda\/?p=66204"},"modified":"2018-02-21T21:02:20","modified_gmt":"2018-02-21T19:02:20","slug":"la-diputacio-invertira-enguany-20-milions-deuros-a-la-ribera","status":"publish","type":"post","link":"https:\/\/www.tucomarca.com\/wordpress\/segunda\/la-diputacio-invertira-enguany-20-milions-deuros-a-la-ribera\/","title":{"rendered":"La Diputaci\u00f3 invertir\u00e0 enguany 20 milions d&#8217;euros a la Ribera"},"content":{"rendered":"<figure id=\"attachment_66205\" aria-describedby=\"caption-attachment-66205\" style=\"width: 1600px\" class=\"wp-caption alignnone\"><img loading=\"lazy\" decoding=\"async\" class=\"size-full wp-image-66205\" src=\"https:\/\/www.tucomarca.com\/wordpress\/segunda\/wp-content\/uploads\/2018\/02\/RiberaDipu.jpeg\" alt=\"Jorge Rodr\u00edguez al costat de l'alcaldessa d'Algemes\u00ed, Marta Trenzano, i el diputat d'Hisenda, Toni Gaspar.\" width=\"1600\" height=\"1200\" srcset=\"https:\/\/www.tucomarca.com\/wordpress\/segunda\/wp-content\/uploads\/2018\/02\/RiberaDipu.jpeg 1600w, https:\/\/www.tucomarca.com\/wordpress\/segunda\/wp-content\/uploads\/2018\/02\/RiberaDipu-300x225.jpeg 300w, https:\/\/www.tucomarca.com\/wordpress\/segunda\/wp-content\/uploads\/2018\/02\/RiberaDipu-768x576.jpeg 768w, https:\/\/www.tucomarca.com\/wordpress\/segunda\/wp-content\/uploads\/2018\/02\/RiberaDipu-1024x768.jpeg 1024w\" sizes=\"auto, (max-width: 1600px) 100vw, 1600px\" \/><figcaption id=\"caption-attachment-66205\" class=\"wp-caption-text\">Jorge Rodr\u00edguez al costat de l&#8217;alcaldessa d&#8217;Algemes\u00ed, Marta Trenzano, i el diputat d&#8217;Hisenda, Toni Gaspar.<\/figcaption><\/figure>\n<p>La\u00a0Diputaci\u00f3\u00a0de Val\u00e8ncia ha invertit una mica m\u00e9s de 67 milions d&#8217;euros en La Ribera en els poc m\u00e9s de dos anys i mig que portem de legislatura. D&#8217;aquesta quantitat, al voltant de 20 milions d&#8217;euros es convertiran en obres i serveis que s&#8217;executaran durant el present any en les dos Riberes, en concret 14,5 milions en els municipis de l&#8217;Alta i 5,6 milions en els de la Ribera Baixa.<br \/>\nAix\u00ed ho ha anunciat el president, Jorge Rodr\u00edguez, durant la presentaci\u00f3 del Pressupost de la corporaci\u00f3 per a 2018 a Algemes\u00ed, acompanyat pel diputat d&#8217;Hisenda, Toni Gaspar, la diputada d&#8217;Assesorament Municipal, Conxa Garc\u00eda i l&#8217;alcaldessa, Marta\u00a0Trenzano, que ha agra\u00eft a la\u00a0Diputaci\u00f3\u00a0els 3 milions d&#8217;euros rebuts pel municipi en ajudes directes en la present legislatura.<\/p>\n<p>En l&#8217;\u00e0mbit comarcal, la corporaci\u00f3 que presideix Jorge Rodr\u00edguez ha duplicat les inversions en La Ribera. Dels 25 milions que va destinar la\u00a0Diputaci\u00f3\u00a0a les dos Riberes entre 2014 i 2015 s&#8217;ha passat als 44,6 milions d&#8217;euros aportats entre 2016 i 2017, als quals caldria afegir altres actuacions com la millora de carreteres, on s&#8217;han executat projectes per un valor de 4 milions d&#8217;euros.<\/p>\n<p>Rodr\u00edguez s&#8217;ha centrat en les inversions previstes en la comarca per a enguany, amb m\u00e9s de 12 milions del Pla d&#8217;Obres i Serveis (SOM); 3,7 milions del Fons de Cooperaci\u00f3 Municipal; una mica m\u00e9s de 2 milions del Pla de Camins i Vials; 1,2 milions del Pla d&#8217;Ocupaci\u00f3 i 900.000 euros en ajudes per a cobrir danys causats per la pluja.<\/p>\n<p>En paraules del president de la\u00a0Diputaci\u00f3, \u201caquestes inversions consoliden les l\u00ednies mestres d&#8217;un pressupost dirigit a les persones, en el qual s&#8217;han incrementat les ajudes directes als ajuntaments per a dotar als municipis del finan\u00e7ament necessari per a exercir la seua autonomia, una autonomia local que \u00e9s l&#8217;eix central de la gesti\u00f3 de la\u00a0Diputaci\u00f3\u201d.<\/p>\n<p>Per la seua banda, el titular d&#8217;Hisenda, Toni Gaspar, ha destacat el car\u00e0cter social dels pressupostos d&#8217;enguany, en els quals a m\u00e9s \u201cs&#8217;ha aconseguit agilitar la tramitaci\u00f3 de les ajudes, s&#8217;ha augmentat la transpar\u00e8ncia amb el primer pla estrat\u00e8gic de subvencions de la hist\u00f2ria de la\u00a0Diputaci\u00f3\u00a0i s&#8217;ha eliminat burocr\u00e0cia, amb l&#8217;objectiu que les transfer\u00e8ncies puguen arribar als ajuntaments en el primer trimestre de l&#8217;any\u201d.<\/p>\n<p><strong>Es dupliquen les ajudes\u00a0<\/strong><\/p>\n<p>Entre les ajudes de la corporaci\u00f3 rebudes per la Ribera Alta i la Ribera Baixa, destaquen els 17,6 milions d&#8217;euros procedents dels plans d&#8217;Inversions Financerament Sostenibles (IFS), \u201camb els quals s&#8217;han engegat centenars d&#8217;obres que han millorat carrers, xarxes d&#8217;aigua potable, edificis p\u00fablics, zones verdes o instal\u00b7lacions esportives en els municipis de la comarca, i que de no haver-se destinat a aquesta fi haurien acabat en els bancs\u201d, ha explicat Rodr\u00edguez.<\/p>\n<p>Una altra de les grans l\u00ednies d&#8217;inversi\u00f3 \u00e9s el Pla de Serveis i Obres Municipals (SOM), l&#8217;antic\u00a0PPOS, que ha deixat en les dos Riberes 25 milions d&#8217;euros, incloent les inversions previstes en el present exercici. Aquesta quantitat duplica la dotaci\u00f3 del\u00a0PPOS\u00a0per a la comarca en l&#8217;anterior legislatura, com succeeix en les ajudes per a restauraci\u00f3 de Patrimoni, que han passat de 314.000 euros en el per\u00edode 2014-2015 a 684.000 euros entre 2016 i 2017.\u00a0 Finalment, en l&#8217;apartat de carreteres, l&#8217;\u00e0rea que dirigeix Pablo Segu\u00ed ha invertit una mica m\u00e9s de 4 milions d&#8217;euros en projectes de millora de la seguretat vial ja executats en ambdues Riberes, com el condicionament de la CV-555 i la seua intersecci\u00f3 amb la CV-560 fins a Sellent o la connexi\u00f3 per als vianants entre el\u00a0Mareny\u00a0de\u00a0Barraquetes\u00a0i el C\u00e0mping Les\u00a0Palmeretes. cal sumar altres 3,7 milions d&#8217;euros en projectes que actualment es troben en execuci\u00f3 tant en la Ribera Alta com en la Ribera Baixa, com la rehabilitaci\u00f3 del pont Alfonso XIII a Fortaleny o la travessia del pol\u00edgon industrial a Alzira, en la CV-505.<\/p>\n","protected":false},"excerpt":{"rendered":"<div class=\"mh-excerpt\">La\u00a0Diputaci\u00f3\u00a0de Val\u00e8ncia ha invertit una mica m\u00e9s de 67 milions d&#8217;euros en La Ribera en els poc m\u00e9s de dos anys i mig que portem de legislatura. D&#8217;aquesta quantitat, al voltant de 20 milions d&#8217;euros <a class=\"mh-excerpt-more\" href=\"https:\/\/www.tucomarca.com\/wordpress\/segunda\/la-diputacio-invertira-enguany-20-milions-deuros-a-la-ribera\/\" title=\"La Diputaci\u00f3 invertir\u00e0 enguany 20 milions d&#8217;euros a la Ribera\">[+] <\/a><\/div>\n","protected":false},"author":1,"featured_media":66205,"comment_status":"open","ping_status":"open","sticky":false,"template":"","format":"standard","meta":{"footnotes":""},"categories":[99,128,8,72,42,3,45],"tags":[204,10412,3640],"class_list":{"0":"post-66204","1":"post","2":"type-post","3":"status-publish","4":"format-standard","5":"has-post-thumbnail","7":"category-algemesi","8":"category-infraestructuras","9":"category-la-comarca","10":"category-sin-categorizar","11":"category-la-ribera","12":"category-seccion","13":"category-ventana","14":"tag-diputacion","15":"tag-infraestructuras","16":"tag-la-ribera-alta"},"_links":{"self":[{"href":"https:\/\/www.tucomarca.com\/wordpress\/segunda\/wp-json\/wp\/v2\/posts\/66204","targetHints":{"allow":["GET"]}}],"collection":[{"href":"https:\/\/www.tucomarca.com\/wordpress\/segunda\/wp-json\/wp\/v2\/posts"}],"about":[{"href":"https:\/\/www.tucomarca.com\/wordpress\/segunda\/wp-json\/wp\/v2\/types\/post"}],"author":[{"embeddable":true,"href":"https:\/\/www.tucomarca.com\/wordpress\/segunda\/wp-json\/wp\/v2\/users\/1"}],"replies":[{"embeddable":true,"href":"https:\/\/www.tucomarca.com\/wordpress\/segunda\/wp-json\/wp\/v2\/comments?post=66204"}],"version-history":[{"count":0,"href":"https:\/\/www.tucomarca.com\/wordpress\/segunda\/wp-json\/wp\/v2\/posts\/66204\/revisions"}],"wp:featuredmedia":[{"embeddable":true,"href":"https:\/\/www.tucomarca.com\/wordpress\/segunda\/wp-json\/wp\/v2\/media\/66205"}],"wp:attachment":[{"href":"https:\/\/www.tucomarca.com\/wordpress\/segunda\/wp-json\/wp\/v2\/media?parent=66204"}],"wp:term":[{"taxonomy":"category","embeddable":true,"href":"https:\/\/www.tucomarca.com\/wordpress\/segunda\/wp-json\/wp\/v2\/categories?post=66204"},{"taxonomy":"post_tag","embeddable":true,"href":"https:\/\/www.tucomarca.com\/wordpress\/segunda\/wp-json\/wp\/v2\/tags?post=66204"}],"curies":[{"name":"wp","href":"https:\/\/api.w.org\/{rel}","templated":true}]}}