{"id":6625,"date":"2012-08-21T13:32:10","date_gmt":"2012-08-21T11:32:10","guid":{"rendered":"http:\/\/www.tucomarca.com\/wordpress\/segunda\/?p=6625"},"modified":"2012-08-21T13:37:16","modified_gmt":"2012-08-21T11:37:16","slug":"macastre-celebra-este-domingo-una-marcha-solidaria-de-mountain-bike-cuya-recaudacion-ayudara-a-repoblar-los-montes-quemados","status":"publish","type":"post","link":"https:\/\/www.tucomarca.com\/wordpress\/segunda\/macastre-celebra-este-domingo-una-marcha-solidaria-de-mountain-bike-cuya-recaudacion-ayudara-a-repoblar-los-montes-quemados\/","title":{"rendered":"Macastre celebra este domingo una marcha solidaria de Mountain bike cuya recaudaci\u00f3n ayudar\u00e1 a repoblar los montes quemados"},"content":{"rendered":"<p><figure id=\"attachment_6626\" aria-describedby=\"caption-attachment-6626\" style=\"width: 300px\" class=\"wp-caption alignleft\"><a href=\"https:\/\/www.tucomarca.com\/wordpress\/segunda\/?attachment_id=6626\" rel=\"attachment wp-att-6626\"><img loading=\"lazy\" decoding=\"async\" src=\"https:\/\/www.tucomarca.com\/wordpress\/segunda\/wp-content\/uploads\/2012\/08\/bannerxmarcha3_0-300x118.jpg\" alt=\"\" title=\"bannerxmarcha3_0\" width=\"300\" height=\"118\" class=\"size-medium wp-image-6626\" srcset=\"https:\/\/www.tucomarca.com\/wordpress\/segunda\/wp-content\/uploads\/2012\/08\/bannerxmarcha3_0-300x118.jpg 300w, https:\/\/www.tucomarca.com\/wordpress\/segunda\/wp-content\/uploads\/2012\/08\/bannerxmarcha3_0.jpg 810w\" sizes=\"auto, (max-width: 300px) 100vw, 300px\" \/><\/a><figcaption id=\"caption-attachment-6626\" class=\"wp-caption-text\">Cartel anunciador de la prueba. tc.c<\/figcaption><\/figure>Este domingo, d\u00eda 26, se celebrar\u00e1 en la localidad de Macastre la X Marcha de Mountain Bike que consta de una distancia de 38 kil\u00f3metros y con marcado car\u00e1cter solidario. No en vano, parte de la recaudaci\u00f3n de este evento deportivo servir\u00e1 para ayudar en la repoblaci\u00f3n de los montes del t\u00e9rmino municipal quemados semanas atr\u00e1s en el incendio de Cortes de Pall\u00e1s.<br \/>\nComo se ha detallado desde el consistorio, las inscripciones podr\u00e1n formalizarse hasta el 24 de agosto, siendo obligatorio haber cumplido los 16 a\u00f1os. Adem\u00e1s, en esta edici\u00f3n de 2012 habr\u00e1 trofeos para el corredor m\u00e1s joven, para la f\u00e9mina m\u00e1s joven, el participantes m\u00e1s veterano y la f\u00e9mina m\u00e1s veterana, para el club m\u00e1s numeroso y el corredor cuyo lugar de origen est\u00e9 m\u00e1s alejado. Tambi\u00e9n se entragar\u00e1n diplomas a cada uno de los deportistas con el tiempo realizado.<br \/>\nEn palabra de la alcaldesa de la poblaci\u00f3n, M\u00aa Jos\u00e9 Casero, \u00abesta va a ser una oportunidad para que aquellas personas que nos visiten oberven el aspecto real en el que ha quedado nuestro t\u00e9rmino, implic\u00e1ndose en el proyecto de recuperaci\u00f3n. Adem\u00e1s, tambi\u00e9n va a servir para que todos nos concienciemos de la necesidad de contar con un entorno verde y del que podamos disfrutar en el futuro\u00bb.<br \/>\nLa salida de la prueba est\u00e1 prevista para las 9 horas desde la Plaza de los \u00c1rboles.<\/p>\n","protected":false},"excerpt":{"rendered":"<div class=\"mh-excerpt\">Este domingo, d\u00eda 26, se celebrar\u00e1 en la localidad de Macastre la X Marcha de Mountain Bike que consta de una distancia de 38 kil\u00f3metros y con marcado car\u00e1cter solidario. No en vano, parte de <a class=\"mh-excerpt-more\" href=\"https:\/\/www.tucomarca.com\/wordpress\/segunda\/macastre-celebra-este-domingo-una-marcha-solidaria-de-mountain-bike-cuya-recaudacion-ayudara-a-repoblar-los-montes-quemados\/\" title=\"Macastre celebra este domingo una marcha solidaria de Mountain bike cuya recaudaci\u00f3n ayudar\u00e1 a repoblar los montes quemados\">[+] <\/a><\/div>\n","protected":false},"author":2,"featured_media":6626,"comment_status":"open","ping_status":"open","sticky":false,"template":"","format":"standard","meta":{"footnotes":""},"categories":[173,6,10,13,3],"tags":[405],"class_list":{"0":"post-6625","1":"post","2":"type-post","3":"status-publish","4":"format-standard","5":"has-post-thumbnail","7":"category-ciclismo","8":"category-deportes","9":"category-la-hoya","10":"category-macastre","11":"category-seccion","12":"tag-mountain-bike"},"_links":{"self":[{"href":"https:\/\/www.tucomarca.com\/wordpress\/segunda\/wp-json\/wp\/v2\/posts\/6625","targetHints":{"allow":["GET"]}}],"collection":[{"href":"https:\/\/www.tucomarca.com\/wordpress\/segunda\/wp-json\/wp\/v2\/posts"}],"about":[{"href":"https:\/\/www.tucomarca.com\/wordpress\/segunda\/wp-json\/wp\/v2\/types\/post"}],"author":[{"embeddable":true,"href":"https:\/\/www.tucomarca.com\/wordpress\/segunda\/wp-json\/wp\/v2\/users\/2"}],"replies":[{"embeddable":true,"href":"https:\/\/www.tucomarca.com\/wordpress\/segunda\/wp-json\/wp\/v2\/comments?post=6625"}],"version-history":[{"count":0,"href":"https:\/\/www.tucomarca.com\/wordpress\/segunda\/wp-json\/wp\/v2\/posts\/6625\/revisions"}],"wp:featuredmedia":[{"embeddable":true,"href":"https:\/\/www.tucomarca.com\/wordpress\/segunda\/wp-json\/wp\/v2\/media\/6626"}],"wp:attachment":[{"href":"https:\/\/www.tucomarca.com\/wordpress\/segunda\/wp-json\/wp\/v2\/media?parent=6625"}],"wp:term":[{"taxonomy":"category","embeddable":true,"href":"https:\/\/www.tucomarca.com\/wordpress\/segunda\/wp-json\/wp\/v2\/categories?post=6625"},{"taxonomy":"post_tag","embeddable":true,"href":"https:\/\/www.tucomarca.com\/wordpress\/segunda\/wp-json\/wp\/v2\/tags?post=6625"}],"curies":[{"name":"wp","href":"https:\/\/api.w.org\/{rel}","templated":true}]}}