{"id":6632,"date":"2012-08-21T14:22:14","date_gmt":"2012-08-21T12:22:14","guid":{"rendered":"http:\/\/www.tucomarca.com\/wordpress\/segunda\/?p=6632"},"modified":"2012-08-21T14:22:14","modified_gmt":"2012-08-21T12:22:14","slug":"el-departamento-de-salud-de-requena-aconseja-seguir-las-recomendaciones-sanitarias-durante-las-fiestas","status":"publish","type":"post","link":"https:\/\/www.tucomarca.com\/wordpress\/segunda\/el-departamento-de-salud-de-requena-aconseja-seguir-las-recomendaciones-sanitarias-durante-las-fiestas\/","title":{"rendered":"El Departamento de salud de Requena aconseja seguir las recomendaciones sanitarias durante las fiestas"},"content":{"rendered":"<p>La  Fiesta de la Vendimia, que se celebra este a\u00f1o del 22 de agosto al 2 de  septiembre, se ha convertido en fecha clave para los habitantes de la  zona de Requena.<\/p>\n<p>Por este motivo, el Departamento de salud de Requena recuerda  la importancia de respetar las recomendaciones sanitarias para disfrutar  de las celebraciones sin incidentes: \u00abDurante las fiestas se produce un  incremento en el n\u00famero de visitas a urgencias; la gran mayor\u00eda son  intoxicaciones et\u00edlicas y politraumatismos producidos por ca\u00eddas o  agresiones\u00bb, se\u00f1ala Marisa de Reynoso, gerente del Departamento.<\/p>\n<p>Para evitar accidentes se aconseja moderar el consumo de  alcohol, uno de los mayores factores de riesgo en estas fiestas, y no  conducir bajo sus efectos. \u00abEs una de las principales causas de  accidente. Por ello recomendamos desplazarse a pie o utilizar el  transporte p\u00fablico\u00bb, apuntan.<\/p>\n<p>Los expertos alertan tambi\u00e9n del peligro que conlleva mezclar  medicamentos con alcohol ya que puede traer consecuencias tanto  emocionales (irritabilidad, comportamiento irresponsable\u0085) como f\u00edsicas.  Los ojos enrojecidos, la subida de la presi\u00f3n arterial o fatiga son  algunos de los efectos secundarios.<\/p>\n<p>\u00abDesde el Departamento les deseamos que disfruten de las  fiestas, velando como cada d\u00eda para que tengan la mejor asistencia  sanitaria posible\u00bb, se\u00f1ala Marisa de Reynoso.<\/p>\n<p><strong>Efectos del alcohol <\/strong><\/p>\n<p>Efectos psicol\u00f3gicos:\tEfectos fisiol\u00f3gicos:<\/p>\n<p>Dependiendo de la dosis:<\/p>\n<p>&#8211; Desinhibici\u00f3n<br \/>\n&#8211; Euforia<br \/>\n&#8211; Dificultades para hablar<br \/>\n&#8211; Dificultad para asociar ideas<br \/>\n&#8211; Descoordinaci\u00f3n motora<\/p>\n<p><strong>Seg\u00fan la cantidad de alcohol en sangre: <\/strong><\/p>\n<p>&#8211; 0,5 g\/l: euforia, sobrevaloraci\u00f3n de facultades y disminuci\u00f3n de reflejos.<br \/>\n&#8211; 1 g\/l: desinhibici\u00f3n y dificultades para hablar y coordinar movimientos.<br \/>\n&#8211; 1,5 g\/l: embriaguez con p\u00e9rdida del control de las facultades superiores.<br \/>\n&#8211; 2 g\/l: descoordinaci\u00f3n del habla y de la marcha y visi\u00f3n doble.<br \/>\n&#8211; 3 g\/l: estado de apat\u00eda y somnolencia.<br \/>\n&#8211; 4 g\/l: coma.<br \/>\n&#8211; 5 g\/l: muerte por par\u00e1lisis de los centros respiratorio y vasomotor.<\/p>\n","protected":false},"excerpt":{"rendered":"<div class=\"mh-excerpt\">La Fiesta de la Vendimia, que se celebra este a\u00f1o del 22 de agosto al 2 de septiembre, se ha convertido en fecha clave para los habitantes de la zona de Requena. Por este motivo, <a class=\"mh-excerpt-more\" href=\"https:\/\/www.tucomarca.com\/wordpress\/segunda\/el-departamento-de-salud-de-requena-aconseja-seguir-las-recomendaciones-sanitarias-durante-las-fiestas\/\" title=\"El Departamento de salud de Requena aconseja seguir las recomendaciones sanitarias durante las fiestas\">[+] <\/a><\/div>\n","protected":false},"author":1,"featured_media":0,"comment_status":"open","ping_status":"open","sticky":false,"template":"","format":"standard","meta":{"footnotes":""},"categories":[119,8,27,3],"tags":[],"class_list":{"0":"post-6632","1":"post","2":"type-post","3":"status-publish","4":"format-standard","6":"category-sanidad-la-comarca","7":"category-la-comarca","8":"category-requena-utiel","9":"category-seccion"},"_links":{"self":[{"href":"https:\/\/www.tucomarca.com\/wordpress\/segunda\/wp-json\/wp\/v2\/posts\/6632","targetHints":{"allow":["GET"]}}],"collection":[{"href":"https:\/\/www.tucomarca.com\/wordpress\/segunda\/wp-json\/wp\/v2\/posts"}],"about":[{"href":"https:\/\/www.tucomarca.com\/wordpress\/segunda\/wp-json\/wp\/v2\/types\/post"}],"author":[{"embeddable":true,"href":"https:\/\/www.tucomarca.com\/wordpress\/segunda\/wp-json\/wp\/v2\/users\/1"}],"replies":[{"embeddable":true,"href":"https:\/\/www.tucomarca.com\/wordpress\/segunda\/wp-json\/wp\/v2\/comments?post=6632"}],"version-history":[{"count":0,"href":"https:\/\/www.tucomarca.com\/wordpress\/segunda\/wp-json\/wp\/v2\/posts\/6632\/revisions"}],"wp:attachment":[{"href":"https:\/\/www.tucomarca.com\/wordpress\/segunda\/wp-json\/wp\/v2\/media?parent=6632"}],"wp:term":[{"taxonomy":"category","embeddable":true,"href":"https:\/\/www.tucomarca.com\/wordpress\/segunda\/wp-json\/wp\/v2\/categories?post=6632"},{"taxonomy":"post_tag","embeddable":true,"href":"https:\/\/www.tucomarca.com\/wordpress\/segunda\/wp-json\/wp\/v2\/tags?post=6632"}],"curies":[{"name":"wp","href":"https:\/\/api.w.org\/{rel}","templated":true}]}}