{"id":66451,"date":"2018-02-25T15:25:44","date_gmt":"2018-02-25T13:25:44","guid":{"rendered":"http:\/\/www.tucomarca.com\/wordpress\/segunda\/?p=66451"},"modified":"2018-02-25T15:25:44","modified_gmt":"2018-02-25T13:25:44","slug":"ximo-puig-anima-a-la-nueva-ejecutiva-de-la-hoya-liderada-por-lucas-ferrando-a-trabajar-con-fuerza-y-ambicion-para-hacer-del-pspv-el-partido-mayoritario-en-la-sociedad-valenciana","status":"publish","type":"post","link":"https:\/\/www.tucomarca.com\/wordpress\/segunda\/ximo-puig-anima-a-la-nueva-ejecutiva-de-la-hoya-liderada-por-lucas-ferrando-a-trabajar-con-fuerza-y-ambicion-para-hacer-del-pspv-el-partido-mayoritario-en-la-sociedad-valenciana\/","title":{"rendered":"Ximo Puig anima a la nueva ejecutiva de La Hoya liderada por Lucas Ferrando a \u00abtrabajar con fuerza y ambici\u00f3n para hacer del PSPV el partido mayoritario en la sociedad valenciana\u00bb"},"content":{"rendered":"<figure id=\"attachment_66457\" aria-describedby=\"caption-attachment-66457\" style=\"width: 1600px\" class=\"wp-caption alignnone\"><img loading=\"lazy\" decoding=\"async\" class=\"size-full wp-image-66457\" src=\"https:\/\/www.tucomarca.com\/wordpress\/segunda\/wp-content\/uploads\/2018\/02\/00PSOEXimo.jpg\" alt=\"El Secretario General del PSPV-PSOE junto a alcaldes ya alcaldesas del PSPV-PSOE de La Hoya de Bu\u00f1ol-Chiva tras el congreso.\" width=\"1600\" height=\"1200\" srcset=\"https:\/\/www.tucomarca.com\/wordpress\/segunda\/wp-content\/uploads\/2018\/02\/00PSOEXimo.jpg 1600w, https:\/\/www.tucomarca.com\/wordpress\/segunda\/wp-content\/uploads\/2018\/02\/00PSOEXimo-300x225.jpg 300w, https:\/\/www.tucomarca.com\/wordpress\/segunda\/wp-content\/uploads\/2018\/02\/00PSOEXimo-768x576.jpg 768w, https:\/\/www.tucomarca.com\/wordpress\/segunda\/wp-content\/uploads\/2018\/02\/00PSOEXimo-1024x768.jpg 1024w\" sizes=\"auto, (max-width: 1600px) 100vw, 1600px\" \/><figcaption id=\"caption-attachment-66457\" class=\"wp-caption-text\">El Secretario General del PSPV-PSOE junto a alcaldes ya alcaldesas del PSPV-PSOE de La Hoya de Bu\u00f1ol-Chiva tras el congreso.<\/figcaption><\/figure>\n<p>Alborache ha sido la localidad escogida para la celebraci\u00f3n del congreso comarcal de los socialistas de la comarca de La Hoya de Bu\u00f1ol-Chiva y al que ha asistido a su clausura el President de la Generalitat y secretario general del PSPV, Ximo Puig.<\/p>\n<p>Durante su intervenci\u00f3n el l\u00edder de los socialistas valencianos ha felicitado a la reci\u00e9n elegida ejecutiva as\u00ed como a su secretario general, Lucas Ferrando, a quien ha animado \u00aba trabajar con fuerza y ambici\u00f3n colectiva para hacer del PSPV el partido mayoritario en la sociedad valenciana\u00bb, seg\u00fan ha dicho.<\/p>\n<p>\u00abTenemos un proyecto que va m\u00e1s all\u00e1 de una legislatura\u00bb, ha explicado tras incidir en que los socialistas \u00abrepresentamos la fuerza pol\u00edtica con la que se identifican la mayor\u00eda de valencianos, somos su proyecto de vida, el de los valencianos que quieren justicia, que quieren una tierra pr\u00f3spera, que creen en el esfuerzo que solamente existe a trav\u00e9s de la igualdad de oportunidades\u00bb, ha remarcado Ximo Puig.<\/p>\n<figure id=\"attachment_66458\" aria-describedby=\"caption-attachment-66458\" style=\"width: 365px\" class=\"wp-caption alignleft\"><img loading=\"lazy\" decoding=\"async\" class=\" wp-image-66458\" src=\"https:\/\/www.tucomarca.com\/wordpress\/segunda\/wp-content\/uploads\/2018\/02\/01PSOEXImo.jpg\" alt=\"El Secretario General del PSPV-PSOE, Ximo Puig, durante su intervenci\u00f3n.\" width=\"365\" height=\"205\" srcset=\"https:\/\/www.tucomarca.com\/wordpress\/segunda\/wp-content\/uploads\/2018\/02\/01PSOEXImo.jpg 1328w, https:\/\/www.tucomarca.com\/wordpress\/segunda\/wp-content\/uploads\/2018\/02\/01PSOEXImo-300x169.jpg 300w, https:\/\/www.tucomarca.com\/wordpress\/segunda\/wp-content\/uploads\/2018\/02\/01PSOEXImo-768x432.jpg 768w, https:\/\/www.tucomarca.com\/wordpress\/segunda\/wp-content\/uploads\/2018\/02\/01PSOEXImo-1024x576.jpg 1024w\" sizes=\"auto, (max-width: 365px) 100vw, 365px\" \/><figcaption id=\"caption-attachment-66458\" class=\"wp-caption-text\">El Secretario General del PSPV-PSOE, Ximo Puig, durante su intervenci\u00f3n.<\/figcaption><\/figure>\n<p>El l\u00edder de los socialistas valencianos ha agradecido \u00abel esfuerzo de todos y la voluntad de di\u00e1logo y acuerdo para conseguir a trav\u00e9s de la celebraci\u00f3n de estos congresos un PSPV m\u00e1s fuerte.\u00a0Los congresos no pueden verse \u00fanicamente como debates org\u00e1nicos, sino que deben servir para poner de nuevo en el centro de nuestras prioridades las reivindiaciones, las necesidades y los valores de los ciudadanos y ciudadanas a los que representamos\u201d, ha continuado Ximo Puig antes de recordar que el objetivo de los congresos es el de \u00abser \u00fatiles a la ciudadan\u00eda\u00bb.<\/p>\n<p>Durante su intervenci\u00f3n el l\u00edder de los socialistas valencianos tambi\u00e9n se ha referido al car\u00e1cter municipalista y comarcalista del PSPV \u00abporque la pol\u00edtica municipal es la pol\u00edtica m\u00e1s aut\u00e9ntica\u00bb, ha destacado. \u00abEs la pol\u00edtica cercana la que permite que las realidades cotidianas mejores, la pol\u00edtica municipal es la pol\u00edtica que es m\u00e1s de verdad\u00bb, ha manifestado Puig al tiempo que ha recordado que el PSPV \u00abes un partido municipalista y comarcalista por razones hist\u00f3ricas pero adem\u00e1s porque ser municipalista y comarcalista tiene sentido de presente y de futuro\u00bb.<\/p>\n<p>Entre los logros alcanzados durante estos tres a\u00f1os de gobierno del Bot\u00e0nic, Ximo Puig ha destacado \u00abel esfuerzo de las Administraciones por colaborar entre s\u00ed y garantizar los derechos de los ciudadanos y como ejemplo ha citado la colaboraci\u00f3n entre la conseller\u00eda y el Ayuntamiento de Bu\u00f1ol que ha hecho realidad que hoy dispongan de una SAMU, una de las reclamaciones de la zona\u00bb.<\/p>\n<p>Del mismo modo ha recordado que gracias a\u00a0\u00abun gobierno honrado y responsable se ha conseguido cambiar el paradigma de la Comunitat.\u00a0Hemos acabado con el copago farmac\u00e9utico, estamos impulsando iniciativas para hacer realidad una educaci\u00f3n p\u00fablica y de calidad y en igualdad de oportunidades, hemos incrementado las partidas para becas un 36% y hemos garantizado un tratamiento a los m\u00e1s de 15.000 enfermos de Hepatitis C a los que el PP les neg\u00f3 un tratamiento\u00bb.<\/p>\n<figure id=\"attachment_66459\" aria-describedby=\"caption-attachment-66459\" style=\"width: 348px\" class=\"wp-caption alignright\"><img loading=\"lazy\" decoding=\"async\" class=\" wp-image-66459\" src=\"https:\/\/www.tucomarca.com\/wordpress\/segunda\/wp-content\/uploads\/2018\/02\/02PSOEXimo.jpg\" alt=\"El nuevo Secretario General del PSPV-PSOE en La Hoya, Lucas Ferrando, dirigi\u00f3 unas palabras a los asistentes tras su elecci\u00f3n.\" width=\"348\" height=\"261\" srcset=\"https:\/\/www.tucomarca.com\/wordpress\/segunda\/wp-content\/uploads\/2018\/02\/02PSOEXimo.jpg 1599w, https:\/\/www.tucomarca.com\/wordpress\/segunda\/wp-content\/uploads\/2018\/02\/02PSOEXimo-300x225.jpg 300w, https:\/\/www.tucomarca.com\/wordpress\/segunda\/wp-content\/uploads\/2018\/02\/02PSOEXimo-768x576.jpg 768w, https:\/\/www.tucomarca.com\/wordpress\/segunda\/wp-content\/uploads\/2018\/02\/02PSOEXimo-1024x768.jpg 1024w\" sizes=\"auto, (max-width: 348px) 100vw, 348px\" \/><figcaption id=\"caption-attachment-66459\" class=\"wp-caption-text\">El nuevo Secretario General del PSPV-PSOE en La Hoya, Lucas Ferrando, dirigi\u00f3 unas palabras a los asistentes tras su elecci\u00f3n.<\/figcaption><\/figure>\n<p>\u00abEstamos poniendo los pilares de una Comunitat socialmente avanzada\u00bb, ha puntualizado Puig quien ha puesto en valor el trabajo por reactivar la econom\u00eda valenciana\u00a0\u00abcon di\u00e1logo, honradez y estabilidad\u00bb. En este sentido ha recordado que los valencianos \u00abestamos avanzando a pesar de la injusticia de la infrafinanciaci\u00f3n e infrainversi\u00f3n a la que nos somete el gobierno de Rajoy\u00bb.<\/p>\n<p>\u00abCada d\u00eda sin que se reforme el sistema es un d\u00eda m\u00e1s que Rajoy miente a los valencianos y valencianas y por tanto es un d\u00eda m\u00e1s para reivindicar donde haga falta soluciones que no pueden esperar m\u00e1s\u00bb, ha sentenciado Ximo Puig.<\/p>\n","protected":false},"excerpt":{"rendered":"<div class=\"mh-excerpt\">Alborache ha sido la localidad escogida para la celebraci\u00f3n del congreso comarcal de los socialistas de la comarca de La Hoya de Bu\u00f1ol-Chiva y al que ha asistido a su clausura el President de la <a class=\"mh-excerpt-more\" href=\"https:\/\/www.tucomarca.com\/wordpress\/segunda\/ximo-puig-anima-a-la-nueva-ejecutiva-de-la-hoya-liderada-por-lucas-ferrando-a-trabajar-con-fuerza-y-ambicion-para-hacer-del-pspv-el-partido-mayoritario-en-la-sociedad-valenciana\/\" title=\"Ximo Puig anima a la nueva ejecutiva de La Hoya liderada por Lucas Ferrando a \u00abtrabajar con fuerza y ambici\u00f3n para hacer del PSPV el partido mayoritario en la sociedad valenciana\u00bb\">[+] <\/a><\/div>\n","protected":false},"author":1,"featured_media":66457,"comment_status":"open","ping_status":"open","sticky":false,"template":"","format":"standard","meta":{"footnotes":""},"categories":[19,18,17,16,15,14,8,72,10,13,142,10698,3,12,45,11],"tags":[10386,10385,339,10384,5952,2412,2972],"class_list":{"0":"post-66451","1":"post","2":"type-post","3":"status-publish","4":"format-standard","5":"has-post-thumbnail","7":"category-alborache","8":"category-bunol","9":"category-cheste","10":"category-chiva","11":"category-dos-aguas","12":"category-godelleta","13":"category-la-comarca","14":"category-sin-categorizar","15":"category-la-hoya","16":"category-macastre","17":"category-politica-la-comarca","18":"category-premsavalenciana","19":"category-seccion","20":"category-siete-aguas","21":"category-ventana","22":"category-yatova","23":"tag-alborache","24":"tag-bunol","25":"tag-cheste-2","26":"tag-chiva","27":"tag-la-hoya-de-bunol-chiva","28":"tag-pspv-psoe","29":"tag-ximo-puig"},"_links":{"self":[{"href":"https:\/\/www.tucomarca.com\/wordpress\/segunda\/wp-json\/wp\/v2\/posts\/66451","targetHints":{"allow":["GET"]}}],"collection":[{"href":"https:\/\/www.tucomarca.com\/wordpress\/segunda\/wp-json\/wp\/v2\/posts"}],"about":[{"href":"https:\/\/www.tucomarca.com\/wordpress\/segunda\/wp-json\/wp\/v2\/types\/post"}],"author":[{"embeddable":true,"href":"https:\/\/www.tucomarca.com\/wordpress\/segunda\/wp-json\/wp\/v2\/users\/1"}],"replies":[{"embeddable":true,"href":"https:\/\/www.tucomarca.com\/wordpress\/segunda\/wp-json\/wp\/v2\/comments?post=66451"}],"version-history":[{"count":0,"href":"https:\/\/www.tucomarca.com\/wordpress\/segunda\/wp-json\/wp\/v2\/posts\/66451\/revisions"}],"wp:featuredmedia":[{"embeddable":true,"href":"https:\/\/www.tucomarca.com\/wordpress\/segunda\/wp-json\/wp\/v2\/media\/66457"}],"wp:attachment":[{"href":"https:\/\/www.tucomarca.com\/wordpress\/segunda\/wp-json\/wp\/v2\/media?parent=66451"}],"wp:term":[{"taxonomy":"category","embeddable":true,"href":"https:\/\/www.tucomarca.com\/wordpress\/segunda\/wp-json\/wp\/v2\/categories?post=66451"},{"taxonomy":"post_tag","embeddable":true,"href":"https:\/\/www.tucomarca.com\/wordpress\/segunda\/wp-json\/wp\/v2\/tags?post=66451"}],"curies":[{"name":"wp","href":"https:\/\/api.w.org\/{rel}","templated":true}]}}