{"id":6647,"date":"2012-08-21T13:51:26","date_gmt":"2012-08-21T11:51:26","guid":{"rendered":"http:\/\/www.tucomarca.com\/wordpress\/segunda\/?p=6647"},"modified":"2012-08-21T14:52:02","modified_gmt":"2012-08-21T12:52:02","slug":"beatriz-cervera-lujan-expone-con-tan-solo-9-anos-en-la-casa-del-pueblo-de-yatova","status":"publish","type":"post","link":"https:\/\/www.tucomarca.com\/wordpress\/segunda\/beatriz-cervera-lujan-expone-con-tan-solo-9-anos-en-la-casa-del-pueblo-de-yatova\/","title":{"rendered":"Beatriz Cervera Luj\u00e1n expone con tan s\u00f3lo 9 a\u00f1os en la Casa del Pueblo de Y\u00e1tova"},"content":{"rendered":"<figure id=\"attachment_6648\" aria-describedby=\"caption-attachment-6648\" style=\"width: 300px\" class=\"wp-caption alignleft\"><a href=\"https:\/\/www.tucomarca.com\/wordpress\/segunda\/wp-content\/uploads\/2012\/08\/P8170693.jpg\"><img loading=\"lazy\" decoding=\"async\" class=\"size-medium wp-image-6648\" title=\"OLYMPUS DIGITAL CAMERA\" src=\"https:\/\/www.tucomarca.com\/wordpress\/segunda\/wp-content\/uploads\/2012\/08\/P8170693-300x225.jpg\" alt=\"Un momento de la inauguraci\u00f3n de la exposici\u00f3n.\" width=\"300\" height=\"225\" srcset=\"https:\/\/www.tucomarca.com\/wordpress\/segunda\/wp-content\/uploads\/2012\/08\/P8170693-300x225.jpg 300w, https:\/\/www.tucomarca.com\/wordpress\/segunda\/wp-content\/uploads\/2012\/08\/P8170693.jpg 480w\" sizes=\"auto, (max-width: 300px) 100vw, 300px\" \/><\/a><figcaption id=\"caption-attachment-6648\" class=\"wp-caption-text\">Un momento de la inauguraci\u00f3n de la exposici\u00f3n.<\/figcaption><\/figure>\n<p>El pasado viernes 17 de agosto se inauguro en la casa del pueblo la segunda exposici\u00f3n de pintura organizada por la Asociaci\u00f3n Cultural el Maciz.<br \/>\nEn lo que llevamos de verano se han expuesto dos exposiciones de pintura, con artistas \u00a0del municipio. La primera de Jos\u00e9 Celda, del d\u00eda 1 al 15 de agosto, y esta segunda que permanecer\u00e1 abierta de del 15 al\u00a0 30 de agosto.<\/p>\n<p>La artista de exposici\u00f3n es una joven de Y\u00e1tova, Beatriz Cervera Lujan, que tan solo tiene 9 a\u00f1os, \u00abpero que ha demostrado tener una gran capacidad e imaginaci\u00f3n en el arte de \u00a0la pintura. Desde aqu\u00ed os invitamos a pasar por la Casa del pueblo y ver las obras de esta joven artista\u00bb, han manifestado desde la organizaci\u00f3n.<\/p>\n","protected":false},"excerpt":{"rendered":"<div class=\"mh-excerpt\">El pasado viernes 17 de agosto se inauguro en la casa del pueblo la segunda exposici\u00f3n de pintura organizada por la Asociaci\u00f3n Cultural el Maciz. En lo que llevamos de verano se han expuesto dos <a class=\"mh-excerpt-more\" href=\"https:\/\/www.tucomarca.com\/wordpress\/segunda\/beatriz-cervera-lujan-expone-con-tan-solo-9-anos-en-la-casa-del-pueblo-de-yatova\/\" title=\"Beatriz Cervera Luj\u00e1n expone con tan s\u00f3lo 9 a\u00f1os en la Casa del Pueblo de Y\u00e1tova\">[+] <\/a><\/div>\n","protected":false},"author":1,"featured_media":6648,"comment_status":"open","ping_status":"open","sticky":false,"template":"","format":"standard","meta":{"footnotes":""},"categories":[10,7,92,3,11],"tags":[],"class_list":{"0":"post-6647","1":"post","2":"type-post","3":"status-publish","4":"format-standard","5":"has-post-thumbnail","7":"category-la-hoya","8":"category-ocio-y-cultura","9":"category-pintura","10":"category-seccion","11":"category-yatova"},"_links":{"self":[{"href":"https:\/\/www.tucomarca.com\/wordpress\/segunda\/wp-json\/wp\/v2\/posts\/6647","targetHints":{"allow":["GET"]}}],"collection":[{"href":"https:\/\/www.tucomarca.com\/wordpress\/segunda\/wp-json\/wp\/v2\/posts"}],"about":[{"href":"https:\/\/www.tucomarca.com\/wordpress\/segunda\/wp-json\/wp\/v2\/types\/post"}],"author":[{"embeddable":true,"href":"https:\/\/www.tucomarca.com\/wordpress\/segunda\/wp-json\/wp\/v2\/users\/1"}],"replies":[{"embeddable":true,"href":"https:\/\/www.tucomarca.com\/wordpress\/segunda\/wp-json\/wp\/v2\/comments?post=6647"}],"version-history":[{"count":0,"href":"https:\/\/www.tucomarca.com\/wordpress\/segunda\/wp-json\/wp\/v2\/posts\/6647\/revisions"}],"wp:featuredmedia":[{"embeddable":true,"href":"https:\/\/www.tucomarca.com\/wordpress\/segunda\/wp-json\/wp\/v2\/media\/6648"}],"wp:attachment":[{"href":"https:\/\/www.tucomarca.com\/wordpress\/segunda\/wp-json\/wp\/v2\/media?parent=6647"}],"wp:term":[{"taxonomy":"category","embeddable":true,"href":"https:\/\/www.tucomarca.com\/wordpress\/segunda\/wp-json\/wp\/v2\/categories?post=6647"},{"taxonomy":"post_tag","embeddable":true,"href":"https:\/\/www.tucomarca.com\/wordpress\/segunda\/wp-json\/wp\/v2\/tags?post=6647"}],"curies":[{"name":"wp","href":"https:\/\/api.w.org\/{rel}","templated":true}]}}