{"id":66648,"date":"2018-03-02T14:40:18","date_gmt":"2018-03-02T12:40:18","guid":{"rendered":"http:\/\/www.tucomarca.com\/wordpress\/segunda\/?p=66648"},"modified":"2018-03-02T14:40:37","modified_gmt":"2018-03-02T12:40:37","slug":"la-regidoria-dagricultura-actua-a-vilamarxant-per-frenar-els-robatoris-al-camp-i-sobre-la-possibilitat-de-tancar-alguns-camins-i-parcel%c2%b7les-per-evitar-los","status":"publish","type":"post","link":"https:\/\/www.tucomarca.com\/wordpress\/segunda\/la-regidoria-dagricultura-actua-a-vilamarxant-per-frenar-els-robatoris-al-camp-i-sobre-la-possibilitat-de-tancar-alguns-camins-i-parcel%c2%b7les-per-evitar-los\/","title":{"rendered":"La Regidoria d\u2019Agricultura actua a Vilamarxant per frenar els robatoris al camp i sobre la possibilitat de tancar alguns camins i parcel\u00b7les per evitar-los"},"content":{"rendered":"<figure id=\"attachment_66650\" aria-describedby=\"caption-attachment-66650\" style=\"width: 2000px\" class=\"wp-caption alignleft\"><img loading=\"lazy\" decoding=\"async\" class=\"size-full wp-image-66650\" src=\"https:\/\/www.tucomarca.com\/wordpress\/segunda\/wp-content\/uploads\/2018\/03\/agriculturaVilamarxant.jpg\" alt=\"Ahir va tindre lloc la reuni\u00f3 del Consell Agrari Local.\" width=\"2000\" height=\"1333\" srcset=\"https:\/\/www.tucomarca.com\/wordpress\/segunda\/wp-content\/uploads\/2018\/03\/agriculturaVilamarxant.jpg 2000w, https:\/\/www.tucomarca.com\/wordpress\/segunda\/wp-content\/uploads\/2018\/03\/agriculturaVilamarxant-300x200.jpg 300w, https:\/\/www.tucomarca.com\/wordpress\/segunda\/wp-content\/uploads\/2018\/03\/agriculturaVilamarxant-768x512.jpg 768w, https:\/\/www.tucomarca.com\/wordpress\/segunda\/wp-content\/uploads\/2018\/03\/agriculturaVilamarxant-1024x682.jpg 1024w\" sizes=\"auto, (max-width: 2000px) 100vw, 2000px\" \/><figcaption id=\"caption-attachment-66650\" class=\"wp-caption-text\">Ahir va tindre lloc la reuni\u00f3 del Consell Agrari Local.<\/figcaption><\/figure>\n<p><strong>Va ser ahir en la reuni\u00f3 del Consell Agrari Local on tamb\u00e9 es va debatre sobre una proposta de la Uni\u00f3 per subvencionar els camps que es mantinguen en bones condicions.<\/strong><\/p>\n<p>Ahir va tindre lloc la reuni\u00f3 del Consell Agrari Local. A la cita van acudir representants del sector agrari i de formacions pol\u00edtiques municipals. En el primer punt de l\u2019ordre del dia el regidor d\u2019Agricultura, Eliseo Sanz, va donar compte de les \u00faltimes actuacions dutes a terme per previndre i evitar els robatoris. Va destacar el precintatge i la fi de l\u2019activitat d\u2019un magatzem de compra-venda de taronges del municipi, el passat mes de gener; i la detecci\u00f3 de 5 documents presumptament falsificats en un altre, el mes passat.<\/p>\n<p>Eliseo Sanz tamb\u00e9 va explicar alguns dels temes tractats en la reuni\u00f3 de la Junta Local de Seguretat, que va tindre lloc la setmana passada, amb la pres\u00e8ncia del Subdelegat del Govern a Val\u00e8ncia, Jos\u00e9 Vicente Herrera. En ella, destacava el regidor, \u201cla Gu\u00e0rdia Civil va informar que els robatoris als camps de Vilamarxant van disminuir un 2,26% de 2016 a 2017\u201d. Tamb\u00e9, continuava, \u201cjunt a la Gu\u00e0rdia Civil vam demanar a Delegaci\u00f3 del Govern m\u00e9s mitjans per fer front a estos furts, tant per a la Casa Quarter de Vilamarxant com per a l\u2019equip ROCA\u201d.<\/p>\n<p>A m\u00e9s, va destacar la col\u00b7laboraci\u00f3 que Gu\u00e0rdia Civil i Policia Local han establert amb la Secci\u00f3 de Seguretat Aliment\u00e0ria de la Conselleria de Sanitat Universal i Salut P\u00fablica i que ha donat els seus fruits en les \u00faltimes operacions contra els magatzems del municipi que han presentat irregularitats documentals i de salubritat.<\/p>\n<p><b>Possible regulaci\u00f3 als camins<\/b><\/p>\n<p>El regidor d\u2019Agricultura tamb\u00e9 va anunciar que es treballar\u00e0 junt als agents agraris i els representants pol\u00edtics municipals per atendre una de les demandes del sector i intentar \u201clegalitzar a trav\u00e9s d\u2019una ordenan\u00e7a la possibilitat de tancar alguns camps i camins per dificultar l\u2019acc\u00e9s de lladres a les propietats dels agricultors i agricultores locals. Per aix\u00f2, cal regular-ho, tindre el vist i plau del consell i portar-ho a ple\u201d.<\/p>\n<p>La proposta va ser ben acollida pels assistents que van comprometre\u2019s a estudiar totes les possibilitats perqu\u00e8 isca endavant seguint la legalitat i el dret d\u2019acc\u00e9s a propietats privades.<\/p>\n<p><b>Proposta de la Uni\u00f3 de Llauradors<\/b><\/p>\n<p>Tamb\u00e9 es va dur a la reuni\u00f3 una proposta de la Uni\u00f3 de Llauradors per habilitar subvencions a aquells propietaris o propiet\u00e0ries que mantinguen els seus camps operatius i en bones condicions, com a un element paisatg\u00edstic propi del nostre entorn que cal conservar. Alhora, es planteja com un incentiu per fomentar el cultiu als camps municipals i mitigar el seu abandonament.<\/p>\n<p>Els assistents es van comprometre a estudiar la iniciativa i donar la seua opini\u00f3 al respecte. Un dels representants va proposar que estes ajudes es destinen als propietaris que tinguen els seus bancals abandonats perqu\u00e8 els netegen i evitar que afecten negativament als altres, per exemple en cas d\u2019incendi.<\/p>\n<p>En este sentit, el portaveu del Partit Popular de Vilamarxant, Ciro Ferrer, va proposar fer una esp\u00e8cie de cens de parcel\u00b7les agr\u00e0ries i localitzar sobre el paper aquelles que poden resultar perilloses.<\/p>\n<p>Eliseo Sanz va afegir que des del consistori es posaran en contacte \u201camb representants de la Uni\u00f3 perqu\u00e8 aporten totes les dades i informaci\u00f3 possible i prendre la decisi\u00f3 m\u00e9s beneficiosa per a la conservaci\u00f3 dels camps de Vilamarxant\u201d.<\/p>\n<p>En el torn de precs i preguntes, els agricultors van traslladar al regidor els problemes que estan tenint amb la plaga de conills que tamb\u00e9 afecta alguns terrenys agraris de Vilamarxant.<\/p>\n","protected":false},"excerpt":{"rendered":"<div class=\"mh-excerpt\">Va ser ahir en la reuni\u00f3 del Consell Agrari Local on tamb\u00e9 es va debatre sobre una proposta de la Uni\u00f3 per subvencionar els camps que es mantinguen en bones condicions. Ahir va tindre lloc <a class=\"mh-excerpt-more\" href=\"https:\/\/www.tucomarca.com\/wordpress\/segunda\/la-regidoria-dagricultura-actua-a-vilamarxant-per-frenar-els-robatoris-al-camp-i-sobre-la-possibilitat-de-tancar-alguns-camins-i-parcel%c2%b7les-per-evitar-los\/\" title=\"La Regidoria d\u2019Agricultura actua a Vilamarxant per frenar els robatoris al camp i sobre la possibilitat de tancar alguns camins i parcel\u00b7les per evitar-los\">[+] <\/a><\/div>\n","protected":false},"author":2,"featured_media":66650,"comment_status":"open","ping_status":"open","sticky":false,"template":"","format":"standard","meta":{"footnotes":""},"categories":[169,46,8,3,45,184],"tags":[10395,10439],"class_list":{"0":"post-66648","1":"post","2":"type-post","3":"status-publish","4":"format-standard","5":"has-post-thumbnail","7":"category-agricultura-la-comarca","8":"category-camp-de-turia","9":"category-la-comarca","10":"category-seccion","11":"category-ventana","12":"category-vilamarxant","13":"tag-camp-de-turia","14":"tag-vilamarxant"},"_links":{"self":[{"href":"https:\/\/www.tucomarca.com\/wordpress\/segunda\/wp-json\/wp\/v2\/posts\/66648","targetHints":{"allow":["GET"]}}],"collection":[{"href":"https:\/\/www.tucomarca.com\/wordpress\/segunda\/wp-json\/wp\/v2\/posts"}],"about":[{"href":"https:\/\/www.tucomarca.com\/wordpress\/segunda\/wp-json\/wp\/v2\/types\/post"}],"author":[{"embeddable":true,"href":"https:\/\/www.tucomarca.com\/wordpress\/segunda\/wp-json\/wp\/v2\/users\/2"}],"replies":[{"embeddable":true,"href":"https:\/\/www.tucomarca.com\/wordpress\/segunda\/wp-json\/wp\/v2\/comments?post=66648"}],"version-history":[{"count":0,"href":"https:\/\/www.tucomarca.com\/wordpress\/segunda\/wp-json\/wp\/v2\/posts\/66648\/revisions"}],"wp:featuredmedia":[{"embeddable":true,"href":"https:\/\/www.tucomarca.com\/wordpress\/segunda\/wp-json\/wp\/v2\/media\/66650"}],"wp:attachment":[{"href":"https:\/\/www.tucomarca.com\/wordpress\/segunda\/wp-json\/wp\/v2\/media?parent=66648"}],"wp:term":[{"taxonomy":"category","embeddable":true,"href":"https:\/\/www.tucomarca.com\/wordpress\/segunda\/wp-json\/wp\/v2\/categories?post=66648"},{"taxonomy":"post_tag","embeddable":true,"href":"https:\/\/www.tucomarca.com\/wordpress\/segunda\/wp-json\/wp\/v2\/tags?post=66648"}],"curies":[{"name":"wp","href":"https:\/\/api.w.org\/{rel}","templated":true}]}}