{"id":66774,"date":"2018-03-05T11:07:03","date_gmt":"2018-03-05T09:07:03","guid":{"rendered":"http:\/\/www.tucomarca.com\/wordpress\/segunda\/?p=66774"},"modified":"2018-03-05T11:07:23","modified_gmt":"2018-03-05T09:07:23","slug":"derrota-muy-dolorosa-para-el-cheste-frente-al-historics-con-falta-de-intensidad-2-0","status":"publish","type":"post","link":"https:\/\/www.tucomarca.com\/wordpress\/segunda\/derrota-muy-dolorosa-para-el-cheste-frente-al-historics-con-falta-de-intensidad-2-0\/","title":{"rendered":"Derrota muy dolorosa para el Cheste frente al Hist\u00f3rics con falta de intensidad (2-0)"},"content":{"rendered":"<p>Este fin de semana ha sido un dolor de cabeza y coraz\u00f3n para la hinchada del Cheste, ya que no lograron sumar ning\u00fan punto. Pero adem\u00e1s el partido fue pobre en actitud de los jugadores de Cheste, a pesar de estrenar al nuevo fichaje procedente del Macastre, Sergio &#8216;Osito&#8217;.<\/p>\n<p>La primera fue la parte m\u00e1s buena del conjunto visitante, pero nada m\u00e1s all\u00e1 de la realidad de un equipo al que no le sal\u00edan las cosas, que en Valencia se ha atascado y no daba mucho m\u00e1s de lo previsible tras el resultado final. Alguna ocasi\u00f3n, sin evidente peligro, y que llegar\u00eda al descanso con la esperanza de poder cambiar las tornas con resultado, eso s\u00ed, sin variar desde el inicio.<\/p>\n<p>La segunda mitad fue la detonante, en la que los chestanos definitivamente por m\u00e1s que lo intentaron se quedaron si ideas ni juego;\u00a0cosa que los locales observaron y aprovecharon para que, poco despu\u00e9s del comienzo, poder hacer da\u00f1o al m\u00e1ximo exponente. En el 50&#8242;, Antonio Font fue el reponsable de abrir el marcador y colocar el 1-0 en el luminoso, lo que dej\u00f3 muy tocado a los de Javier Chapi.<\/p>\n<p>Las retinas de los del Hist\u00f2rics no cesaban de dilatarse y verlo cada vez m\u00e1s claro, adem\u00e1s de la poca intensidad de los rivales, tambi\u00e9n ten\u00edan el marcador a favor, el cual no se mover\u00eda durante el grueso de la segunda mitad hasta el final, cuando en el 85&#8242;, para finiquitar el encuentro, Artem logr\u00f3 endosarle al meta German, el definitivo 2-0.<\/p>\n<p>El resultado fue muy doloroso, sobre todo para el m\u00edster, quien conf\u00eda en que se pudo hacer mucho m\u00e1s y dar otro tipo de imagen.<\/p>\n<p>El Cheste se posiciona octavo con treinta puntos. Informa, <strong>Ra\u00fal Miralles Lacalle<\/strong> @raulmks<\/p>\n","protected":false},"excerpt":{"rendered":"<div class=\"mh-excerpt\">Este fin de semana ha sido un dolor de cabeza y coraz\u00f3n para la hinchada del Cheste, ya que no lograron sumar ning\u00fan punto. Pero adem\u00e1s el partido fue pobre en actitud de los jugadores <a class=\"mh-excerpt-more\" href=\"https:\/\/www.tucomarca.com\/wordpress\/segunda\/derrota-muy-dolorosa-para-el-cheste-frente-al-historics-con-falta-de-intensidad-2-0\/\" title=\"Derrota muy dolorosa para el Cheste frente al Hist\u00f3rics con falta de intensidad (2-0)\">[+] <\/a><\/div>\n","protected":false},"author":1,"featured_media":64583,"comment_status":"open","ping_status":"open","sticky":false,"template":"","format":"standard","meta":{"footnotes":""},"categories":[50,17,6,10,3,45],"tags":[469,339,10379,44,5952],"class_list":{"0":"post-66774","1":"post","2":"type-post","3":"status-publish","4":"format-standard","5":"has-post-thumbnail","7":"category-futbol-deportes","8":"category-cheste","9":"category-deportes","10":"category-la-hoya","11":"category-seccion","12":"category-ventana","13":"tag-cd-cheste","14":"tag-cheste-2","15":"tag-deportes","16":"tag-futbol","17":"tag-la-hoya-de-bunol-chiva"},"_links":{"self":[{"href":"https:\/\/www.tucomarca.com\/wordpress\/segunda\/wp-json\/wp\/v2\/posts\/66774","targetHints":{"allow":["GET"]}}],"collection":[{"href":"https:\/\/www.tucomarca.com\/wordpress\/segunda\/wp-json\/wp\/v2\/posts"}],"about":[{"href":"https:\/\/www.tucomarca.com\/wordpress\/segunda\/wp-json\/wp\/v2\/types\/post"}],"author":[{"embeddable":true,"href":"https:\/\/www.tucomarca.com\/wordpress\/segunda\/wp-json\/wp\/v2\/users\/1"}],"replies":[{"embeddable":true,"href":"https:\/\/www.tucomarca.com\/wordpress\/segunda\/wp-json\/wp\/v2\/comments?post=66774"}],"version-history":[{"count":0,"href":"https:\/\/www.tucomarca.com\/wordpress\/segunda\/wp-json\/wp\/v2\/posts\/66774\/revisions"}],"wp:featuredmedia":[{"embeddable":true,"href":"https:\/\/www.tucomarca.com\/wordpress\/segunda\/wp-json\/wp\/v2\/media\/64583"}],"wp:attachment":[{"href":"https:\/\/www.tucomarca.com\/wordpress\/segunda\/wp-json\/wp\/v2\/media?parent=66774"}],"wp:term":[{"taxonomy":"category","embeddable":true,"href":"https:\/\/www.tucomarca.com\/wordpress\/segunda\/wp-json\/wp\/v2\/categories?post=66774"},{"taxonomy":"post_tag","embeddable":true,"href":"https:\/\/www.tucomarca.com\/wordpress\/segunda\/wp-json\/wp\/v2\/tags?post=66774"}],"curies":[{"name":"wp","href":"https:\/\/api.w.org\/{rel}","templated":true}]}}