{"id":66805,"date":"2018-03-06T10:38:43","date_gmt":"2018-03-06T08:38:43","guid":{"rendered":"http:\/\/www.tucomarca.com\/wordpress\/segunda\/?p=66805"},"modified":"2018-03-06T10:38:43","modified_gmt":"2018-03-06T08:38:43","slug":"el-club-de-gimnasia-ritmica-bunol-turis-se-proclama-campeon-en-la-primera-fase-del-provincial-de-los-jocs-esportius-de-la-generalitat-en-aldaia","status":"publish","type":"post","link":"https:\/\/www.tucomarca.com\/wordpress\/segunda\/el-club-de-gimnasia-ritmica-bunol-turis-se-proclama-campeon-en-la-primera-fase-del-provincial-de-los-jocs-esportius-de-la-generalitat-en-aldaia\/","title":{"rendered":"El Club de Gimnasia R\u00edtmica Bu\u00f1ol-Tur\u00eds se proclama campe\u00f3n en la primera fase del provincial de los Jocs Esportius de la Generalitat en Aldaia"},"content":{"rendered":"<div dir=\"auto\">\n<figure id=\"attachment_66806\" aria-describedby=\"caption-attachment-66806\" style=\"width: 1600px\" class=\"wp-caption alignnone\"><img loading=\"lazy\" decoding=\"async\" class=\"size-full wp-image-66806\" src=\"https:\/\/www.tucomarca.com\/wordpress\/segunda\/wp-content\/uploads\/2018\/03\/GimnasiaBunyolTuris01.jpg\" alt=\"Las j\u00f3venes gimnastas durante su participaci\u00f3n en el torneo de Aldaia.\" width=\"1600\" height=\"1200\" srcset=\"https:\/\/www.tucomarca.com\/wordpress\/segunda\/wp-content\/uploads\/2018\/03\/GimnasiaBunyolTuris01.jpg 1600w, https:\/\/www.tucomarca.com\/wordpress\/segunda\/wp-content\/uploads\/2018\/03\/GimnasiaBunyolTuris01-300x225.jpg 300w, https:\/\/www.tucomarca.com\/wordpress\/segunda\/wp-content\/uploads\/2018\/03\/GimnasiaBunyolTuris01-768x576.jpg 768w, https:\/\/www.tucomarca.com\/wordpress\/segunda\/wp-content\/uploads\/2018\/03\/GimnasiaBunyolTuris01-1024x768.jpg 1024w\" sizes=\"auto, (max-width: 1600px) 100vw, 1600px\" \/><figcaption id=\"caption-attachment-66806\" class=\"wp-caption-text\">Las j\u00f3venes gimnastas durante su participaci\u00f3n en el torneo de Aldaia.<\/figcaption><\/figure>\n<p>El Club de Gimnasia R\u00edtmica Bu\u00f1ol-Tur\u00eds ha participado este pasado s\u00e1bado, 3 de marzo, en la primera fase del provincial de Jocs Esportius de la Generalitat Valenciana celebrado en Aldaia, donde se ha proclamado campe\u00f3n de esta fase.<\/p>\n<\/div>\n<div dir=\"auto\"><\/div>\n<div dir=\"auto\">El conjunto infantil del\u00a0Club de Gimnasia R\u00edtmica Bu\u00f1ol-Tur\u00eds estuvo formado por\u00a0Silvia, Irene, Susana, Estela y Arancha.<\/div>\n<div dir=\"auto\"><\/div>\n<div dir=\"auto\">\n<figure id=\"attachment_66807\" aria-describedby=\"caption-attachment-66807\" style=\"width: 225px\" class=\"wp-caption alignleft\"><img loading=\"lazy\" decoding=\"async\" class=\"size-medium wp-image-66807\" src=\"https:\/\/www.tucomarca.com\/wordpress\/segunda\/wp-content\/uploads\/2018\/03\/GimnasiaBunyolTuris02-225x300.jpg\" alt=\"Las cinco j\u00f3venes gimnastas que se han proclamado campeonas.\" width=\"225\" height=\"300\" srcset=\"https:\/\/www.tucomarca.com\/wordpress\/segunda\/wp-content\/uploads\/2018\/03\/GimnasiaBunyolTuris02-225x300.jpg 225w, https:\/\/www.tucomarca.com\/wordpress\/segunda\/wp-content\/uploads\/2018\/03\/GimnasiaBunyolTuris02-768x1024.jpg 768w, https:\/\/www.tucomarca.com\/wordpress\/segunda\/wp-content\/uploads\/2018\/03\/GimnasiaBunyolTuris02-1024x1365.jpg 1024w\" sizes=\"auto, (max-width: 225px) 100vw, 225px\" \/><figcaption id=\"caption-attachment-66807\" class=\"wp-caption-text\">Las cinco j\u00f3venes gimnastas que se han proclamado campeonas.<\/figcaption><\/figure>\n<p>\u00abNuestras gimnastas se han proclamado campeonas de esta fase y han aumentado las posibilidades de clasificarse tras la segunda fase que se celebrar\u00e1 el 24 de marzo\u00bb, tal como han informado desde el club.<\/p>\n<\/div>\n<div dir=\"auto\"><\/div>\n<div dir=\"auto\">\n<figure id=\"attachment_66808\" aria-describedby=\"caption-attachment-66808\" style=\"width: 300px\" class=\"wp-caption alignright\"><img loading=\"lazy\" decoding=\"async\" class=\"size-medium wp-image-66808\" src=\"https:\/\/www.tucomarca.com\/wordpress\/segunda\/wp-content\/uploads\/2018\/03\/GimnasiaBunyolTuris03-300x225.jpg\" alt=\"Un momento de la preparaci\u00f3n del torneo en Aldaia.\" width=\"300\" height=\"225\" srcset=\"https:\/\/www.tucomarca.com\/wordpress\/segunda\/wp-content\/uploads\/2018\/03\/GimnasiaBunyolTuris03-300x225.jpg 300w, https:\/\/www.tucomarca.com\/wordpress\/segunda\/wp-content\/uploads\/2018\/03\/GimnasiaBunyolTuris03-768x576.jpg 768w, https:\/\/www.tucomarca.com\/wordpress\/segunda\/wp-content\/uploads\/2018\/03\/GimnasiaBunyolTuris03-1024x768.jpg 1024w, https:\/\/www.tucomarca.com\/wordpress\/segunda\/wp-content\/uploads\/2018\/03\/GimnasiaBunyolTuris03.jpg 1600w\" sizes=\"auto, (max-width: 300px) 100vw, 300px\" \/><figcaption id=\"caption-attachment-66808\" class=\"wp-caption-text\">Un momento de la preparaci\u00f3n del torneo en Aldaia.<\/figcaption><\/figure>\n<p>\u00abEl cuerpo t\u00e9cnico est\u00e1 orgulloso de estas cinco\u00a0gimnastas que llevan desde septiembre entrenando duro y uni\u00e9ndose como conjunto. Y el trabajo ha dado sus frutos y esperamos que sigan por ese camino.\u00a0Queremos desearles mucha suerte para la segunda fase. \u00c1nimo y a por todas\u00bb, han finalizado desde el club.<\/p>\n<\/div>\n","protected":false},"excerpt":{"rendered":"<div class=\"mh-excerpt\">El Club de Gimnasia R\u00edtmica Bu\u00f1ol-Tur\u00eds ha participado este pasado s\u00e1bado, 3 de marzo, en la primera fase del provincial de Jocs Esportius de la Generalitat Valenciana celebrado en Aldaia, donde se ha proclamado campe\u00f3n <a class=\"mh-excerpt-more\" href=\"https:\/\/www.tucomarca.com\/wordpress\/segunda\/el-club-de-gimnasia-ritmica-bunol-turis-se-proclama-campeon-en-la-primera-fase-del-provincial-de-los-jocs-esportius-de-la-generalitat-en-aldaia\/\" title=\"El Club de Gimnasia R\u00edtmica Bu\u00f1ol-Tur\u00eds se proclama campe\u00f3n en la primera fase del provincial de los Jocs Esportius de la Generalitat en Aldaia\">[+] <\/a><\/div>\n","protected":false},"author":1,"featured_media":66806,"comment_status":"open","ping_status":"open","sticky":false,"template":"","format":"standard","meta":{"footnotes":""},"categories":[18,6,10,42,199,3,43,45],"tags":[10385,10379,170,5952,3640,10394],"class_list":{"0":"post-66805","1":"post","2":"type-post","3":"status-publish","4":"format-standard","5":"has-post-thumbnail","7":"category-bunol","8":"category-deportes","9":"category-la-hoya","10":"category-la-ribera","11":"category-polideportivo","12":"category-seccion","13":"category-turis","14":"category-ventana","15":"tag-bunol","16":"tag-deportes","17":"tag-gimnasia-ritmica","18":"tag-la-hoya-de-bunol-chiva","19":"tag-la-ribera-alta","20":"tag-turis"},"_links":{"self":[{"href":"https:\/\/www.tucomarca.com\/wordpress\/segunda\/wp-json\/wp\/v2\/posts\/66805","targetHints":{"allow":["GET"]}}],"collection":[{"href":"https:\/\/www.tucomarca.com\/wordpress\/segunda\/wp-json\/wp\/v2\/posts"}],"about":[{"href":"https:\/\/www.tucomarca.com\/wordpress\/segunda\/wp-json\/wp\/v2\/types\/post"}],"author":[{"embeddable":true,"href":"https:\/\/www.tucomarca.com\/wordpress\/segunda\/wp-json\/wp\/v2\/users\/1"}],"replies":[{"embeddable":true,"href":"https:\/\/www.tucomarca.com\/wordpress\/segunda\/wp-json\/wp\/v2\/comments?post=66805"}],"version-history":[{"count":0,"href":"https:\/\/www.tucomarca.com\/wordpress\/segunda\/wp-json\/wp\/v2\/posts\/66805\/revisions"}],"wp:featuredmedia":[{"embeddable":true,"href":"https:\/\/www.tucomarca.com\/wordpress\/segunda\/wp-json\/wp\/v2\/media\/66806"}],"wp:attachment":[{"href":"https:\/\/www.tucomarca.com\/wordpress\/segunda\/wp-json\/wp\/v2\/media?parent=66805"}],"wp:term":[{"taxonomy":"category","embeddable":true,"href":"https:\/\/www.tucomarca.com\/wordpress\/segunda\/wp-json\/wp\/v2\/categories?post=66805"},{"taxonomy":"post_tag","embeddable":true,"href":"https:\/\/www.tucomarca.com\/wordpress\/segunda\/wp-json\/wp\/v2\/tags?post=66805"}],"curies":[{"name":"wp","href":"https:\/\/api.w.org\/{rel}","templated":true}]}}