{"id":6687,"date":"2012-08-23T12:00:56","date_gmt":"2012-08-23T10:00:56","guid":{"rendered":"http:\/\/www.tucomarca.com\/wordpress\/segunda\/?p=6687"},"modified":"2012-08-23T12:00:56","modified_gmt":"2012-08-23T10:00:56","slug":"el-pp-de-bunol-acusa-al-tripartito-de-%e2%80%9cpolitizar%e2%80%9d-un-acto-eminentemente-musical-como-el-mano-a-mano","status":"publish","type":"post","link":"https:\/\/www.tucomarca.com\/wordpress\/segunda\/el-pp-de-bunol-acusa-al-tripartito-de-%e2%80%9cpolitizar%e2%80%9d-un-acto-eminentemente-musical-como-el-mano-a-mano\/","title":{"rendered":"El PP de Bu\u00f1ol acusa al tripartito de \u201cpolitizar\u201d un acto eminentemente musical como el Mano a Mano"},"content":{"rendered":"<p>El Partido Popular de Bu\u00f1ol ha lamentado la constante politizaci\u00f3n que, a su entender, est\u00e1n realizando los integrantes del gobierno municipal de determinados actos p\u00fablicos, entre ellos el concierto Mano a Mano celebrado el pasado s\u00e1bado 18.<br \/>\n\u201cNuevamente, el gobierno a tres bandas EU-PSOE-IAB ha dado muestras de estar ajeno a la realidad de su minor\u00eda social que vive en Bu\u00f1ol, utilizando pol\u00edticamente un acto eminentemente musical como el Mano a Mano, donde la m\u00fasica es la que debe ser la protagonista. Se ha utilizado, otra vez, un acto musical como ya lo hizo con la clausura de la Bienal, a la que se invit\u00f3 como mantenedor a un exconcejal socialista  de Valencia, con fines estrictamente pol\u00edticos. Este hecho confirma la debilidad de EU en el gobierno, pues la coalici\u00f3n se ve obligada a ceder servilmente ante las presiones de un  socio de gobierno desleal que le somete a presiones con fines exclusivamente pol\u00edticos, aunque sea a costa de desvirtuar el acto musical m\u00e1s importante del a\u00f1o en Bu\u00f1ol como es el Mano a Mano. Como as\u00ed mismo hizo con el Bolet\u00edn de Informaci\u00f3n Municipal donde excluy\u00f3 la participaci\u00f3n por segunda vez en esta legislatura del Partido Popular, en un acto m\u00e1s de un tripartito radical y antisistema\u201d, afirman desde el PP bu\u00f1olense.<\/p>\n<p>Informaci\u00f3n ampliada sobre el tema en la edici\u00f3n impresa publicada este jueves.<\/p>\n","protected":false},"excerpt":{"rendered":"<div class=\"mh-excerpt\">El Partido Popular de Bu\u00f1ol ha lamentado la constante politizaci\u00f3n que, a su entender, est\u00e1n realizando los integrantes del gobierno municipal de determinados actos p\u00fablicos, entre ellos el concierto Mano a Mano celebrado el pasado <a class=\"mh-excerpt-more\" href=\"https:\/\/www.tucomarca.com\/wordpress\/segunda\/el-pp-de-bunol-acusa-al-tripartito-de-%e2%80%9cpolitizar%e2%80%9d-un-acto-eminentemente-musical-como-el-mano-a-mano\/\" title=\"El PP de Bu\u00f1ol acusa al tripartito de \u201cpolitizar\u201d un acto eminentemente musical como el Mano a Mano\">[+] <\/a><\/div>\n","protected":false},"author":2,"featured_media":0,"comment_status":"open","ping_status":"open","sticky":false,"template":"","format":"standard","meta":{"footnotes":""},"categories":[18,8,10,142,3],"tags":[401],"class_list":{"0":"post-6687","1":"post","2":"type-post","3":"status-publish","4":"format-standard","6":"category-bunol","7":"category-la-comarca","8":"category-la-hoya","9":"category-politica-la-comarca","10":"category-seccion","11":"tag-mano-a-mano"},"_links":{"self":[{"href":"https:\/\/www.tucomarca.com\/wordpress\/segunda\/wp-json\/wp\/v2\/posts\/6687","targetHints":{"allow":["GET"]}}],"collection":[{"href":"https:\/\/www.tucomarca.com\/wordpress\/segunda\/wp-json\/wp\/v2\/posts"}],"about":[{"href":"https:\/\/www.tucomarca.com\/wordpress\/segunda\/wp-json\/wp\/v2\/types\/post"}],"author":[{"embeddable":true,"href":"https:\/\/www.tucomarca.com\/wordpress\/segunda\/wp-json\/wp\/v2\/users\/2"}],"replies":[{"embeddable":true,"href":"https:\/\/www.tucomarca.com\/wordpress\/segunda\/wp-json\/wp\/v2\/comments?post=6687"}],"version-history":[{"count":0,"href":"https:\/\/www.tucomarca.com\/wordpress\/segunda\/wp-json\/wp\/v2\/posts\/6687\/revisions"}],"wp:attachment":[{"href":"https:\/\/www.tucomarca.com\/wordpress\/segunda\/wp-json\/wp\/v2\/media?parent=6687"}],"wp:term":[{"taxonomy":"category","embeddable":true,"href":"https:\/\/www.tucomarca.com\/wordpress\/segunda\/wp-json\/wp\/v2\/categories?post=6687"},{"taxonomy":"post_tag","embeddable":true,"href":"https:\/\/www.tucomarca.com\/wordpress\/segunda\/wp-json\/wp\/v2\/tags?post=6687"}],"curies":[{"name":"wp","href":"https:\/\/api.w.org\/{rel}","templated":true}]}}