{"id":66876,"date":"2018-03-08T22:19:19","date_gmt":"2018-03-08T20:19:19","guid":{"rendered":"http:\/\/www.tucomarca.com\/wordpress\/segunda\/?p=66876"},"modified":"2018-03-08T22:19:19","modified_gmt":"2018-03-08T20:19:19","slug":"turis-celebra-la-crida-en-una-gran-jornada-fallera","status":"publish","type":"post","link":"https:\/\/www.tucomarca.com\/wordpress\/segunda\/turis-celebra-la-crida-en-una-gran-jornada-fallera\/","title":{"rendered":"Tur\u00eds celebra la crida en una gran jornada fallera"},"content":{"rendered":"<figure id=\"attachment_66902\" aria-describedby=\"caption-attachment-66902\" style=\"width: 1024px\" class=\"wp-caption alignleft\"><img loading=\"lazy\" decoding=\"async\" class=\"size-large wp-image-66902\" src=\"https:\/\/www.tucomarca.com\/wordpress\/segunda\/wp-content\/uploads\/2018\/03\/IMG_0276-1024x506.jpg\" alt=\"Momento de la crida desde el balc\u00f3n del Ayuntamiento de Tur\u00eds.\" width=\"1024\" height=\"506\" srcset=\"https:\/\/www.tucomarca.com\/wordpress\/segunda\/wp-content\/uploads\/2018\/03\/IMG_0276-1024x506.jpg 1024w, https:\/\/www.tucomarca.com\/wordpress\/segunda\/wp-content\/uploads\/2018\/03\/IMG_0276-300x148.jpg 300w, https:\/\/www.tucomarca.com\/wordpress\/segunda\/wp-content\/uploads\/2018\/03\/IMG_0276-768x380.jpg 768w\" sizes=\"auto, (max-width: 1024px) 100vw, 1024px\" \/><figcaption id=\"caption-attachment-66902\" class=\"wp-caption-text\">Momento de la crida desde el balc\u00f3n del Ayuntamiento de Tur\u00eds.<\/figcaption><\/figure>\n<p>Esperemos que el ambiente, y el clima, que se vivi\u00f3 durante los \u00faltimos actos falleros celebrados en Tur\u00eds sea un reflejo de lo que se va a vivir la semana fallera, porque entonces se esperan unas fiestas inmejorables. La jornada del domingo comenz\u00f3 con un acto que ya va adquiriendo la categor\u00eda de tradici\u00f3n y es el besamanos a la patrona de la localidad, la Mare de D\u00e9u dels Dolors Gloriosos.<\/p>\n<p>La ermita luci\u00f3 como nunca con los m\u00e1ximos representantes de las cinco comisiones ataviados con las galas de valencianos. Este a\u00f1o se cont\u00f3 con un peque\u00f1o aliciente y es que la parroquia, aprovechando el 25 aniversario que celebra la Junta Local, invit\u00f3 a las que han sido falleras mayores de la localidad a participar en el evento. Result\u00f3 un momento especialmente emotivo para el que la parroquia, y tambi\u00e9n como novedad, ha confeccionado una estampa-recordatorio que a partir de ahora se entregar\u00e1 cada a\u00f1o a las falleras mayores.<\/p>\n<p>Por la tarde, y tras el vistoso pasacalle que recorre los cinco casales, se efectu\u00f3 la gran crida a las fallas de Tur\u00eds a cargo de todas las falleras mayores que se dirigieron con una sola y potente voz a la gran cantidad de p\u00fablico. El Alcalde, Eugenio Forta\u00f1a, fue el encargado de darles paso no sin antes agradecer la labor del mundo fallero \u201cpor hacer posible que a\u00f1o tras a\u00f1o nuestras fallas se superen y sean un punto de referencia tras las que se celebran en Valencia\u201d.<\/p>\n<p>La intensa jornada fallera acab\u00f3 con una chocolatada para todos los asistentes y con la vista puesta ya en el pr\u00f3ximo domingo, 11 de marzo, en que se celebraran por la ma\u00f1ana las dansaes y por la tarde se inaugurar\u00e1 la exposici\u00f3n del ninot y se ofrecer\u00e1 un concierto de m\u00fasica festera a cargo de la Sociedad Musical Turisense.<\/p>\n","protected":false},"excerpt":{"rendered":"<div class=\"mh-excerpt\">Esperemos que el ambiente, y el clima, que se vivi\u00f3 durante los \u00faltimos actos falleros celebrados en Tur\u00eds sea un reflejo de lo que se va a vivir la semana fallera, porque entonces se esperan <a class=\"mh-excerpt-more\" href=\"https:\/\/www.tucomarca.com\/wordpress\/segunda\/turis-celebra-la-crida-en-una-gran-jornada-fallera\/\" title=\"Tur\u00eds celebra la crida en una gran jornada fallera\">[+] <\/a><\/div>\n","protected":false},"author":1,"featured_media":66902,"comment_status":"open","ping_status":"open","sticky":false,"template":"","format":"standard","meta":{"footnotes":""},"categories":[72,42,5,383,3,43],"tags":[10773,80,3640,10394],"class_list":{"0":"post-66876","1":"post","2":"type-post","3":"status-publish","4":"format-standard","5":"has-post-thumbnail","7":"category-sin-categorizar","8":"category-la-ribera","9":"category-la-semana-en-imagenes","10":"category-pueblos-en-fiestas","11":"category-seccion","12":"category-turis","13":"tag-10773","14":"tag-fallas","15":"tag-la-ribera-alta","16":"tag-turis"},"_links":{"self":[{"href":"https:\/\/www.tucomarca.com\/wordpress\/segunda\/wp-json\/wp\/v2\/posts\/66876","targetHints":{"allow":["GET"]}}],"collection":[{"href":"https:\/\/www.tucomarca.com\/wordpress\/segunda\/wp-json\/wp\/v2\/posts"}],"about":[{"href":"https:\/\/www.tucomarca.com\/wordpress\/segunda\/wp-json\/wp\/v2\/types\/post"}],"author":[{"embeddable":true,"href":"https:\/\/www.tucomarca.com\/wordpress\/segunda\/wp-json\/wp\/v2\/users\/1"}],"replies":[{"embeddable":true,"href":"https:\/\/www.tucomarca.com\/wordpress\/segunda\/wp-json\/wp\/v2\/comments?post=66876"}],"version-history":[{"count":0,"href":"https:\/\/www.tucomarca.com\/wordpress\/segunda\/wp-json\/wp\/v2\/posts\/66876\/revisions"}],"wp:featuredmedia":[{"embeddable":true,"href":"https:\/\/www.tucomarca.com\/wordpress\/segunda\/wp-json\/wp\/v2\/media\/66902"}],"wp:attachment":[{"href":"https:\/\/www.tucomarca.com\/wordpress\/segunda\/wp-json\/wp\/v2\/media?parent=66876"}],"wp:term":[{"taxonomy":"category","embeddable":true,"href":"https:\/\/www.tucomarca.com\/wordpress\/segunda\/wp-json\/wp\/v2\/categories?post=66876"},{"taxonomy":"post_tag","embeddable":true,"href":"https:\/\/www.tucomarca.com\/wordpress\/segunda\/wp-json\/wp\/v2\/tags?post=66876"}],"curies":[{"name":"wp","href":"https:\/\/api.w.org\/{rel}","templated":true}]}}