{"id":6694,"date":"2012-08-23T14:16:20","date_gmt":"2012-08-23T12:16:20","guid":{"rendered":"http:\/\/www.tucomarca.com\/wordpress\/segunda\/?p=6694"},"modified":"2012-08-23T14:16:20","modified_gmt":"2012-08-23T12:16:20","slug":"gobernacion-mantiene-la-preemergencia-por-riesgo-de-incendios-forestales-en-el-interior-de-valencia-y-norte-de-alicante-3","status":"publish","type":"post","link":"https:\/\/www.tucomarca.com\/wordpress\/segunda\/gobernacion-mantiene-la-preemergencia-por-riesgo-de-incendios-forestales-en-el-interior-de-valencia-y-norte-de-alicante-3\/","title":{"rendered":"Gobernaci\u00f3n mantiene la Preemergencia por riesgo de incendios forestales en el interior de Valencia y norte de Alicante"},"content":{"rendered":"<p>La conselleria de Gobernaci\u00f3n, a trav\u00e9s del Centro de Coordinaci\u00f3n de Emergencias (CCE), mantiene este jueves, 23 de agosto, el Nivel 3 de Preemergencia, riesgo m\u00e1ximo de incendios forestales, en el interior de Valencia y en el norte de Alicante, debido a las altas temperaturas que en zonas del interior podr\u00edan alcanzar temperaturas m\u00e1ximas en torno a 39\u00baC.<br \/>\nConcretamente, las comarcas en Preemergencia Nivel 3 en la provincia de Valencia son Los Serranos, El Rinc\u00f3n de Ademuz, La Plana de Utiel-Requena, El Camp del T\u00faria, La Hoya de Bu\u00f1ol, El Valle de Cofrentes-Ayora, La Canal de Navarr\u00e9s, La Ribera Alta, La Costera, La Safor y La Vall d&#8217;Albaida, mientras que en la provincia de Alicante se encuentran en riesgo m\u00e1ximo de incendios forestales La Marina Alta, El Comtat, L&#8217;Alcoi\u00e0, El Vinalop\u00f3 Mitj\u00e0, Alt Vinalop\u00f3.<br \/>\nLa Agencia Estatal de Meteorolog\u00eda prev\u00e9 para esta jornada \u00abpoco nuboso con intervalos de nubes bajas en el litoral sur por la<br \/>\nmanana y nubosidad de evoluci\u00f3n por la tarde en el interior. Posibilidad de alg\u00fan chubasco, acompa\u00f1ado de tormenta, por la<br \/>\ntarde en el interior. Posibilidad de brumas y bancos de niebla<br \/>\nmatinales en puntos del litoral. Temperaturas sin cambios. Vientos<br \/>\nvariables flojos con brisas\u00bb.<br \/>\nEs oportuno recordar que, al igual que se est\u00e1 haciendo durante toda la Campa\u00f1a estival de Prevenci\u00f3n y Extinci\u00f3n de Incendios Forestales, se realizar\u00e1n vuelos de vigilancia a\u00e9rea preventiva en las tres provincias para que en el caso de que aviste un posible incendio pueda intervenir de manera inmediata.<br \/>\nLa conselleria de Gobernaci\u00f3n recuerda que el Nivel 3 de Preemergencia o riesgo m\u00e1ximo de incendios forestales supone la prohibici\u00f3n de realizar cualquier tipo de fuego, incluso en las zonas recreativas autorizadas y habilitadas al efecto, e insiste en que con car\u00e1cter general las quemas agr\u00edcolas en el monte o a menos de 500 metros de terreno forestal est\u00e1n completamente prohibidas entre el 1 de junio y el 30 de septiembre.<br \/>\nAnte esta situaci\u00f3n, el CCE mantiene contacto directo con todos los ayuntamientos y organismos de emergencia afectados con el fin de informarles de la situaci\u00f3n y evoluci\u00f3n de la Preemergencia. Adem\u00e1s, el dispositivo de prevenci\u00f3n y extinci\u00f3n de incendios de la Comunitat Valenciana se encuentra en m\u00e1xima alerta por si es necesaria su intervenci\u00f3n.<br \/>\nPor \u00faltimo, el CCE y la conselleria de Gobernaci\u00f3n hacen un llamamiento a la prudencia de la sociedad en general para evitar, en la medida de lo posible, posibles incendios forestales y a respetar y cumplir en todo momento las prohibiciones y recomendaciones que se derivan de decretar Preemergencia por riesgo de incendios forestales.<br \/>\nConsejos a la poblaci\u00f3n sobre incendios forestales<br \/>\n\u00b7 No encender fuego bajo ning\u00fan concepto<br \/>\n\u00b7 No fumar mientras se camina por el monte, ni arrojar, en ning\u00fan concepto, colillas o f\u00f3sforos desde veh\u00edculos.<br \/>\n\u00b7 Nunca arrojar basuras, depositarlas en el contenedor del municipio m\u00e1s cercano.<br \/>\n\u00b7 En el monte o en sus inmediaciones nunca arrojar artefactos o material explosivo como petardos, masclets, carcasas, etc., ni utilizar sin autorizaci\u00f3n herramientas o motores que puedan producir una chispa o un fuego.<br \/>\n\u00b7 Si detecta un incendio, comun\u00edquelo inmediatamente al tel\u00e9fono &#8216;112 Comunitat Valenciana&#8217;, sin pensar que alguien lo habr\u00e1 hecho ya o dar aviso a las autoridades m\u00e1s cercanas.<br \/>\n\u00b7 En caso de incendio, siga en todo momento las indicaciones que le sean dadas por el personal que tiene atribuidas las misiones de vigilancia y extinci\u00f3n. Est\u00e1n velando por tu seguridad e integridad f\u00edsica. <\/p>\n","protected":false},"excerpt":{"rendered":"<div class=\"mh-excerpt\">La conselleria de Gobernaci\u00f3n, a trav\u00e9s del Centro de Coordinaci\u00f3n de Emergencias (CCE), mantiene este jueves, 23 de agosto, el Nivel 3 de Preemergencia, riesgo m\u00e1ximo de incendios forestales, en el interior de Valencia y <a class=\"mh-excerpt-more\" href=\"https:\/\/www.tucomarca.com\/wordpress\/segunda\/gobernacion-mantiene-la-preemergencia-por-riesgo-de-incendios-forestales-en-el-interior-de-valencia-y-norte-de-alicante-3\/\" title=\"Gobernaci\u00f3n mantiene la Preemergencia por riesgo de incendios forestales en el interior de Valencia y norte de Alicante\">[+] <\/a><\/div>\n","protected":false},"author":2,"featured_media":0,"comment_status":"open","ping_status":"open","sticky":false,"template":"","format":"standard","meta":{"footnotes":""},"categories":[8,72,10,3],"tags":[390],"class_list":{"0":"post-6694","1":"post","2":"type-post","3":"status-publish","4":"format-standard","6":"category-la-comarca","7":"category-sin-categorizar","8":"category-la-hoya","9":"category-seccion","10":"tag-gobernacion"},"_links":{"self":[{"href":"https:\/\/www.tucomarca.com\/wordpress\/segunda\/wp-json\/wp\/v2\/posts\/6694","targetHints":{"allow":["GET"]}}],"collection":[{"href":"https:\/\/www.tucomarca.com\/wordpress\/segunda\/wp-json\/wp\/v2\/posts"}],"about":[{"href":"https:\/\/www.tucomarca.com\/wordpress\/segunda\/wp-json\/wp\/v2\/types\/post"}],"author":[{"embeddable":true,"href":"https:\/\/www.tucomarca.com\/wordpress\/segunda\/wp-json\/wp\/v2\/users\/2"}],"replies":[{"embeddable":true,"href":"https:\/\/www.tucomarca.com\/wordpress\/segunda\/wp-json\/wp\/v2\/comments?post=6694"}],"version-history":[{"count":0,"href":"https:\/\/www.tucomarca.com\/wordpress\/segunda\/wp-json\/wp\/v2\/posts\/6694\/revisions"}],"wp:attachment":[{"href":"https:\/\/www.tucomarca.com\/wordpress\/segunda\/wp-json\/wp\/v2\/media?parent=6694"}],"wp:term":[{"taxonomy":"category","embeddable":true,"href":"https:\/\/www.tucomarca.com\/wordpress\/segunda\/wp-json\/wp\/v2\/categories?post=6694"},{"taxonomy":"post_tag","embeddable":true,"href":"https:\/\/www.tucomarca.com\/wordpress\/segunda\/wp-json\/wp\/v2\/tags?post=6694"}],"curies":[{"name":"wp","href":"https:\/\/api.w.org\/{rel}","templated":true}]}}