{"id":66962,"date":"2018-03-11T20:00:43","date_gmt":"2018-03-11T18:00:43","guid":{"rendered":"http:\/\/www.tucomarca.com\/wordpress\/segunda\/?p=66962"},"modified":"2018-03-11T20:00:43","modified_gmt":"2018-03-11T18:00:43","slug":"la-pobla-de-vallbona-habilita-un-viver-municipal-amb-les-inversions-procedents-de-la-diputacio","status":"publish","type":"post","link":"https:\/\/www.tucomarca.com\/wordpress\/segunda\/la-pobla-de-vallbona-habilita-un-viver-municipal-amb-les-inversions-procedents-de-la-diputacio\/","title":{"rendered":"La Pobla de Vallbona habilita un Viver Municipal amb les inversions procedents de la Diputaci\u00f3"},"content":{"rendered":"<figure id=\"attachment_66963\" aria-describedby=\"caption-attachment-66963\" style=\"width: 1024px\" class=\"wp-caption alignleft\"><img loading=\"lazy\" decoding=\"async\" class=\"size-large wp-image-66963\" src=\"https:\/\/www.tucomarca.com\/wordpress\/segunda\/wp-content\/uploads\/2018\/03\/LaPoblaviver-1024x768.jpg\" alt=\"El diputat de Medi Ambient, Josep Bort, durant la visita al Viver Municipal.\" width=\"1024\" height=\"768\" srcset=\"https:\/\/www.tucomarca.com\/wordpress\/segunda\/wp-content\/uploads\/2018\/03\/LaPoblaviver-1024x768.jpg 1024w, https:\/\/www.tucomarca.com\/wordpress\/segunda\/wp-content\/uploads\/2018\/03\/LaPoblaviver-300x225.jpg 300w, https:\/\/www.tucomarca.com\/wordpress\/segunda\/wp-content\/uploads\/2018\/03\/LaPoblaviver-768x576.jpg 768w\" sizes=\"auto, (max-width: 1024px) 100vw, 1024px\" \/><figcaption id=\"caption-attachment-66963\" class=\"wp-caption-text\">El diputat de Medi Ambient, Josep Bort, durant la visita al Viver Municipal.<\/figcaption><\/figure>\n<p>El municipi de la Pobla de Vallbona ja compta amb un Viver Cultural Municipal, ubicat en tres parcel\u00b7les properes a la Depuradora Municipal, les quals es trobaven en des\u00fas i han estat rehabilitades com a \u00e0rea de conreu i reservori d\u2019esp\u00e8cies aut\u00f2ctones. Unes actuacions que han estat realitzades amb fons procedents de la Diputaci\u00f3 de Val\u00e8ncia, a trav\u00e9s del programa de Recuperaci\u00f3 d\u2019Espais Degradats. El diputat de Medi Ambient, Josep Bort, acompanyat per l\u2019alcalde del municipi, Josep Vicent Garcia, ha estat l\u2019encarregat de recepcionar aquesta obra i con\u00e8ixer els treballs realitzats en aquesta demarcaci\u00f3.<\/p>\n<p>Es tracta d\u2019un projecte cultural i agr\u00edcola, a trav\u00e9s del qual s\u2019aposta per la defensa del medi ambient local i m\u00e9s proper a la ciutadania. Aix\u00ed mateix, les tasques de conreu es complementaran amb la realitzaci\u00f3 de tallers i xerrades adre\u00e7ades a l\u2019agricultura. Unes propostes les quals afavoriran que els xiquets i xiquetes, com tamb\u00e9 els adults, aprenguen a cultivar el patrimoni agr\u00edcola i forestal. Fet que contribuir\u00e0 a posar en valor la rellev\u00e0ncia de l\u2019agricultura en la nostra societat i, m\u00e9s en concret, en la Pobla de Vallbona.<\/p>\n<p>En concret, el pressupost per a l\u2019execuci\u00f3 del projecte ha estat de 55.893 euros, dels quals la Diputaci\u00f3 de Val\u00e8ncia ha efectuat una aportaci\u00f3 de 44.714 euros, mentre que els 11.179 euros restants han estat sufragats pel consistori de la Pobla de Vallbona.<\/p>\n<p><strong>Reservori d\u2019esp\u00e8cies aut\u00f2ctones<\/strong><\/p>\n<p>La zona que alberga el Viver Cultural Municipal est\u00e0 rodejada de parcel\u00b7les conreades, fet que incrementa el seu valor ecol\u00f2gic i paisatg\u00edstic. La seua proximitat amb l\u2019hort urb\u00e0 permet l\u2019organitzaci\u00f3 d\u2019activitats conjuntes amb els ve\u00efns i ve\u00efnes, a m\u00e9s de celebrar tallers de cultiu ecol\u00f2gic i servir de planter per a esp\u00e8cies d\u2019hortalisses i fruites end\u00e8miques que facen servir els usuaris.<\/p>\n<p>L\u2019objectiu d\u2019aquesta iniciativa rau en disposar d\u2019un reservori d\u2019esp\u00e8cies aut\u00f2ctones en el municipi, com ara la tomata i la ceba per tal de procedir al seu cultiu. Aix\u00ed mateix, es pret\u00e9n disposar d\u2019una zona on mantenir, de forma segura, tots aquells exemplars arboris i arbustius que habiten a altres \u00e0rees del municipi, amb la seguretat de proporcionar-los la cura i atenci\u00f3 requerides per a la seua preservaci\u00f3.<\/p>\n<p>Finalment, a trav\u00e9s d\u2019aquest Viver Cultural Municipal es busca disposar dels recursos necessaris per a promoure futures activitats ambientals amb plantacions d\u2019esp\u00e8cies arb\u00f2ries i arbustives aut\u00f2ctones mediterr\u00e0nies.<\/p>\n","protected":false},"excerpt":{"rendered":"<div class=\"mh-excerpt\">El municipi de la Pobla de Vallbona ja compta amb un Viver Cultural Municipal, ubicat en tres parcel\u00b7les properes a la Depuradora Municipal, les quals es trobaven en des\u00fas i han estat rehabilitades com a <a class=\"mh-excerpt-more\" href=\"https:\/\/www.tucomarca.com\/wordpress\/segunda\/la-pobla-de-vallbona-habilita-un-viver-municipal-amb-les-inversions-procedents-de-la-diputacio\/\" title=\"La Pobla de Vallbona habilita un Viver Municipal amb les inversions procedents de la Diputaci\u00f3\">[+] <\/a><\/div>\n","protected":false},"author":1,"featured_media":66963,"comment_status":"open","ping_status":"open","sticky":false,"template":"","format":"standard","meta":{"footnotes":""},"categories":[46,128,8,174,117,142,3,45],"tags":[10395,204,1335],"class_list":{"0":"post-66962","1":"post","2":"type-post","3":"status-publish","4":"format-standard","5":"has-post-thumbnail","7":"category-camp-de-turia","8":"category-infraestructuras","9":"category-la-comarca","10":"category-la-pobla","11":"category-medio-ambiente-la-comarca","12":"category-politica-la-comarca","13":"category-seccion","14":"category-ventana","15":"tag-camp-de-turia","16":"tag-diputacion","17":"tag-la-pobla-de-vallbona"},"_links":{"self":[{"href":"https:\/\/www.tucomarca.com\/wordpress\/segunda\/wp-json\/wp\/v2\/posts\/66962","targetHints":{"allow":["GET"]}}],"collection":[{"href":"https:\/\/www.tucomarca.com\/wordpress\/segunda\/wp-json\/wp\/v2\/posts"}],"about":[{"href":"https:\/\/www.tucomarca.com\/wordpress\/segunda\/wp-json\/wp\/v2\/types\/post"}],"author":[{"embeddable":true,"href":"https:\/\/www.tucomarca.com\/wordpress\/segunda\/wp-json\/wp\/v2\/users\/1"}],"replies":[{"embeddable":true,"href":"https:\/\/www.tucomarca.com\/wordpress\/segunda\/wp-json\/wp\/v2\/comments?post=66962"}],"version-history":[{"count":0,"href":"https:\/\/www.tucomarca.com\/wordpress\/segunda\/wp-json\/wp\/v2\/posts\/66962\/revisions"}],"wp:featuredmedia":[{"embeddable":true,"href":"https:\/\/www.tucomarca.com\/wordpress\/segunda\/wp-json\/wp\/v2\/media\/66963"}],"wp:attachment":[{"href":"https:\/\/www.tucomarca.com\/wordpress\/segunda\/wp-json\/wp\/v2\/media?parent=66962"}],"wp:term":[{"taxonomy":"category","embeddable":true,"href":"https:\/\/www.tucomarca.com\/wordpress\/segunda\/wp-json\/wp\/v2\/categories?post=66962"},{"taxonomy":"post_tag","embeddable":true,"href":"https:\/\/www.tucomarca.com\/wordpress\/segunda\/wp-json\/wp\/v2\/tags?post=66962"}],"curies":[{"name":"wp","href":"https:\/\/api.w.org\/{rel}","templated":true}]}}