{"id":66979,"date":"2018-03-11T23:40:52","date_gmt":"2018-03-11T21:40:52","guid":{"rendered":"http:\/\/www.tucomarca.com\/wordpress\/segunda\/?p=66979"},"modified":"2018-03-11T23:40:52","modified_gmt":"2018-03-11T21:40:52","slug":"el-cd-cheste-pierde-en-casa-contra-el-paterna-b-tras-una-floja-primera-mitad-0-3","status":"publish","type":"post","link":"https:\/\/www.tucomarca.com\/wordpress\/segunda\/el-cd-cheste-pierde-en-casa-contra-el-paterna-b-tras-una-floja-primera-mitad-0-3\/","title":{"rendered":"El CD Cheste pierde en casa contra el Paterna B tras una floja primera mitad (0-3)"},"content":{"rendered":"<p>Los chestanos ten\u00edan clara intenci\u00f3n de sumar los tres puntos frente al Paterna B y, con el calor de la afici\u00f3n, quer\u00edan lograrlo.<\/p>\n<p>El partido comenz\u00f3 con claras intenciones por parte de ambos clubes de buscar el \u00e1rea rival;\u00a0bien es cierto que los locales lo buscaban con mayor contundencia y siempre llevando la batuta del partido. Pero no siempre se lleva el gato al agua quien m\u00e1s posee el esf\u00e9rico y en el 14&#8242;, cuando los de Paterna parec\u00eda que carburaban mejor, Jos\u00e9 Manuel Recubenis lograba batir a Germ\u00e1n Polo y as\u00ed subir el 0-1 al marcador.<\/p>\n<div>Bofet\u00f3n para los chestanos que no reaccionaron bien al gol, sino que decayeron, dejaron de llevar esa iniciativa, para partirla para ambos bandos. Y conforme llegaba el descanso, los visitantes parec\u00edan tener las ideas m\u00e1s claras, por eso en el 30&#8242;, durante una jugada que elaboran los visitantes desde la sala de m\u00e1quinas, Jacques lanza con golpeo duro y lograba colocar el 0-2 en el marcador.<\/div>\n<div><\/div>\n<div>Tras el gol, el desconcierto reinaba en La Vi\u00f1a, necesitaban buscar r\u00e1pidamente la soluci\u00f3n\u00a0para\u00a0reaccionar antes del descanso, preferentemente, como durante el grueso del resto de partido,. Igualar o incluso, trat\u00e1ndose de que se jugaba en casa, poder acceder a la remontada, lo que\u00a0dar\u00eda una bocanada importante de ox\u00edgeno al equipo.<\/div>\n<div><\/div>\n<div>Tras el descanso, hab\u00eda ocasiones, pero ninguna con suficiente peligro ni estorbo para los metas, aunque evidentemente, eso s\u00ed beneficiaba a un equipo;\u00a0y era a los visitantes, ya que estaban por delante, el tiempo se suced\u00eda, y el intercambio de golpes\u00a0 no acarreaba ning\u00fan gol.<\/div>\n<div><\/div>\n<div>Conforme llegaban los \u00faltimos veinticinco minutos de partido, el juego se volv\u00eda m\u00e1s intenso y aumentaba el contacto, lo que llev\u00f3 a que en el tramo final, el colegiado sacase repertorio de amonestaciones.<\/div>\n<div><\/div>\n<div>Pero la m\u00e1s dura llegar\u00eda en el 86&#8242;, ya que la interpretaci\u00f3n del colegiado llevar\u00eda a Ignacio Chirivella, del Cheste, a ver una cartulina roja directa, falta\u00a0que\u00a0lanz\u00f3 Javier Alcalde y llev\u00f3 al 0-3 definitivo.<\/div>\n<div><\/div>\n<div>El Cheste, tras la derrota queda noveno\u00a0con 30 puntos. Informa, <strong>Ra\u00fal Miralles Lacalle<\/strong> @raulmks<\/div>\n","protected":false},"excerpt":{"rendered":"<div class=\"mh-excerpt\">Los chestanos ten\u00edan clara intenci\u00f3n de sumar los tres puntos frente al Paterna B y, con el calor de la afici\u00f3n, quer\u00edan lograrlo. El partido comenz\u00f3 con claras intenciones por parte de ambos clubes de <a class=\"mh-excerpt-more\" href=\"https:\/\/www.tucomarca.com\/wordpress\/segunda\/el-cd-cheste-pierde-en-casa-contra-el-paterna-b-tras-una-floja-primera-mitad-0-3\/\" title=\"El CD Cheste pierde en casa contra el Paterna B tras una floja primera mitad (0-3)\">[+] <\/a><\/div>\n","protected":false},"author":1,"featured_media":65205,"comment_status":"open","ping_status":"open","sticky":false,"template":"","format":"standard","meta":{"footnotes":""},"categories":[50,17,6,10,3,45],"tags":[469,339,10379,44,5952],"class_list":{"0":"post-66979","1":"post","2":"type-post","3":"status-publish","4":"format-standard","5":"has-post-thumbnail","7":"category-futbol-deportes","8":"category-cheste","9":"category-deportes","10":"category-la-hoya","11":"category-seccion","12":"category-ventana","13":"tag-cd-cheste","14":"tag-cheste-2","15":"tag-deportes","16":"tag-futbol","17":"tag-la-hoya-de-bunol-chiva"},"_links":{"self":[{"href":"https:\/\/www.tucomarca.com\/wordpress\/segunda\/wp-json\/wp\/v2\/posts\/66979","targetHints":{"allow":["GET"]}}],"collection":[{"href":"https:\/\/www.tucomarca.com\/wordpress\/segunda\/wp-json\/wp\/v2\/posts"}],"about":[{"href":"https:\/\/www.tucomarca.com\/wordpress\/segunda\/wp-json\/wp\/v2\/types\/post"}],"author":[{"embeddable":true,"href":"https:\/\/www.tucomarca.com\/wordpress\/segunda\/wp-json\/wp\/v2\/users\/1"}],"replies":[{"embeddable":true,"href":"https:\/\/www.tucomarca.com\/wordpress\/segunda\/wp-json\/wp\/v2\/comments?post=66979"}],"version-history":[{"count":0,"href":"https:\/\/www.tucomarca.com\/wordpress\/segunda\/wp-json\/wp\/v2\/posts\/66979\/revisions"}],"wp:featuredmedia":[{"embeddable":true,"href":"https:\/\/www.tucomarca.com\/wordpress\/segunda\/wp-json\/wp\/v2\/media\/65205"}],"wp:attachment":[{"href":"https:\/\/www.tucomarca.com\/wordpress\/segunda\/wp-json\/wp\/v2\/media?parent=66979"}],"wp:term":[{"taxonomy":"category","embeddable":true,"href":"https:\/\/www.tucomarca.com\/wordpress\/segunda\/wp-json\/wp\/v2\/categories?post=66979"},{"taxonomy":"post_tag","embeddable":true,"href":"https:\/\/www.tucomarca.com\/wordpress\/segunda\/wp-json\/wp\/v2\/tags?post=66979"}],"curies":[{"name":"wp","href":"https:\/\/api.w.org\/{rel}","templated":true}]}}