{"id":67342,"date":"2018-03-26T07:00:29","date_gmt":"2018-03-26T05:00:29","guid":{"rendered":"http:\/\/www.tucomarca.com\/wordpress\/segunda\/?p=67342"},"modified":"2018-03-26T01:47:47","modified_gmt":"2018-03-25T23:47:47","slug":"el-cd-cheste-se-lleva-por-la-minima-el-derbi-frente-al-chivacf-merecidamente-y-tras-una-expulsion-rival","status":"publish","type":"post","link":"https:\/\/www.tucomarca.com\/wordpress\/segunda\/el-cd-cheste-se-lleva-por-la-minima-el-derbi-frente-al-chivacf-merecidamente-y-tras-una-expulsion-rival\/","title":{"rendered":"El CD Cheste se lleva por la m\u00ednima el derbi frente al ChivaCF  merecidamente y tras una expulsi\u00f3n rival"},"content":{"rendered":"<p>El partido, como estaba previsto, muy disputado e intenso por ambos bandos. M\u00e1s llevaron la batuta los chestanos, pero las ocasiones claras y manifiestas se te\u00f1\u00edan del rojo chivano, m\u00e1s destacadamente en la recta final de la primera mitad y a los pocos minutos de la reanudaci\u00f3n del descanso, luego otro cantar.<\/p>\n<div>Muy destacada la cantidad de amonestaciones que se llev\u00f3 el conjunto local a interpretaci\u00f3n del colegiado, quienes han acumulado este jornada un total de 8 amarillas, dos de ellas para Vicente Gorriz, quien al verlas en el 42&#8242; y 72&#8242; se fue al vestuario expulsado antes de tiempo.<\/div>\n<div><\/div>\n<div>La primera mitad a pesar de haber ocasiones y buen juego, no tuvo mayor relevancia en el marcador, aunque en juego y despliegue f\u00edsico a la altura de lo esperado en un derbi como este, caviar para los ojos de las aficiones de ambos equipos, cosa que a pesar de la ausencia de goles, tambi\u00e9n enriquece el partido.<\/div>\n<div><\/div>\n<div>En la segunda mitad, con las mismas ganas, pero evidentemente la balanza comenz\u00f3 a decantarse a un lado tras la expulsi\u00f3n. Ah\u00ed fue cuando los chestanos empezaron a ver las cosas m\u00e1s claras y cuajar un juego m\u00e1s vertical y ofensivo que les permiti\u00f3 hacerse ya m\u00e1s claramente\u00a0due\u00f1os y se\u00f1ores del partido. Despu\u00e9s de dos\u00a0ocasiones claras de adelantarse los chestanos llegando al tramo final del partido, Borja Lorente remata dentro del \u00e1rea peque\u00f1a, a buen centro-asistencia de Toni, que le permite lanzar el esf\u00e9rico a la meta que defend\u00eda Kevin Gonz\u00e1lez y sin poder hacer este mucho m\u00e1s, el cuero acaba dentro de la porter\u00eda. Y eso permiti\u00f3 al borde del final del partido, desequilibrar el marcador y llevarse los 3 puntos y el orgullo de ganar el derbi a los de La Vi\u00f1a a intereses de los de Javi Chap\u00ed.<\/div>\n<div><\/div>\n<div>Tras el partido, el Chiva contin\u00faa 12\u00ba con 25 puntos, en una zona peligrosa;\u00a0y el Cheste 7\u00ba con 33 acechando al Mislata que ha perdido.\u00a0Informa, <strong>Ra\u00fal Miralles Lacalle<\/strong> @raulmks<\/div>\n","protected":false},"excerpt":{"rendered":"<div class=\"mh-excerpt\">El partido, como estaba previsto, muy disputado e intenso por ambos bandos. M\u00e1s llevaron la batuta los chestanos, pero las ocasiones claras y manifiestas se te\u00f1\u00edan del rojo chivano, m\u00e1s destacadamente en la recta final <a class=\"mh-excerpt-more\" href=\"https:\/\/www.tucomarca.com\/wordpress\/segunda\/el-cd-cheste-se-lleva-por-la-minima-el-derbi-frente-al-chivacf-merecidamente-y-tras-una-expulsion-rival\/\" title=\"El CD Cheste se lleva por la m\u00ednima el derbi frente al ChivaCF  merecidamente y tras una expulsi\u00f3n rival\">[+] <\/a><\/div>\n","protected":false},"author":1,"featured_media":67308,"comment_status":"open","ping_status":"open","sticky":false,"template":"","format":"standard","meta":{"footnotes":""},"categories":[50,17,16,6,10,3,45],"tags":[469,395,10379,44,5952],"class_list":{"0":"post-67342","1":"post","2":"type-post","3":"status-publish","4":"format-standard","5":"has-post-thumbnail","7":"category-futbol-deportes","8":"category-cheste","9":"category-chiva","10":"category-deportes","11":"category-la-hoya","12":"category-seccion","13":"category-ventana","14":"tag-cd-cheste","15":"tag-chiva-cf","16":"tag-deportes","17":"tag-futbol","18":"tag-la-hoya-de-bunol-chiva"},"_links":{"self":[{"href":"https:\/\/www.tucomarca.com\/wordpress\/segunda\/wp-json\/wp\/v2\/posts\/67342","targetHints":{"allow":["GET"]}}],"collection":[{"href":"https:\/\/www.tucomarca.com\/wordpress\/segunda\/wp-json\/wp\/v2\/posts"}],"about":[{"href":"https:\/\/www.tucomarca.com\/wordpress\/segunda\/wp-json\/wp\/v2\/types\/post"}],"author":[{"embeddable":true,"href":"https:\/\/www.tucomarca.com\/wordpress\/segunda\/wp-json\/wp\/v2\/users\/1"}],"replies":[{"embeddable":true,"href":"https:\/\/www.tucomarca.com\/wordpress\/segunda\/wp-json\/wp\/v2\/comments?post=67342"}],"version-history":[{"count":0,"href":"https:\/\/www.tucomarca.com\/wordpress\/segunda\/wp-json\/wp\/v2\/posts\/67342\/revisions"}],"wp:featuredmedia":[{"embeddable":true,"href":"https:\/\/www.tucomarca.com\/wordpress\/segunda\/wp-json\/wp\/v2\/media\/67308"}],"wp:attachment":[{"href":"https:\/\/www.tucomarca.com\/wordpress\/segunda\/wp-json\/wp\/v2\/media?parent=67342"}],"wp:term":[{"taxonomy":"category","embeddable":true,"href":"https:\/\/www.tucomarca.com\/wordpress\/segunda\/wp-json\/wp\/v2\/categories?post=67342"},{"taxonomy":"post_tag","embeddable":true,"href":"https:\/\/www.tucomarca.com\/wordpress\/segunda\/wp-json\/wp\/v2\/tags?post=67342"}],"curies":[{"name":"wp","href":"https:\/\/api.w.org\/{rel}","templated":true}]}}