{"id":67412,"date":"2018-03-28T14:03:58","date_gmt":"2018-03-28T12:03:58","guid":{"rendered":"http:\/\/www.tucomarca.com\/wordpress\/segunda\/?p=67412"},"modified":"2018-03-28T14:03:58","modified_gmt":"2018-03-28T12:03:58","slug":"un-accidente-entre-dos-camiones-obliga-al-corte-de-la-a-3-entre-cheste-y-riba-roja","status":"publish","type":"post","link":"https:\/\/www.tucomarca.com\/wordpress\/segunda\/un-accidente-entre-dos-camiones-obliga-al-corte-de-la-a-3-entre-cheste-y-riba-roja\/","title":{"rendered":"Un accidente entre dos camiones obliga al corte de la A-3 entre Cheste y Riba-Roja"},"content":{"rendered":"<figure id=\"attachment_67414\" aria-describedby=\"caption-attachment-67414\" style=\"width: 294px\" class=\"wp-caption alignleft\"><img loading=\"lazy\" decoding=\"async\" class=\" wp-image-67414\" src=\"https:\/\/www.tucomarca.com\/wordpress\/segunda\/wp-content\/uploads\/2018\/03\/A3incendioCheste02-576x1024.png\" alt=\"Un momento del incendio que ha tenido lugar en la Autov\u00eda A3 en direcci\u00f3n Madrid.\" width=\"294\" height=\"523\" \/><figcaption id=\"caption-attachment-67414\" class=\"wp-caption-text\">Un momento del incendio que ha tenido lugar en la Autov\u00eda A3 en direcci\u00f3n Madrid.<\/figcaption><\/figure>\n<p class=\"selectionShareable\">El\u00a0accidente entre dos camiones, uno de\u00a0los cuales adem\u00e1s se\u00a0ha incendiado, ha provocado este martes el corte al tr\u00e1fico\u00a0de\u00a0la A-3\u00a0en direcci\u00f3n Madrid entre los t\u00e9rminos de Cheste y\u00a0Riba-Roja de T\u00faria.<\/p>\n<p class=\"selectionShareable\">Afortunadamente no se han registrado v\u00edctimas, pero el tr\u00e1fico ha quedado interrumpido al menos durante varias horas debido al siniestro que se ha producido alrededor de las 19,10 horas de la tarde en el\u00a0kil\u00f3metro 336,\u00a0seg\u00fan han informado el Centro de Gesti\u00f3n de Tr\u00e1fico y del Consorcio Provincial de Bomberos.<\/p>\n<p class=\"selectionShareable\">En la extinci\u00f3n han participado un total de once\u00a0efectivos de los parques de bomberos de Chiva as\u00ed como\u00a0de Paterna.<\/p>\n","protected":false},"excerpt":{"rendered":"<div class=\"mh-excerpt\">El\u00a0accidente entre dos camiones, uno de\u00a0los cuales adem\u00e1s se\u00a0ha incendiado, ha provocado este martes el corte al tr\u00e1fico\u00a0de\u00a0la A-3\u00a0en direcci\u00f3n Madrid entre los t\u00e9rminos de Cheste y\u00a0Riba-Roja de T\u00faria. Afortunadamente no se han registrado v\u00edctimas, <a class=\"mh-excerpt-more\" href=\"https:\/\/www.tucomarca.com\/wordpress\/segunda\/un-accidente-entre-dos-camiones-obliga-al-corte-de-la-a-3-entre-cheste-y-riba-roja\/\" title=\"Un accidente entre dos camiones obliga al corte de la A-3 entre Cheste y Riba-Roja\">[+] <\/a><\/div>\n","protected":false},"author":1,"featured_media":67414,"comment_status":"open","ping_status":"open","sticky":false,"template":"","format":"standard","meta":{"footnotes":""},"categories":[46,17,8,10,182,3,116,45],"tags":[131,10786,10395,339,5952,1504,33],"class_list":{"0":"post-67412","1":"post","2":"type-post","3":"status-publish","4":"format-standard","5":"has-post-thumbnail","7":"category-camp-de-turia","8":"category-cheste","9":"category-la-comarca","10":"category-la-hoya","11":"category-riba-roja","12":"category-seccion","13":"category-sucesos-la-comarca","14":"category-ventana","15":"tag-a3","16":"tag-autovia","17":"tag-camp-de-turia","18":"tag-cheste-2","19":"tag-la-hoya-de-bunol-chiva","20":"tag-riba-roja-2","21":"tag-sucesos"},"_links":{"self":[{"href":"https:\/\/www.tucomarca.com\/wordpress\/segunda\/wp-json\/wp\/v2\/posts\/67412","targetHints":{"allow":["GET"]}}],"collection":[{"href":"https:\/\/www.tucomarca.com\/wordpress\/segunda\/wp-json\/wp\/v2\/posts"}],"about":[{"href":"https:\/\/www.tucomarca.com\/wordpress\/segunda\/wp-json\/wp\/v2\/types\/post"}],"author":[{"embeddable":true,"href":"https:\/\/www.tucomarca.com\/wordpress\/segunda\/wp-json\/wp\/v2\/users\/1"}],"replies":[{"embeddable":true,"href":"https:\/\/www.tucomarca.com\/wordpress\/segunda\/wp-json\/wp\/v2\/comments?post=67412"}],"version-history":[{"count":0,"href":"https:\/\/www.tucomarca.com\/wordpress\/segunda\/wp-json\/wp\/v2\/posts\/67412\/revisions"}],"wp:featuredmedia":[{"embeddable":true,"href":"https:\/\/www.tucomarca.com\/wordpress\/segunda\/wp-json\/wp\/v2\/media\/67414"}],"wp:attachment":[{"href":"https:\/\/www.tucomarca.com\/wordpress\/segunda\/wp-json\/wp\/v2\/media?parent=67412"}],"wp:term":[{"taxonomy":"category","embeddable":true,"href":"https:\/\/www.tucomarca.com\/wordpress\/segunda\/wp-json\/wp\/v2\/categories?post=67412"},{"taxonomy":"post_tag","embeddable":true,"href":"https:\/\/www.tucomarca.com\/wordpress\/segunda\/wp-json\/wp\/v2\/tags?post=67412"}],"curies":[{"name":"wp","href":"https:\/\/api.w.org\/{rel}","templated":true}]}}