{"id":67588,"date":"2018-03-31T14:04:09","date_gmt":"2018-03-31T12:04:09","guid":{"rendered":"http:\/\/www.tucomarca.com\/wordpress\/segunda\/?p=67588"},"modified":"2018-03-31T14:04:09","modified_gmt":"2018-03-31T12:04:09","slug":"el-ayuntamiento-de-cheste-financiara-varios-actos-de-las-fiestas-de-la-virgen-de-la-soledad-2018","status":"publish","type":"post","link":"https:\/\/www.tucomarca.com\/wordpress\/segunda\/el-ayuntamiento-de-cheste-financiara-varios-actos-de-las-fiestas-de-la-virgen-de-la-soledad-2018\/","title":{"rendered":"El Ayuntamiento de Cheste financiar\u00e1 varios actos de las Fiestas de la Virgen de la Soledad 2018"},"content":{"rendered":"<figure id=\"attachment_67590\" aria-describedby=\"caption-attachment-67590\" style=\"width: 606px\" class=\"wp-caption alignleft\"><img loading=\"lazy\" decoding=\"async\" class=\" wp-image-67590\" src=\"https:\/\/www.tucomarca.com\/wordpress\/segunda\/wp-content\/uploads\/2018\/03\/encuentrecheste-1024x683.jpg\" alt=\"Una imagen del Encuentre de Cheste, con el que tradicionalmente se inician las fiestas de La Soledad. Foto: Picazo.\" width=\"606\" height=\"404\" srcset=\"https:\/\/www.tucomarca.com\/wordpress\/segunda\/wp-content\/uploads\/2018\/03\/encuentrecheste-1024x683.jpg 1024w, https:\/\/www.tucomarca.com\/wordpress\/segunda\/wp-content\/uploads\/2018\/03\/encuentrecheste-300x200.jpg 300w, https:\/\/www.tucomarca.com\/wordpress\/segunda\/wp-content\/uploads\/2018\/03\/encuentrecheste-768x512.jpg 768w\" sizes=\"auto, (max-width: 606px) 100vw, 606px\" \/><figcaption id=\"caption-attachment-67590\" class=\"wp-caption-text\">Una imagen del Encuentre de Cheste, con el que tradicionalmente se inician las fiestas de La Soledad. Foto: Picazo.<\/figcaption><\/figure>\n<p class=\"\">El Ayuntamiento de Cheste va a financiar varios actos del programa de Fiestas de la Virgen de la Soledad que este a\u00f1o al no contar con clavarios y clavarias que las coordinen, est\u00e1n organizadas por una Comisi\u00f3n de Fiestas integrada por representantes de los Clavarios de 2008 y 2017, de las fallas locales, de la asociaci\u00f3n de caballistas La Espuela, de la asociaci\u00f3n de Amas de Casa, de la asociaci\u00f3n de Comerciantes y de distintas pe\u00f1as.<\/p>\n<p class=\"\"><span class=\"\"><span style=\"font-size: small;\">El pr\u00f3ximo martes 3 de abril a las 19 horas se realizar\u00e1 un espect\u00e1culo musical en el teatro Liceo que contar\u00e1 con las actuaciones del grupo Amor Fino, el pianista Fran Morell y el grupo Symphony.<\/span><\/span><\/p>\n<p class=\"\"><span class=\"\"><span style=\"font-size: small;\">Abrir\u00e1 el espect\u00e1culo el pianista Fran Morell, quien participa en el evento de manera altruista, para dar paso a los instrumentistas chestanos del grupo Symphony. Por \u00faltimo, el grupo Amor Fino, una confraternidad de m\u00fasicos profesionales formados en los mejores conservatorios de Rusia, ofrecer\u00e1 el concierto \u201cDe coraz\u00f3n a coraz\u00f3n\u201d, en el que pasar\u00e1n por varios g\u00e9neros de las obras maestras de la m\u00fasica, desde arias de \u00f3pera a romanzas y canciones populares.<\/span><\/span><\/p>\n<p class=\"\"><span class=\"\"><span style=\"font-size: small;\">Las Fiestas de la Virgen de la Soledad 2018 cuentan con el patrocinio de varias empresas locales y con la colaboraci\u00f3n del Ayuntamiento de Cheste, que realiza una aportaci\u00f3n econ\u00f3mica asumiendo el gasto de la m\u00fasica de la procesi\u00f3n en honor a la Virgen de la Soledad, la masclet\u00e1, el castillo, la fiesta infantil y la merienda para los jubilados, acto vinculado al espect\u00e1culo musical del d\u00eda 3 y que tendr\u00e1 lugar en el front\u00f3n Bar\u00f3n de Cheste a las 17 horas. Tambi\u00e9n colaboran en la realizaci\u00f3n de las fiestas distintas entidades y asociaciones chestanas.<\/span><\/span><\/p>\n<p class=\"\"><span class=\"\"><b class=\"\"><span style=\"font-size: small;\">Programa de fiestas<\/span><\/b><\/span><\/p>\n<p class=\"\"><span class=\"\"><span style=\"font-size: small;\">El programa de esta edici\u00f3n de las fiestas en honor a la Virgen de la Soledad cuenta con actos taurinos, una actividad para ni\u00f1os y ni\u00f1as, otra para personas mayores y la fiesta de las paellas. Tambi\u00e9n se celebrar\u00e1 siguiendo la tradici\u00f3n el d\u00eda de la Virgen de la Soledad, con la ofrenda el s\u00e1bado 7 de abril y la misa, masclet\u00e1 y castillo de fuegos artificiales el d\u00eda 8.<\/span><\/span><\/p>\n","protected":false},"excerpt":{"rendered":"<div class=\"mh-excerpt\">El Ayuntamiento de Cheste va a financiar varios actos del programa de Fiestas de la Virgen de la Soledad que este a\u00f1o al no contar con clavarios y clavarias que las coordinen, est\u00e1n organizadas por <a class=\"mh-excerpt-more\" href=\"https:\/\/www.tucomarca.com\/wordpress\/segunda\/el-ayuntamiento-de-cheste-financiara-varios-actos-de-las-fiestas-de-la-virgen-de-la-soledad-2018\/\" title=\"El Ayuntamiento de Cheste financiar\u00e1 varios actos de las Fiestas de la Virgen de la Soledad 2018\">[+] <\/a><\/div>\n","protected":false},"author":1,"featured_media":67590,"comment_status":"open","ping_status":"open","sticky":false,"template":"","format":"standard","meta":{"footnotes":""},"categories":[17,10,5,383,3,45],"tags":[339,5952],"class_list":{"0":"post-67588","1":"post","2":"type-post","3":"status-publish","4":"format-standard","5":"has-post-thumbnail","7":"category-cheste","8":"category-la-hoya","9":"category-la-semana-en-imagenes","10":"category-pueblos-en-fiestas","11":"category-seccion","12":"category-ventana","13":"tag-cheste-2","14":"tag-la-hoya-de-bunol-chiva"},"_links":{"self":[{"href":"https:\/\/www.tucomarca.com\/wordpress\/segunda\/wp-json\/wp\/v2\/posts\/67588","targetHints":{"allow":["GET"]}}],"collection":[{"href":"https:\/\/www.tucomarca.com\/wordpress\/segunda\/wp-json\/wp\/v2\/posts"}],"about":[{"href":"https:\/\/www.tucomarca.com\/wordpress\/segunda\/wp-json\/wp\/v2\/types\/post"}],"author":[{"embeddable":true,"href":"https:\/\/www.tucomarca.com\/wordpress\/segunda\/wp-json\/wp\/v2\/users\/1"}],"replies":[{"embeddable":true,"href":"https:\/\/www.tucomarca.com\/wordpress\/segunda\/wp-json\/wp\/v2\/comments?post=67588"}],"version-history":[{"count":0,"href":"https:\/\/www.tucomarca.com\/wordpress\/segunda\/wp-json\/wp\/v2\/posts\/67588\/revisions"}],"wp:featuredmedia":[{"embeddable":true,"href":"https:\/\/www.tucomarca.com\/wordpress\/segunda\/wp-json\/wp\/v2\/media\/67590"}],"wp:attachment":[{"href":"https:\/\/www.tucomarca.com\/wordpress\/segunda\/wp-json\/wp\/v2\/media?parent=67588"}],"wp:term":[{"taxonomy":"category","embeddable":true,"href":"https:\/\/www.tucomarca.com\/wordpress\/segunda\/wp-json\/wp\/v2\/categories?post=67588"},{"taxonomy":"post_tag","embeddable":true,"href":"https:\/\/www.tucomarca.com\/wordpress\/segunda\/wp-json\/wp\/v2\/tags?post=67588"}],"curies":[{"name":"wp","href":"https:\/\/api.w.org\/{rel}","templated":true}]}}