{"id":67616,"date":"2018-04-05T22:50:05","date_gmt":"2018-04-05T20:50:05","guid":{"rendered":"http:\/\/www.tucomarca.com\/wordpress\/segunda\/?p=67616"},"modified":"2018-04-05T22:50:05","modified_gmt":"2018-04-05T20:50:05","slug":"el-campo-la-vina-de-cheste-acoge-una-nueva-edicion-del-torneo-escorpion-solidario","status":"publish","type":"post","link":"https:\/\/www.tucomarca.com\/wordpress\/segunda\/el-campo-la-vina-de-cheste-acoge-una-nueva-edicion-del-torneo-escorpion-solidario\/","title":{"rendered":"El Campo La Vi\u00f1a de Cheste acoge una nueva edici\u00f3n del Torneo Escorpi\u00f3n Solidario"},"content":{"rendered":"<figure id=\"attachment_67618\" aria-describedby=\"caption-attachment-67618\" style=\"width: 5184px\" class=\"wp-caption alignleft\"><img loading=\"lazy\" decoding=\"async\" class=\"size-full wp-image-67618\" src=\"https:\/\/www.tucomarca.com\/wordpress\/segunda\/wp-content\/uploads\/2018\/04\/TorneoEscorpSolid01.jpg\" alt=\"El campeonato se jug\u00f3 en la modalidad de 3 x 3, en equipos mixtos formados por ni\u00f1as y ni\u00f1os.\" width=\"5184\" height=\"3456\" srcset=\"https:\/\/www.tucomarca.com\/wordpress\/segunda\/wp-content\/uploads\/2018\/04\/TorneoEscorpSolid01.jpg 5184w, https:\/\/www.tucomarca.com\/wordpress\/segunda\/wp-content\/uploads\/2018\/04\/TorneoEscorpSolid01-300x200.jpg 300w, https:\/\/www.tucomarca.com\/wordpress\/segunda\/wp-content\/uploads\/2018\/04\/TorneoEscorpSolid01-768x512.jpg 768w, https:\/\/www.tucomarca.com\/wordpress\/segunda\/wp-content\/uploads\/2018\/04\/TorneoEscorpSolid01-1024x683.jpg 1024w\" sizes=\"auto, (max-width: 5184px) 100vw, 5184px\" \/><figcaption id=\"caption-attachment-67618\" class=\"wp-caption-text\">El campeonato se jug\u00f3 en la modalidad de 3 x 3, en equipos mixtos formados por ni\u00f1as y ni\u00f1os.<\/figcaption><\/figure>\n<p>El pasado lunes se celebr\u00f3 una nueva edici\u00f3n del Torneo Escorpi\u00f3n Solidario de f\u00fatbol, este a\u00f1o con la recaudaci\u00f3n de las inscripciones a beneficio de Per Ells Tur\u00eds, asociaci\u00f3n sin \u00e1nimo de lucro que trabaja por la integraci\u00f3n de las personas con diversidad funcional.<\/p>\n<p>Como cada a\u00f1o, el campeonato se jug\u00f3 en la modalidad de 3 x 3, en equipos mixtos formados por ni\u00f1as y ni\u00f1os que compitieron en cuatro categor\u00edas, querub\u00edn &#8211; prebenjam\u00edn, benjam\u00edn, alev\u00edn e infantil. \u201cAl igual que en este torneo, en el f\u00fatbol federado los chicos y chicas juegan juntos hasta la categor\u00eda cadete\u201d, explicaba Vicente Garc\u00eda, coordinador de la EDM de f\u00fatbol. \u201cHoy podemos ver aqu\u00ed a algunas de las 23 ni\u00f1as que entrenan todos lo viernes y con las que esperamos poder formar el primer equipo federado que compita en la liga femenina\u201d.<\/p>\n<p>El campo \u201cLa Vi\u00f1a\u201d se dividi\u00f3 en cuatro zonas para que los partidos se jugaran simult\u00e1neamente en todas las categor\u00edas, siguiendo las reglas b\u00e1sicas del f\u00fatbol pero adaptadas a la modalidad de competici\u00f3n por equipos de tres jugadores o jugadoras. \u201cSe han hecho grupos para que cada equipo tenga como m\u00ednimo la opci\u00f3n de jugar dos partidos, luego los primeros de cada grupo han jugado las semifinales y las finales y, en caso de empate, se ha recurrido a los penaltis\u201d, explicaba Garc\u00eda. \u201cDesde la escuela municipal de f\u00fatbol nos volcamos con eventos como este en los que hay tanta participaci\u00f3n de ni\u00f1os y ni\u00f1as y se lo pasan tan bien; para ellos es divertido jugar fuera del \u00e1mbito reglamentario de la competici\u00f3n que hacen normalmente, organizarse ellos mismos los equipos y tambi\u00e9n tener la oportunidad de hacer nuevos amigos de otros colegios, o incluso de otros pueblos\u201d.<\/p>\n<p>Tras m\u00e1s de cuatro horas de torneo, se jugaron las finales y se procedi\u00f3 al acto de entrega de premios, en el que participaron el concejal de Deportes, Francisco Llorens y las representantes de la asociaci\u00f3n Per Ells, que fueron los encargados de dar las copas a los tres primeros equipos clasificados en cada categor\u00eda.<\/p>\n<p>A continuaci\u00f3n se puede consultar la clasificaci\u00f3n:<\/p>\n<p><b>Prebenjamines:<\/b><\/p>\n<p><b>1. Diablos Rojos.<\/b><i> Jordi De Andr\u00e9s, Juan C\u00e1tedra y Rub\u00e9n Morell.<\/i><\/p>\n<p><b>2. MSN. <\/b><i>Silviu Graciun, Saul Peinado y Lluis Tejedor.<\/i><\/p>\n<p><b>3. Minifutboleros. <\/b><i>Iv\u00e1n Tar\u00edn, Nacho Tar\u00edn, Andrei Anastase.<\/i><\/p>\n<p><b>Benjamines:<\/b><\/p>\n<p><b>1. The Eagles. <\/b><i>Germ\u00e1n Jim\u00e9nez, Pablo Coronado y Hugo Esteve.<\/i><\/p>\n<p><b>2. At\u00f3micos. <\/b><i>Andoni Rosell\u00f3, Juan Guardiola y Unai D\u00edaz<\/i><\/p>\n<p><b>3. Cheste 2018. <\/b><i>Carlos Arnau, Lucas Morell e Iv\u00e1n Huercio.<\/i><\/p>\n<p><b>Alev\u00edn:<\/b><\/p>\n<p><b>1. Los Mendas.<\/b><i> Andr\u00e9s Cort\u00e9s, Lucas Cort\u00e9s y Daniel Tortajada.<\/i><\/p>\n<p><b>2. Merengues. <\/b><i>Pedro Carbonell, Donovan Ib\u00e1\u00f1ez y Daniel Agullero.<\/i><\/p>\n<p><b>3. Los Fugaces. <\/b><i>Iker Peris, Diego Garc\u00eda, Adri\u00e1n Peinado.<\/i><\/p>\n<p><b>Infantil:<\/b><\/p>\n<p><b>1. Squad Golazo. <\/b><i>V\u00edctor N\u00fa\u00f1ez, Ana Bartol\u00ed, Ainoha Morell.<\/i><\/p>\n<p><b>2. No m\u00e9s 3\u20195. <\/b><i>Gaspar M\u00e1\u00f1ez, Hugo Gil y Mauro Rodr\u00edguez.<\/i><\/p>\n<p><b>3. Chupabanquillios.<i> <\/i><\/b><i>Federico Mart\u00ednez, Alejandro De Jorge y Pablo Turlo.<\/i><\/p>\n<div id='gallery-1' class='gallery galleryid-67616 gallery-columns-3 gallery-size-full'><figure class='gallery-item'>\n\t\t\t<div class='gallery-icon landscape'>\n\t\t\t\t<a href='https:\/\/www.tucomarca.com\/wordpress\/segunda\/el-campo-la-vina-de-cheste-acoge-una-nueva-edicion-del-torneo-escorpion-solidario\/torneoescorpsolid02\/'><img loading=\"lazy\" decoding=\"async\" width=\"5184\" height=\"3456\" src=\"https:\/\/www.tucomarca.com\/wordpress\/segunda\/wp-content\/uploads\/2018\/04\/TorneoEscorpSolid02.jpg\" class=\"attachment-full size-full\" alt=\"\" srcset=\"https:\/\/www.tucomarca.com\/wordpress\/segunda\/wp-content\/uploads\/2018\/04\/TorneoEscorpSolid02.jpg 5184w, https:\/\/www.tucomarca.com\/wordpress\/segunda\/wp-content\/uploads\/2018\/04\/TorneoEscorpSolid02-300x200.jpg 300w, https:\/\/www.tucomarca.com\/wordpress\/segunda\/wp-content\/uploads\/2018\/04\/TorneoEscorpSolid02-768x512.jpg 768w, https:\/\/www.tucomarca.com\/wordpress\/segunda\/wp-content\/uploads\/2018\/04\/TorneoEscorpSolid02-1024x683.jpg 1024w\" sizes=\"auto, (max-width: 5184px) 100vw, 5184px\" \/><\/a>\n\t\t\t<\/div><\/figure><figure class='gallery-item'>\n\t\t\t<div class='gallery-icon landscape'>\n\t\t\t\t<a href='https:\/\/www.tucomarca.com\/wordpress\/segunda\/el-campo-la-vina-de-cheste-acoge-una-nueva-edicion-del-torneo-escorpion-solidario\/torneoescorpsolid03\/'><img loading=\"lazy\" decoding=\"async\" width=\"5184\" height=\"3456\" src=\"https:\/\/www.tucomarca.com\/wordpress\/segunda\/wp-content\/uploads\/2018\/04\/TorneoEscorpSolid03.jpg\" class=\"attachment-full size-full\" alt=\"\" srcset=\"https:\/\/www.tucomarca.com\/wordpress\/segunda\/wp-content\/uploads\/2018\/04\/TorneoEscorpSolid03.jpg 5184w, https:\/\/www.tucomarca.com\/wordpress\/segunda\/wp-content\/uploads\/2018\/04\/TorneoEscorpSolid03-300x200.jpg 300w, https:\/\/www.tucomarca.com\/wordpress\/segunda\/wp-content\/uploads\/2018\/04\/TorneoEscorpSolid03-768x512.jpg 768w, https:\/\/www.tucomarca.com\/wordpress\/segunda\/wp-content\/uploads\/2018\/04\/TorneoEscorpSolid03-1024x683.jpg 1024w\" sizes=\"auto, (max-width: 5184px) 100vw, 5184px\" \/><\/a>\n\t\t\t<\/div><\/figure><figure class='gallery-item'>\n\t\t\t<div class='gallery-icon landscape'>\n\t\t\t\t<a href='https:\/\/www.tucomarca.com\/wordpress\/segunda\/el-campo-la-vina-de-cheste-acoge-una-nueva-edicion-del-torneo-escorpion-solidario\/torneoescorpsolid04\/'><img loading=\"lazy\" decoding=\"async\" width=\"5184\" height=\"3456\" src=\"https:\/\/www.tucomarca.com\/wordpress\/segunda\/wp-content\/uploads\/2018\/04\/TorneoEscorpSolid04.jpg\" class=\"attachment-full size-full\" alt=\"\" srcset=\"https:\/\/www.tucomarca.com\/wordpress\/segunda\/wp-content\/uploads\/2018\/04\/TorneoEscorpSolid04.jpg 5184w, https:\/\/www.tucomarca.com\/wordpress\/segunda\/wp-content\/uploads\/2018\/04\/TorneoEscorpSolid04-300x200.jpg 300w, https:\/\/www.tucomarca.com\/wordpress\/segunda\/wp-content\/uploads\/2018\/04\/TorneoEscorpSolid04-768x512.jpg 768w, https:\/\/www.tucomarca.com\/wordpress\/segunda\/wp-content\/uploads\/2018\/04\/TorneoEscorpSolid04-1024x683.jpg 1024w\" sizes=\"auto, (max-width: 5184px) 100vw, 5184px\" \/><\/a>\n\t\t\t<\/div><\/figure><figure class='gallery-item'>\n\t\t\t<div class='gallery-icon landscape'>\n\t\t\t\t<a href='https:\/\/www.tucomarca.com\/wordpress\/segunda\/el-campo-la-vina-de-cheste-acoge-una-nueva-edicion-del-torneo-escorpion-solidario\/torneoescorpsolid05\/'><img loading=\"lazy\" decoding=\"async\" width=\"5184\" height=\"3456\" src=\"https:\/\/www.tucomarca.com\/wordpress\/segunda\/wp-content\/uploads\/2018\/04\/TorneoEscorpSolid05.jpg\" class=\"attachment-full size-full\" alt=\"\" srcset=\"https:\/\/www.tucomarca.com\/wordpress\/segunda\/wp-content\/uploads\/2018\/04\/TorneoEscorpSolid05.jpg 5184w, https:\/\/www.tucomarca.com\/wordpress\/segunda\/wp-content\/uploads\/2018\/04\/TorneoEscorpSolid05-300x200.jpg 300w, https:\/\/www.tucomarca.com\/wordpress\/segunda\/wp-content\/uploads\/2018\/04\/TorneoEscorpSolid05-768x512.jpg 768w, https:\/\/www.tucomarca.com\/wordpress\/segunda\/wp-content\/uploads\/2018\/04\/TorneoEscorpSolid05-1024x683.jpg 1024w\" sizes=\"auto, (max-width: 5184px) 100vw, 5184px\" \/><\/a>\n\t\t\t<\/div><\/figure><figure class='gallery-item'>\n\t\t\t<div class='gallery-icon landscape'>\n\t\t\t\t<a href='https:\/\/www.tucomarca.com\/wordpress\/segunda\/el-campo-la-vina-de-cheste-acoge-una-nueva-edicion-del-torneo-escorpion-solidario\/torneoescorpsolid06\/'><img loading=\"lazy\" decoding=\"async\" width=\"5184\" height=\"3456\" src=\"https:\/\/www.tucomarca.com\/wordpress\/segunda\/wp-content\/uploads\/2018\/04\/TorneoEscorpSolid06.jpg\" class=\"attachment-full size-full\" alt=\"\" srcset=\"https:\/\/www.tucomarca.com\/wordpress\/segunda\/wp-content\/uploads\/2018\/04\/TorneoEscorpSolid06.jpg 5184w, https:\/\/www.tucomarca.com\/wordpress\/segunda\/wp-content\/uploads\/2018\/04\/TorneoEscorpSolid06-300x200.jpg 300w, https:\/\/www.tucomarca.com\/wordpress\/segunda\/wp-content\/uploads\/2018\/04\/TorneoEscorpSolid06-768x512.jpg 768w, https:\/\/www.tucomarca.com\/wordpress\/segunda\/wp-content\/uploads\/2018\/04\/TorneoEscorpSolid06-1024x683.jpg 1024w\" sizes=\"auto, (max-width: 5184px) 100vw, 5184px\" \/><\/a>\n\t\t\t<\/div><\/figure><figure class='gallery-item'>\n\t\t\t<div class='gallery-icon landscape'>\n\t\t\t\t<a href='https:\/\/www.tucomarca.com\/wordpress\/segunda\/el-campo-la-vina-de-cheste-acoge-una-nueva-edicion-del-torneo-escorpion-solidario\/torneoescorpsolid07\/'><img loading=\"lazy\" decoding=\"async\" width=\"5184\" height=\"3456\" src=\"https:\/\/www.tucomarca.com\/wordpress\/segunda\/wp-content\/uploads\/2018\/04\/TorneoEscorpSolid07.jpg\" class=\"attachment-full size-full\" alt=\"\" srcset=\"https:\/\/www.tucomarca.com\/wordpress\/segunda\/wp-content\/uploads\/2018\/04\/TorneoEscorpSolid07.jpg 5184w, https:\/\/www.tucomarca.com\/wordpress\/segunda\/wp-content\/uploads\/2018\/04\/TorneoEscorpSolid07-300x200.jpg 300w, https:\/\/www.tucomarca.com\/wordpress\/segunda\/wp-content\/uploads\/2018\/04\/TorneoEscorpSolid07-768x512.jpg 768w, https:\/\/www.tucomarca.com\/wordpress\/segunda\/wp-content\/uploads\/2018\/04\/TorneoEscorpSolid07-1024x683.jpg 1024w\" sizes=\"auto, (max-width: 5184px) 100vw, 5184px\" \/><\/a>\n\t\t\t<\/div><\/figure>\n\t\t<\/div>\n\n","protected":false},"excerpt":{"rendered":"<div class=\"mh-excerpt\">El pasado lunes se celebr\u00f3 una nueva edici\u00f3n del Torneo Escorpi\u00f3n Solidario de f\u00fatbol, este a\u00f1o con la recaudaci\u00f3n de las inscripciones a beneficio de Per Ells Tur\u00eds, asociaci\u00f3n sin \u00e1nimo de lucro que trabaja <a class=\"mh-excerpt-more\" href=\"https:\/\/www.tucomarca.com\/wordpress\/segunda\/el-campo-la-vina-de-cheste-acoge-una-nueva-edicion-del-torneo-escorpion-solidario\/\" title=\"El Campo La Vi\u00f1a de Cheste acoge una nueva edici\u00f3n del Torneo Escorpi\u00f3n Solidario\">[+] <\/a><\/div>\n","protected":false},"author":2,"featured_media":67618,"comment_status":"open","ping_status":"open","sticky":false,"template":"","format":"standard","meta":{"footnotes":""},"categories":[50,17,6,10,3,45],"tags":[10470,5952,10791],"class_list":{"0":"post-67616","1":"post","2":"type-post","3":"status-publish","4":"format-standard","5":"has-post-thumbnail","7":"category-futbol-deportes","8":"category-cheste","9":"category-deportes","10":"category-la-hoya","11":"category-seccion","12":"category-ventana","13":"tag-ayuntamiento-de-cheste","14":"tag-la-hoya-de-bunol-chiva","15":"tag-torneo-escorpion-solidario"},"_links":{"self":[{"href":"https:\/\/www.tucomarca.com\/wordpress\/segunda\/wp-json\/wp\/v2\/posts\/67616","targetHints":{"allow":["GET"]}}],"collection":[{"href":"https:\/\/www.tucomarca.com\/wordpress\/segunda\/wp-json\/wp\/v2\/posts"}],"about":[{"href":"https:\/\/www.tucomarca.com\/wordpress\/segunda\/wp-json\/wp\/v2\/types\/post"}],"author":[{"embeddable":true,"href":"https:\/\/www.tucomarca.com\/wordpress\/segunda\/wp-json\/wp\/v2\/users\/2"}],"replies":[{"embeddable":true,"href":"https:\/\/www.tucomarca.com\/wordpress\/segunda\/wp-json\/wp\/v2\/comments?post=67616"}],"version-history":[{"count":0,"href":"https:\/\/www.tucomarca.com\/wordpress\/segunda\/wp-json\/wp\/v2\/posts\/67616\/revisions"}],"wp:featuredmedia":[{"embeddable":true,"href":"https:\/\/www.tucomarca.com\/wordpress\/segunda\/wp-json\/wp\/v2\/media\/67618"}],"wp:attachment":[{"href":"https:\/\/www.tucomarca.com\/wordpress\/segunda\/wp-json\/wp\/v2\/media?parent=67616"}],"wp:term":[{"taxonomy":"category","embeddable":true,"href":"https:\/\/www.tucomarca.com\/wordpress\/segunda\/wp-json\/wp\/v2\/categories?post=67616"},{"taxonomy":"post_tag","embeddable":true,"href":"https:\/\/www.tucomarca.com\/wordpress\/segunda\/wp-json\/wp\/v2\/tags?post=67616"}],"curies":[{"name":"wp","href":"https:\/\/api.w.org\/{rel}","templated":true}]}}