{"id":67684,"date":"2018-04-06T15:35:55","date_gmt":"2018-04-06T13:35:55","guid":{"rendered":"http:\/\/www.tucomarca.com\/wordpress\/segunda\/?p=67684"},"modified":"2018-04-06T15:35:55","modified_gmt":"2018-04-06T13:35:55","slug":"la-concejalia-de-urbanismo-de-bunol-informa-del-inicio-de-la-retirada-de-amianto-de-la-antigua-papelera-silla","status":"publish","type":"post","link":"https:\/\/www.tucomarca.com\/wordpress\/segunda\/la-concejalia-de-urbanismo-de-bunol-informa-del-inicio-de-la-retirada-de-amianto-de-la-antigua-papelera-silla\/","title":{"rendered":"La concejal\u00eda de Urbanismo de Bu\u00f1ol informa del inicio de la retirada de amianto de la antigua Papelera Silla"},"content":{"rendered":"<figure id=\"attachment_67691\" aria-describedby=\"caption-attachment-67691\" style=\"width: 456px\" class=\"wp-caption alignleft\"><img loading=\"lazy\" decoding=\"async\" class=\"size-full wp-image-67691\" src=\"https:\/\/www.tucomarca.com\/wordpress\/segunda\/wp-content\/uploads\/2018\/04\/papelerasilla.jpg\" alt=\"Desde el Ayuntamiento de la localidad se aconseja a la poblaci\u00f3n que durante un mes no transiten por la zona debido al tr\u00e1fico de camiones y para facilitar la eficiencia y rapidez en los trabajos por parte de los operarios.\" width=\"456\" height=\"196\" srcset=\"https:\/\/www.tucomarca.com\/wordpress\/segunda\/wp-content\/uploads\/2018\/04\/papelerasilla.jpg 456w, https:\/\/www.tucomarca.com\/wordpress\/segunda\/wp-content\/uploads\/2018\/04\/papelerasilla-300x129.jpg 300w\" sizes=\"auto, (max-width: 456px) 100vw, 456px\" \/><figcaption id=\"caption-attachment-67691\" class=\"wp-caption-text\">Desde el Ayuntamiento de la localidad se aconseja a la poblaci\u00f3n que durante un mes no transiten por la zona debido al tr\u00e1fico de camiones y para facilitar la eficiencia y rapidez en los trabajos por parte de los operarios.<\/figcaption><\/figure>\n<p>La Concejal\u00eda de Obras y Urbanismo de Bu\u00f1ol ha informado a la poblaci\u00f3n de la retirada de amianto que desde este paso mi\u00e9rcoles 4 de abril se est\u00e1 llevando a cabo en la antigua Papelera Silla, ubicada en la salida de Bu\u00f1ol, junto a la Carretera de Alborache.<\/p>\n<p>Rafael P\u00e9rez, concejal del ramo y primer teniente de alcalde del Ayuntamiento de Bu\u00f1ol, ha recordado a los vecinos y visitantes que durante un mes estar\u00e1n produci\u00e9ndose todas las obras de retiro del fibrocemento del suelo y de los tejados, as\u00ed como limpieza de escombros, uralitas y muros que se encuentran en peligro. As\u00ed que, ha manifestado el edil: \u201cpor la peligrosidad que acarrean estas situaciones para la ciudadan\u00eda con el tr\u00e1fico de camiones y por facilitar un eficiente y r\u00e1pido trabajo a los operarios recomendamos que vecinos, visitantes y curiosos se abstengan de pasar por esa zona durante estos pr\u00f3ximos d\u00edas\u201d.<\/p>\n<p>El edil bu\u00f1olense se ha mostrado muy satisfecho por la consecuci\u00f3n de esta obra, que llevaba en expediente de derribo\u00a0 y orden de ejecuci\u00f3n desde hac\u00eda m\u00e1s de tres a\u00f1os. \u201cEstamos comprobando que este tipo de expedientes que se alargan mucho en el tiempo, que proceden de comienzos de la legislatura, finalmente s\u00ed se materializan y ahora vemos los resultados\u201d.<\/p>\n","protected":false},"excerpt":{"rendered":"<div class=\"mh-excerpt\">La Concejal\u00eda de Obras y Urbanismo de Bu\u00f1ol ha informado a la poblaci\u00f3n de la retirada de amianto que desde este paso mi\u00e9rcoles 4 de abril se est\u00e1 llevando a cabo en la antigua Papelera <a class=\"mh-excerpt-more\" href=\"https:\/\/www.tucomarca.com\/wordpress\/segunda\/la-concejalia-de-urbanismo-de-bunol-informa-del-inicio-de-la-retirada-de-amianto-de-la-antigua-papelera-silla\/\" title=\"La concejal\u00eda de Urbanismo de Bu\u00f1ol informa del inicio de la retirada de amianto de la antigua Papelera Silla\">[+] <\/a><\/div>\n","protected":false},"author":1,"featured_media":67691,"comment_status":"open","ping_status":"open","sticky":false,"template":"","format":"standard","meta":{"footnotes":""},"categories":[18,128,8,10,117,142,3,116,45],"tags":[10385,5952],"class_list":{"0":"post-67684","1":"post","2":"type-post","3":"status-publish","4":"format-standard","5":"has-post-thumbnail","7":"category-bunol","8":"category-infraestructuras","9":"category-la-comarca","10":"category-la-hoya","11":"category-medio-ambiente-la-comarca","12":"category-politica-la-comarca","13":"category-seccion","14":"category-sucesos-la-comarca","15":"category-ventana","16":"tag-bunol","17":"tag-la-hoya-de-bunol-chiva"},"_links":{"self":[{"href":"https:\/\/www.tucomarca.com\/wordpress\/segunda\/wp-json\/wp\/v2\/posts\/67684","targetHints":{"allow":["GET"]}}],"collection":[{"href":"https:\/\/www.tucomarca.com\/wordpress\/segunda\/wp-json\/wp\/v2\/posts"}],"about":[{"href":"https:\/\/www.tucomarca.com\/wordpress\/segunda\/wp-json\/wp\/v2\/types\/post"}],"author":[{"embeddable":true,"href":"https:\/\/www.tucomarca.com\/wordpress\/segunda\/wp-json\/wp\/v2\/users\/1"}],"replies":[{"embeddable":true,"href":"https:\/\/www.tucomarca.com\/wordpress\/segunda\/wp-json\/wp\/v2\/comments?post=67684"}],"version-history":[{"count":0,"href":"https:\/\/www.tucomarca.com\/wordpress\/segunda\/wp-json\/wp\/v2\/posts\/67684\/revisions"}],"wp:featuredmedia":[{"embeddable":true,"href":"https:\/\/www.tucomarca.com\/wordpress\/segunda\/wp-json\/wp\/v2\/media\/67691"}],"wp:attachment":[{"href":"https:\/\/www.tucomarca.com\/wordpress\/segunda\/wp-json\/wp\/v2\/media?parent=67684"}],"wp:term":[{"taxonomy":"category","embeddable":true,"href":"https:\/\/www.tucomarca.com\/wordpress\/segunda\/wp-json\/wp\/v2\/categories?post=67684"},{"taxonomy":"post_tag","embeddable":true,"href":"https:\/\/www.tucomarca.com\/wordpress\/segunda\/wp-json\/wp\/v2\/tags?post=67684"}],"curies":[{"name":"wp","href":"https:\/\/api.w.org\/{rel}","templated":true}]}}