{"id":67702,"date":"2018-04-07T20:46:04","date_gmt":"2018-04-07T18:46:04","guid":{"rendered":"http:\/\/www.tucomarca.com\/wordpress\/segunda\/?p=67702"},"modified":"2018-04-08T21:05:24","modified_gmt":"2018-04-08T19:05:24","slug":"las-imagenes-del-homenaje-de-la-sm-la-artistica-de-bunol-al-desaparecido-juan-carlos-manez","status":"publish","type":"post","link":"https:\/\/www.tucomarca.com\/wordpress\/segunda\/las-imagenes-del-homenaje-de-la-sm-la-artistica-de-bunol-al-desaparecido-juan-carlos-manez\/","title":{"rendered":"Las im\u00e1genes del homenaje de la SM \u00abLa Art\u00edstica\u00bb de Bu\u00f1ol al desaparecido Juan Carlos M\u00e1\u00f1ez"},"content":{"rendered":"<figure id=\"attachment_67709\" aria-describedby=\"caption-attachment-67709\" style=\"width: 601px\" class=\"wp-caption alignleft\"><img loading=\"lazy\" decoding=\"async\" class=\" wp-image-67709\" src=\"https:\/\/www.tucomarca.com\/wordpress\/segunda\/wp-content\/uploads\/2018\/04\/homenaje.jpg\" alt=\"Momento del homenaje a Juan Carlos M\u00e1\u00f1ez.\" width=\"601\" height=\"461\" srcset=\"https:\/\/www.tucomarca.com\/wordpress\/segunda\/wp-content\/uploads\/2018\/04\/homenaje.jpg 2773w, https:\/\/www.tucomarca.com\/wordpress\/segunda\/wp-content\/uploads\/2018\/04\/homenaje-300x230.jpg 300w, https:\/\/www.tucomarca.com\/wordpress\/segunda\/wp-content\/uploads\/2018\/04\/homenaje-768x590.jpg 768w, https:\/\/www.tucomarca.com\/wordpress\/segunda\/wp-content\/uploads\/2018\/04\/homenaje-1024x786.jpg 1024w\" sizes=\"auto, (max-width: 601px) 100vw, 601px\" \/><figcaption id=\"caption-attachment-67709\" class=\"wp-caption-text\">Momento del homenaje a Juan Carlos M\u00e1\u00f1ez.<\/figcaption><\/figure>\n<p>Como primer acto de la conmemoraci\u00f3n del 65 aniversario del teatro Montecarlo de Bu\u00f1ol, La SM \u00abLa Art\u00edstica\u00bb de Bu\u00f1ol rindi\u00f3 el pasado s\u00e1bado un entra\u00f1able homenaje a su m\u00fasico y compa\u00f1ero Juan Carlos M\u00e1\u00f1ez Clemente, recientemente fallecido.<\/p>\n<p>En el concierto homenaje se interpret\u00f3 el pasodoble\u00a0<em>Diane de Poitiers<\/em>, su favorito\u00a0ya\u00a0que que son\u00f3 en su primer concierto con la banda, la obra <em>Balan Fo<\/em>\u00a0en la que particip\u00f3\u00a0Fina S\u00e1ez cuando Juan Carlos dirig\u00eda la Banda de Vila Joiosa y <em>Robin Hood<\/em>, que form\u00f3 parte de su primer concierto con la banda del instituto. Adem\u00e1s de <em>El se\u00f1or de los Anillos,\u00a0<\/em>de Johan De Meij, que tantas veces interpret\u00f3 con \u00abLos Feos\u00bb. Todas estas obras volvieron a sonar con un sentimiento especial.<\/p>\n<p>En el comienzo\u00a0de la segunda parte se proyect\u00f3\u00a0un emotivo v\u00eddeo recordando a Juan Carlos, tras el que todos los m\u00fasicos de \u00abLa Art\u00edstica\u00bb\u00a0subieron al escenario y pincharon un clavel en un escudo de la\u00a0Sociedad que le fue entregado a la familia, \u2014representada por su padre, Carlos M\u00e1\u00f1ez, y su primo, Juan Clemente, m\u00fasico de la banda\u2014 por el presidente de \u00abLos Feos\u00bb, Paco Blasco, junto a la partitura de <em>Amigo Pancho<\/em>, compuesta para \u00e9l por sus amigos de \u201cLa tron\u00e1 de la Venta\u201d y entregada por un emocionado Paco Ferrer, muy amigo del homenajeado.<\/p>\n<p><em>Amigo Pancho<\/em> son\u00f3 por primera vez al arrancar la segunda parte del\u00a0sentido homenaje a este m\u00fasico y director que ha dejado una honda huella en la Sociedad,\u00a0en sus compa\u00f1eros m\u00fasicos y en toda la gente que le conoci\u00f3.<\/p>\n<div id='gallery-1' class='gallery galleryid-67702 gallery-columns-3 gallery-size-full'><figure class='gallery-item'>\n\t\t\t<div class='gallery-icon landscape'>\n\t\t\t\t<a href='https:\/\/www.tucomarca.com\/wordpress\/segunda\/las-imagenes-del-homenaje-de-la-sm-la-artistica-de-bunol-al-desaparecido-juan-carlos-manez\/homenaje01\/'><img loading=\"lazy\" decoding=\"async\" width=\"1066\" height=\"800\" src=\"https:\/\/www.tucomarca.com\/wordpress\/segunda\/wp-content\/uploads\/2018\/04\/homenaje01.jpg\" class=\"attachment-full size-full\" alt=\"\" srcset=\"https:\/\/www.tucomarca.com\/wordpress\/segunda\/wp-content\/uploads\/2018\/04\/homenaje01.jpg 1066w, https:\/\/www.tucomarca.com\/wordpress\/segunda\/wp-content\/uploads\/2018\/04\/homenaje01-300x225.jpg 300w, https:\/\/www.tucomarca.com\/wordpress\/segunda\/wp-content\/uploads\/2018\/04\/homenaje01-768x576.jpg 768w, https:\/\/www.tucomarca.com\/wordpress\/segunda\/wp-content\/uploads\/2018\/04\/homenaje01-1024x768.jpg 1024w\" sizes=\"auto, (max-width: 1066px) 100vw, 1066px\" \/><\/a>\n\t\t\t<\/div><\/figure><figure class='gallery-item'>\n\t\t\t<div class='gallery-icon landscape'>\n\t\t\t\t<a href='https:\/\/www.tucomarca.com\/wordpress\/segunda\/las-imagenes-del-homenaje-de-la-sm-la-artistica-de-bunol-al-desaparecido-juan-carlos-manez\/homenaje02\/'><img loading=\"lazy\" decoding=\"async\" width=\"1067\" height=\"800\" src=\"https:\/\/www.tucomarca.com\/wordpress\/segunda\/wp-content\/uploads\/2018\/04\/homenaje02.jpg\" class=\"attachment-full size-full\" alt=\"\" srcset=\"https:\/\/www.tucomarca.com\/wordpress\/segunda\/wp-content\/uploads\/2018\/04\/homenaje02.jpg 1067w, https:\/\/www.tucomarca.com\/wordpress\/segunda\/wp-content\/uploads\/2018\/04\/homenaje02-300x225.jpg 300w, https:\/\/www.tucomarca.com\/wordpress\/segunda\/wp-content\/uploads\/2018\/04\/homenaje02-768x576.jpg 768w, https:\/\/www.tucomarca.com\/wordpress\/segunda\/wp-content\/uploads\/2018\/04\/homenaje02-1024x768.jpg 1024w\" sizes=\"auto, (max-width: 1067px) 100vw, 1067px\" \/><\/a>\n\t\t\t<\/div><\/figure><figure class='gallery-item'>\n\t\t\t<div class='gallery-icon landscape'>\n\t\t\t\t<a href='https:\/\/www.tucomarca.com\/wordpress\/segunda\/las-imagenes-del-homenaje-de-la-sm-la-artistica-de-bunol-al-desaparecido-juan-carlos-manez\/homenaje03\/'><img loading=\"lazy\" decoding=\"async\" width=\"1066\" height=\"800\" src=\"https:\/\/www.tucomarca.com\/wordpress\/segunda\/wp-content\/uploads\/2018\/04\/homenaje03.jpg\" class=\"attachment-full size-full\" alt=\"\" srcset=\"https:\/\/www.tucomarca.com\/wordpress\/segunda\/wp-content\/uploads\/2018\/04\/homenaje03.jpg 1066w, https:\/\/www.tucomarca.com\/wordpress\/segunda\/wp-content\/uploads\/2018\/04\/homenaje03-300x225.jpg 300w, https:\/\/www.tucomarca.com\/wordpress\/segunda\/wp-content\/uploads\/2018\/04\/homenaje03-768x576.jpg 768w, https:\/\/www.tucomarca.com\/wordpress\/segunda\/wp-content\/uploads\/2018\/04\/homenaje03-1024x768.jpg 1024w\" sizes=\"auto, (max-width: 1066px) 100vw, 1066px\" \/><\/a>\n\t\t\t<\/div><\/figure><figure class='gallery-item'>\n\t\t\t<div class='gallery-icon landscape'>\n\t\t\t\t<a href='https:\/\/www.tucomarca.com\/wordpress\/segunda\/las-imagenes-del-homenaje-de-la-sm-la-artistica-de-bunol-al-desaparecido-juan-carlos-manez\/homenaje04\/'><img loading=\"lazy\" decoding=\"async\" width=\"1066\" height=\"800\" src=\"https:\/\/www.tucomarca.com\/wordpress\/segunda\/wp-content\/uploads\/2018\/04\/homenaje04.jpg\" class=\"attachment-full size-full\" alt=\"\" srcset=\"https:\/\/www.tucomarca.com\/wordpress\/segunda\/wp-content\/uploads\/2018\/04\/homenaje04.jpg 1066w, https:\/\/www.tucomarca.com\/wordpress\/segunda\/wp-content\/uploads\/2018\/04\/homenaje04-300x225.jpg 300w, https:\/\/www.tucomarca.com\/wordpress\/segunda\/wp-content\/uploads\/2018\/04\/homenaje04-768x576.jpg 768w, https:\/\/www.tucomarca.com\/wordpress\/segunda\/wp-content\/uploads\/2018\/04\/homenaje04-1024x768.jpg 1024w\" sizes=\"auto, (max-width: 1066px) 100vw, 1066px\" \/><\/a>\n\t\t\t<\/div><\/figure><figure class='gallery-item'>\n\t\t\t<div class='gallery-icon landscape'>\n\t\t\t\t<a href='https:\/\/www.tucomarca.com\/wordpress\/segunda\/las-imagenes-del-homenaje-de-la-sm-la-artistica-de-bunol-al-desaparecido-juan-carlos-manez\/homenaje05\/'><img loading=\"lazy\" decoding=\"async\" width=\"1049\" height=\"787\" src=\"https:\/\/www.tucomarca.com\/wordpress\/segunda\/wp-content\/uploads\/2018\/04\/homenaje05.jpg\" class=\"attachment-full size-full\" alt=\"\" srcset=\"https:\/\/www.tucomarca.com\/wordpress\/segunda\/wp-content\/uploads\/2018\/04\/homenaje05.jpg 1049w, https:\/\/www.tucomarca.com\/wordpress\/segunda\/wp-content\/uploads\/2018\/04\/homenaje05-300x225.jpg 300w, https:\/\/www.tucomarca.com\/wordpress\/segunda\/wp-content\/uploads\/2018\/04\/homenaje05-768x576.jpg 768w, https:\/\/www.tucomarca.com\/wordpress\/segunda\/wp-content\/uploads\/2018\/04\/homenaje05-1024x768.jpg 1024w\" sizes=\"auto, (max-width: 1049px) 100vw, 1049px\" \/><\/a>\n\t\t\t<\/div><\/figure>\n\t\t<\/div>\n\n<p>&nbsp;<\/p>\n","protected":false},"excerpt":{"rendered":"<div class=\"mh-excerpt\">Como primer acto de la conmemoraci\u00f3n del 65 aniversario del teatro Montecarlo de Bu\u00f1ol, La SM \u00abLa Art\u00edstica\u00bb de Bu\u00f1ol rindi\u00f3 el pasado s\u00e1bado un entra\u00f1able homenaje a su m\u00fasico y compa\u00f1ero Juan Carlos M\u00e1\u00f1ez <a class=\"mh-excerpt-more\" href=\"https:\/\/www.tucomarca.com\/wordpress\/segunda\/las-imagenes-del-homenaje-de-la-sm-la-artistica-de-bunol-al-desaparecido-juan-carlos-manez\/\" title=\"Las im\u00e1genes del homenaje de la SM \u00abLa Art\u00edstica\u00bb de Bu\u00f1ol al desaparecido Juan Carlos M\u00e1\u00f1ez\">[+] <\/a><\/div>\n","protected":false},"author":2,"featured_media":67709,"comment_status":"open","ping_status":"open","sticky":false,"template":"","format":"standard","meta":{"footnotes":""},"categories":[18,66,8,10,7,3,45],"tags":[10385,10795,5952,10559],"class_list":{"0":"post-67702","1":"post","2":"type-post","3":"status-publish","4":"format-standard","5":"has-post-thumbnail","7":"category-bunol","8":"category-musica","9":"category-la-comarca","10":"category-la-hoya","11":"category-ocio-y-cultura","12":"category-seccion","13":"category-ventana","14":"tag-bunol","15":"tag-juan-carlos-manez","16":"tag-la-hoya-de-bunol-chiva","17":"tag-sm-la-artistica-de-bunol"},"_links":{"self":[{"href":"https:\/\/www.tucomarca.com\/wordpress\/segunda\/wp-json\/wp\/v2\/posts\/67702","targetHints":{"allow":["GET"]}}],"collection":[{"href":"https:\/\/www.tucomarca.com\/wordpress\/segunda\/wp-json\/wp\/v2\/posts"}],"about":[{"href":"https:\/\/www.tucomarca.com\/wordpress\/segunda\/wp-json\/wp\/v2\/types\/post"}],"author":[{"embeddable":true,"href":"https:\/\/www.tucomarca.com\/wordpress\/segunda\/wp-json\/wp\/v2\/users\/2"}],"replies":[{"embeddable":true,"href":"https:\/\/www.tucomarca.com\/wordpress\/segunda\/wp-json\/wp\/v2\/comments?post=67702"}],"version-history":[{"count":0,"href":"https:\/\/www.tucomarca.com\/wordpress\/segunda\/wp-json\/wp\/v2\/posts\/67702\/revisions"}],"wp:featuredmedia":[{"embeddable":true,"href":"https:\/\/www.tucomarca.com\/wordpress\/segunda\/wp-json\/wp\/v2\/media\/67709"}],"wp:attachment":[{"href":"https:\/\/www.tucomarca.com\/wordpress\/segunda\/wp-json\/wp\/v2\/media?parent=67702"}],"wp:term":[{"taxonomy":"category","embeddable":true,"href":"https:\/\/www.tucomarca.com\/wordpress\/segunda\/wp-json\/wp\/v2\/categories?post=67702"},{"taxonomy":"post_tag","embeddable":true,"href":"https:\/\/www.tucomarca.com\/wordpress\/segunda\/wp-json\/wp\/v2\/tags?post=67702"}],"curies":[{"name":"wp","href":"https:\/\/api.w.org\/{rel}","templated":true}]}}