{"id":6775,"date":"2012-08-27T10:21:43","date_gmt":"2012-08-27T08:21:43","guid":{"rendered":"http:\/\/www.tucomarca.com\/wordpress\/segunda\/?p=6775"},"modified":"2012-08-27T10:22:40","modified_gmt":"2012-08-27T08:22:40","slug":"gobernacion-retira-el-nivel-3-de-preemergencia","status":"publish","type":"post","link":"https:\/\/www.tucomarca.com\/wordpress\/segunda\/gobernacion-retira-el-nivel-3-de-preemergencia\/","title":{"rendered":"Gobernaci\u00f3n retira el Nivel 3 de preemergencia"},"content":{"rendered":"<p>La Generalitat, a trav\u00e9s del Centro de Coordinaci\u00f3n de Emergencias (CCE), retira hoy lunes, 27 de agosto, el Nivel 3 de Preemergencia, riesgo m\u00e1ximo de incendios forestales, en el interior norte e interior sur de la provincia de Castell\u00f3n; interior y sur de la provincia de Valencia; y norte de la provincia de Alicante.  As\u00ed pues, hoy no hay Nivel 3 de Preemergencia en ninguna provincia de la Comunitat Valenciana.<br \/>\nLa Agencia Estatal de Meteorolog\u00eda (AEMET) prev\u00e9 para hoy una jornada con \u201cintervalos nubosos, predominando nubes bajas en el litoral, y evoluci\u00f3n en el interior por la tarde. posibilidad de alg\u00fan chubasco moderado, acompa\u00f1ado de tormenta, por la manana en el litoral y por la tarde en el interior. Temperaturas sin cambios o en ligero ascenso. Vientos de componente este flojos con intervalos de moderado en el litoral sur\u201d.<\/p>\n","protected":false},"excerpt":{"rendered":"<div class=\"mh-excerpt\">La Generalitat, a trav\u00e9s del Centro de Coordinaci\u00f3n de Emergencias (CCE), retira hoy lunes, 27 de agosto, el Nivel 3 de Preemergencia, riesgo m\u00e1ximo de incendios forestales, en el interior norte e interior sur de <a class=\"mh-excerpt-more\" href=\"https:\/\/www.tucomarca.com\/wordpress\/segunda\/gobernacion-retira-el-nivel-3-de-preemergencia\/\" title=\"Gobernaci\u00f3n retira el Nivel 3 de preemergencia\">[+] <\/a><\/div>\n","protected":false},"author":2,"featured_media":0,"comment_status":"open","ping_status":"open","sticky":false,"template":"","format":"standard","meta":{"footnotes":""},"categories":[8,72,10,3],"tags":[390],"class_list":{"0":"post-6775","1":"post","2":"type-post","3":"status-publish","4":"format-standard","6":"category-la-comarca","7":"category-sin-categorizar","8":"category-la-hoya","9":"category-seccion","10":"tag-gobernacion"},"_links":{"self":[{"href":"https:\/\/www.tucomarca.com\/wordpress\/segunda\/wp-json\/wp\/v2\/posts\/6775","targetHints":{"allow":["GET"]}}],"collection":[{"href":"https:\/\/www.tucomarca.com\/wordpress\/segunda\/wp-json\/wp\/v2\/posts"}],"about":[{"href":"https:\/\/www.tucomarca.com\/wordpress\/segunda\/wp-json\/wp\/v2\/types\/post"}],"author":[{"embeddable":true,"href":"https:\/\/www.tucomarca.com\/wordpress\/segunda\/wp-json\/wp\/v2\/users\/2"}],"replies":[{"embeddable":true,"href":"https:\/\/www.tucomarca.com\/wordpress\/segunda\/wp-json\/wp\/v2\/comments?post=6775"}],"version-history":[{"count":0,"href":"https:\/\/www.tucomarca.com\/wordpress\/segunda\/wp-json\/wp\/v2\/posts\/6775\/revisions"}],"wp:attachment":[{"href":"https:\/\/www.tucomarca.com\/wordpress\/segunda\/wp-json\/wp\/v2\/media?parent=6775"}],"wp:term":[{"taxonomy":"category","embeddable":true,"href":"https:\/\/www.tucomarca.com\/wordpress\/segunda\/wp-json\/wp\/v2\/categories?post=6775"},{"taxonomy":"post_tag","embeddable":true,"href":"https:\/\/www.tucomarca.com\/wordpress\/segunda\/wp-json\/wp\/v2\/tags?post=6775"}],"curies":[{"name":"wp","href":"https:\/\/api.w.org\/{rel}","templated":true}]}}