{"id":6778,"date":"2012-08-27T10:54:23","date_gmt":"2012-08-27T08:54:23","guid":{"rendered":"http:\/\/www.tucomarca.com\/wordpress\/segunda\/?p=6778"},"modified":"2012-08-27T10:54:23","modified_gmt":"2012-08-27T08:54:23","slug":"el-pspv-psoe-convoca-a-los-secretarios-comarcales-para-el-proximo-5-de-septiembre","status":"publish","type":"post","link":"https:\/\/www.tucomarca.com\/wordpress\/segunda\/el-pspv-psoe-convoca-a-los-secretarios-comarcales-para-el-proximo-5-de-septiembre\/","title":{"rendered":"El PSPV-PSOE convoca a los Secretarios Comarcales para el pr\u00f3ximo 5 de septiembre"},"content":{"rendered":"<p>El portavoz de la Ejecutiva Nacional del PSPV-PSOE, Francesc Romeu, ha anunciado que los socialistas realizar\u00e1n una serie de encuentros el pr\u00f3ximo mes de septiembre que se iniciar\u00e1n con la reuni\u00f3n de la Ejecutiva Nacional el pr\u00f3ximo 1 de septiembre. De esta manera, han convocado tambi\u00e9n el Consell Territorial el 5 de septiembre y, seg\u00fan ha explicado Romeu, \u201cser\u00e1 la primera vez que todos los secretarios generales comarcales se re\u00fanan con el secretario general del PSPV-PSOE, Ximo Puig\u201d. La agenda de los socialistas para septiembre se completar\u00e1 con el Comit\u00e9 Nacional, que se reunir\u00e1 a finales de septiembre, y el d\u00eda 22 de ese mes se iniciar\u00e1 el primer Consell Nacional que, en esta ocasi\u00f3n, tratar\u00e1 la educaci\u00f3n. Adem\u00e1s, el portavoz socialista ha se\u00f1alado que \u201cse pondr\u00e1n en marcha las tres oficinas parlamentarias en cada provincia y las dos fundaciones tanto la Fundaci\u00f3 Societat i Progr\u00e9s como la Fundaci\u00f3 de Poder Local\u201d.<br \/>\nEn este sentido, Romeu ha asegurado que estas reuniones tendr\u00e1n como objetivo \u201cseguir presentando iniciativas y coordinando actuaciones para denunciar la situaci\u00f3n pol\u00edtica y econ\u00f3mica que vive la Comunitat Valenciana, as\u00ed como el terrible d\u00e9ficit democr\u00e1tico que vivimos\u201d. Por ello, el portavoz socialista ha anunciado que se va a \u201cintensificar el discurso y la presencia social\u201d con iniciativas pol\u00edticas \u201cen defensa de la creaci\u00f3n de puestos de trabajo que den respuesta a uno de los principales problemas de la Comunitat y que el gobierno del PP ha sido incapaz de hacer frente\u201d.<br \/>\nAdem\u00e1s, los socialistas tambi\u00e9n pondr\u00e1n en marcha \u201ctodas las acciones necesarias para defender las pol\u00edticas sociales y garantizar el estado del bienestar que est\u00e1 siendo maltratado por Fabra\u201d y se centrar\u00e1n en \u201cla defensa del autogobierno para proteger nuestras instituciones y nuestra capacidad de autogobierno que ha sido liquidada por el gobierno de Fabra\u201d. <\/p>\n","protected":false},"excerpt":{"rendered":"<div class=\"mh-excerpt\">El portavoz de la Ejecutiva Nacional del PSPV-PSOE, Francesc Romeu, ha anunciado que los socialistas realizar\u00e1n una serie de encuentros el pr\u00f3ximo mes de septiembre que se iniciar\u00e1n con la reuni\u00f3n de la Ejecutiva Nacional <a class=\"mh-excerpt-more\" href=\"https:\/\/www.tucomarca.com\/wordpress\/segunda\/el-pspv-psoe-convoca-a-los-secretarios-comarcales-para-el-proximo-5-de-septiembre\/\" title=\"El PSPV-PSOE convoca a los Secretarios Comarcales para el pr\u00f3ximo 5 de septiembre\">[+] <\/a><\/div>\n","protected":false},"author":2,"featured_media":0,"comment_status":"open","ping_status":"open","sticky":false,"template":"","format":"standard","meta":{"footnotes":""},"categories":[8,10,142,3],"tags":[32],"class_list":{"0":"post-6778","1":"post","2":"type-post","3":"status-publish","4":"format-standard","6":"category-la-comarca","7":"category-la-hoya","8":"category-politica-la-comarca","9":"category-seccion","10":"tag-politica"},"_links":{"self":[{"href":"https:\/\/www.tucomarca.com\/wordpress\/segunda\/wp-json\/wp\/v2\/posts\/6778","targetHints":{"allow":["GET"]}}],"collection":[{"href":"https:\/\/www.tucomarca.com\/wordpress\/segunda\/wp-json\/wp\/v2\/posts"}],"about":[{"href":"https:\/\/www.tucomarca.com\/wordpress\/segunda\/wp-json\/wp\/v2\/types\/post"}],"author":[{"embeddable":true,"href":"https:\/\/www.tucomarca.com\/wordpress\/segunda\/wp-json\/wp\/v2\/users\/2"}],"replies":[{"embeddable":true,"href":"https:\/\/www.tucomarca.com\/wordpress\/segunda\/wp-json\/wp\/v2\/comments?post=6778"}],"version-history":[{"count":0,"href":"https:\/\/www.tucomarca.com\/wordpress\/segunda\/wp-json\/wp\/v2\/posts\/6778\/revisions"}],"wp:attachment":[{"href":"https:\/\/www.tucomarca.com\/wordpress\/segunda\/wp-json\/wp\/v2\/media?parent=6778"}],"wp:term":[{"taxonomy":"category","embeddable":true,"href":"https:\/\/www.tucomarca.com\/wordpress\/segunda\/wp-json\/wp\/v2\/categories?post=6778"},{"taxonomy":"post_tag","embeddable":true,"href":"https:\/\/www.tucomarca.com\/wordpress\/segunda\/wp-json\/wp\/v2\/tags?post=6778"}],"curies":[{"name":"wp","href":"https:\/\/api.w.org\/{rel}","templated":true}]}}