{"id":6783,"date":"2012-08-27T10:59:41","date_gmt":"2012-08-27T08:59:41","guid":{"rendered":"http:\/\/www.tucomarca.com\/wordpress\/segunda\/?p=6783"},"modified":"2012-08-27T10:59:41","modified_gmt":"2012-08-27T08:59:41","slug":"ximo-puig-psoe-apuesta-por-%c2%absuperar-las-desigualdades%c2%bb-y-por-el-%c2%abdesarrollo-del-interior%c2%bb-durante-su-visita-a-ferevin","status":"publish","type":"post","link":"https:\/\/www.tucomarca.com\/wordpress\/segunda\/ximo-puig-psoe-apuesta-por-%c2%absuperar-las-desigualdades%c2%bb-y-por-el-%c2%abdesarrollo-del-interior%c2%bb-durante-su-visita-a-ferevin\/","title":{"rendered":"Ximo Puig (PSOE) apuesta por \u00absuperar las desigualdades\u00bb y por el \u00abdesarrollo del interior\u00bb durante su visita a Ferevin"},"content":{"rendered":"<p>Ferevin, que celebra su vig\u00e9simo segunda edici\u00f3n en Requena, es el mejor escaparate para dar a conocer los vinos y cavas de la DO Utiel-Requena. As\u00ed, en su visita a la Feria Requenense del Vino, el secretario general del PSPV-PSOE, Ximo Puig, ha mostrado su apoyo a los profesionales del sector destacando que \u201cla industria agroalimentaria\u00a0 es una de las industrias claves del futuro, y lo va ser especialmente en la Comunitat Valenciana\u201d.<\/p>\n<p>Puig\u00a0 ha destacado tambi\u00e9n la importancia de superar desigualdades y ha apostado de forma clara por el desarrollo del interior\u201d. El l\u00edder socialista ha destacado la labor que realizan las bodegas, cooperativas, empresarios y trabajadores del sector vin\u00edcola que est\u00e1n desarrollando y llevando los productos valencianos a altas cotas de comercializaci\u00f3n y calidad, consiguiendo tambi\u00e9n situar sus productos con \u00e9xito en el mercado extranjero.<\/p>\n<p>Puig ha estado acompa\u00f1ado en su visita por Francisco Rodr\u00edguez Mulero, responsable de la Secretar\u00eda de Agricultura y Agua en el PSPV-PSOE y el portavoz en la Diputaci\u00f3n de Valencia, Jos\u00e9 M. Orengo. As\u00ed, Rodr\u00edguez ha manifestado en Requena la importancia de que la Generalitat Valenciana dedique todos los recursos necesarios a ayudar a la agricultura en la zona.<\/p>\n<p>Los dirigentes socialistas han estado acompa\u00f1ados en su visita por el secretario general del PSPV-PSOE en Requena, Mario S\u00e1nchez, que ha agradecido \u201cla presencia en Requena de Ximo Puig, ya que s\u00e9 que ha hecho un gran esfuerzo por venir. Esto demuestra que el PSPV apoya a las zonas de interior y ayuda a promocionar nuestros fant\u00e1sticos vinos y cavas\u201d.<\/p>\n<p>S\u00e1nchez ha subrayado asimismo que \u201ccuando acabe la \u00e9poca de vendimia tenemos prevista una reuni\u00f3n de trabajo con Paco Rodr\u00edguez y todos los colectivos agrarios: sindicatos, bodegas y cooperativas para conocer mejor su situaci\u00f3n y trabajar con ellos para asegurar el futuro del sector en nuestra regi\u00f3n\u00bb. Asimismo S\u00e1nchez no ha dudado en reivindicar \u201cla promoci\u00f3n de la DO Cava con la que cuenta nuestra zona vitivin\u00edcola, para que se nos reconozca en toda la geograf\u00eda espa\u00f1ola\u201d.<\/p>\n","protected":false},"excerpt":{"rendered":"<div class=\"mh-excerpt\">Ferevin, que celebra su vig\u00e9simo segunda edici\u00f3n en Requena, es el mejor escaparate para dar a conocer los vinos y cavas de la DO Utiel-Requena. As\u00ed, en su visita a la Feria Requenense del Vino, <a class=\"mh-excerpt-more\" href=\"https:\/\/www.tucomarca.com\/wordpress\/segunda\/ximo-puig-psoe-apuesta-por-%c2%absuperar-las-desigualdades%c2%bb-y-por-el-%c2%abdesarrollo-del-interior%c2%bb-durante-su-visita-a-ferevin\/\" title=\"Ximo Puig (PSOE) apuesta por \u00absuperar las desigualdades\u00bb y por el \u00abdesarrollo del interior\u00bb durante su visita a Ferevin\">[+] <\/a><\/div>\n","protected":false},"author":1,"featured_media":2957,"comment_status":"open","ping_status":"open","sticky":false,"template":"","format":"standard","meta":{"footnotes":""},"categories":[8,5,142,383,28,27,3],"tags":[],"class_list":{"0":"post-6783","1":"post","2":"type-post","3":"status-publish","4":"format-standard","5":"has-post-thumbnail","7":"category-la-comarca","8":"category-la-semana-en-imagenes","9":"category-politica-la-comarca","10":"category-pueblos-en-fiestas","11":"category-requena","12":"category-requena-utiel","13":"category-seccion"},"_links":{"self":[{"href":"https:\/\/www.tucomarca.com\/wordpress\/segunda\/wp-json\/wp\/v2\/posts\/6783","targetHints":{"allow":["GET"]}}],"collection":[{"href":"https:\/\/www.tucomarca.com\/wordpress\/segunda\/wp-json\/wp\/v2\/posts"}],"about":[{"href":"https:\/\/www.tucomarca.com\/wordpress\/segunda\/wp-json\/wp\/v2\/types\/post"}],"author":[{"embeddable":true,"href":"https:\/\/www.tucomarca.com\/wordpress\/segunda\/wp-json\/wp\/v2\/users\/1"}],"replies":[{"embeddable":true,"href":"https:\/\/www.tucomarca.com\/wordpress\/segunda\/wp-json\/wp\/v2\/comments?post=6783"}],"version-history":[{"count":0,"href":"https:\/\/www.tucomarca.com\/wordpress\/segunda\/wp-json\/wp\/v2\/posts\/6783\/revisions"}],"wp:featuredmedia":[{"embeddable":true,"href":"https:\/\/www.tucomarca.com\/wordpress\/segunda\/wp-json\/wp\/v2\/media\/2957"}],"wp:attachment":[{"href":"https:\/\/www.tucomarca.com\/wordpress\/segunda\/wp-json\/wp\/v2\/media?parent=6783"}],"wp:term":[{"taxonomy":"category","embeddable":true,"href":"https:\/\/www.tucomarca.com\/wordpress\/segunda\/wp-json\/wp\/v2\/categories?post=6783"},{"taxonomy":"post_tag","embeddable":true,"href":"https:\/\/www.tucomarca.com\/wordpress\/segunda\/wp-json\/wp\/v2\/tags?post=6783"}],"curies":[{"name":"wp","href":"https:\/\/api.w.org\/{rel}","templated":true}]}}