{"id":6796,"date":"2012-08-27T11:11:32","date_gmt":"2012-08-27T09:11:32","guid":{"rendered":"http:\/\/www.tucomarca.com\/wordpress\/segunda\/?p=6796"},"modified":"2012-08-27T11:11:32","modified_gmt":"2012-08-27T09:11:32","slug":"aficionados-del-motherwell-escoces-proponen-adelantar-el-viaje-a-valencia-para-participar-de-la-tomatina","status":"publish","type":"post","link":"https:\/\/www.tucomarca.com\/wordpress\/segunda\/aficionados-del-motherwell-escoces-proponen-adelantar-el-viaje-a-valencia-para-participar-de-la-tomatina\/","title":{"rendered":"Aficionados del Motherwell escoc\u00e9s proponen adelantar el viaje a Valencia para participar de La Tomatina"},"content":{"rendered":"<p>Alrededor de 500 aficionados del Motherwell escoc\u00e9s \u2014equipo que este jueves se mide al Levante UD en el partido de vuelta de la Europa League\u2014 han mostrado su inter\u00e9s por adelantar el viaje a Valencia para participar en primera persona de la conocida Tomatina de Bu\u00f1ol, una fiesta por la que la directiva brit\u00e1nica ya pregunt\u00f3 a la delegaci\u00f3n granota desplazada en el partido de ida.<br \/>\nEl eco de esta batalla roja, y el hecho de que su equipo cuente con escasas opciones de pasar a la fase de grupos, ha ayudado a que los aficionados se tomen este desplazamiento como una aut\u00e9ntica fiesta.<\/p>\n","protected":false},"excerpt":{"rendered":"<div class=\"mh-excerpt\">Alrededor de 500 aficionados del Motherwell escoc\u00e9s \u2014equipo que este jueves se mide al Levante UD en el partido de vuelta de la Europa League\u2014 han mostrado su inter\u00e9s por adelantar el viaje a Valencia <a class=\"mh-excerpt-more\" href=\"https:\/\/www.tucomarca.com\/wordpress\/segunda\/aficionados-del-motherwell-escoces-proponen-adelantar-el-viaje-a-valencia-para-participar-de-la-tomatina\/\" title=\"Aficionados del Motherwell escoc\u00e9s proponen adelantar el viaje a Valencia para participar de La Tomatina\">[+] <\/a><\/div>\n","protected":false},"author":2,"featured_media":0,"comment_status":"open","ping_status":"open","sticky":false,"template":"","format":"standard","meta":{"footnotes":""},"categories":[18,8,10,3],"tags":[96],"class_list":{"0":"post-6796","1":"post","2":"type-post","3":"status-publish","4":"format-standard","6":"category-bunol","7":"category-la-comarca","8":"category-la-hoya","9":"category-seccion","10":"tag-tomatina"},"_links":{"self":[{"href":"https:\/\/www.tucomarca.com\/wordpress\/segunda\/wp-json\/wp\/v2\/posts\/6796","targetHints":{"allow":["GET"]}}],"collection":[{"href":"https:\/\/www.tucomarca.com\/wordpress\/segunda\/wp-json\/wp\/v2\/posts"}],"about":[{"href":"https:\/\/www.tucomarca.com\/wordpress\/segunda\/wp-json\/wp\/v2\/types\/post"}],"author":[{"embeddable":true,"href":"https:\/\/www.tucomarca.com\/wordpress\/segunda\/wp-json\/wp\/v2\/users\/2"}],"replies":[{"embeddable":true,"href":"https:\/\/www.tucomarca.com\/wordpress\/segunda\/wp-json\/wp\/v2\/comments?post=6796"}],"version-history":[{"count":0,"href":"https:\/\/www.tucomarca.com\/wordpress\/segunda\/wp-json\/wp\/v2\/posts\/6796\/revisions"}],"wp:attachment":[{"href":"https:\/\/www.tucomarca.com\/wordpress\/segunda\/wp-json\/wp\/v2\/media?parent=6796"}],"wp:term":[{"taxonomy":"category","embeddable":true,"href":"https:\/\/www.tucomarca.com\/wordpress\/segunda\/wp-json\/wp\/v2\/categories?post=6796"},{"taxonomy":"post_tag","embeddable":true,"href":"https:\/\/www.tucomarca.com\/wordpress\/segunda\/wp-json\/wp\/v2\/tags?post=6796"}],"curies":[{"name":"wp","href":"https:\/\/api.w.org\/{rel}","templated":true}]}}