{"id":6799,"date":"2012-08-27T11:10:08","date_gmt":"2012-08-27T09:10:08","guid":{"rendered":"http:\/\/www.tucomarca.com\/wordpress\/segunda\/?p=6799"},"modified":"2012-08-27T11:10:08","modified_gmt":"2012-08-27T09:10:08","slug":"el-hospital-la-fe-lidera-un-estudio-sobre-la-relacion-entre-la-apnea-grave-del-sueno-y-el-riesgo-de-cancer","status":"publish","type":"post","link":"https:\/\/www.tucomarca.com\/wordpress\/segunda\/el-hospital-la-fe-lidera-un-estudio-sobre-la-relacion-entre-la-apnea-grave-del-sueno-y-el-riesgo-de-cancer\/","title":{"rendered":"El Hospital La Fe lidera un estudio sobre la relaci\u00f3n entre la apnea grave del sue\u00f1o y el riesgo de c\u00e1ncer"},"content":{"rendered":"<p>El Hospital Universitari i Polit\u00e8cnic La Fe ha liderado un estudio que  asociar\u00eda el hecho de padecer apnea del sue\u00f1o grave con un mayor riesgo  de padecer c\u00e1ncer.<\/p>\n<p>Este estudio, realizado desde el Grupo Espa\u00f1ol de Sue\u00f1o (GES),  ha sido liderado por el Dr. Miguel \u00c1ngel Mart\u00ednez Garc\u00eda del Servicio de  Neumolog\u00eda del Hospital La Fe y por el Dr. Francisco Campos-Rodr\u00edguez  del Hospital Valme de Sevilla.<\/p>\n<p>\u00abActualmente sabemos que existe una asociaci\u00f3n entre ambas  enfermedades, pero hay que subrayar que eso no significa que  necesariamente una persona con apnea del sue\u00f1o vaya a padecer un  c\u00e1ncer\u00bb, ha declarado el Dr. Miguel \u00c1ngel Mart\u00ednez Garc\u00eda del servicio  de Neumolog\u00eda del Hospital La Fe.<\/p>\n<p>Se sospecha que el mecanismo que podr\u00eda unir a ambas patolog\u00edas  es el hecho de que al padecer apnea del sue\u00f1o se produce un descenso  intermitente de la saturaci\u00f3n de ox\u00edgeno en sangre del paciente. Ello  genera una hipoxia en los tejidos y activa una serie de sustancias que  pueden provocar la aparici\u00f3n de un c\u00e1ncer o bien formar una mayor  vascularizaci\u00f3n de los tumores (llegada de mayor cantidad de sangre por  la formaci\u00f3n de vasos sangu\u00edneos nuevos pero an\u00f3malos), lo cual  favorecer\u00eda su propagaci\u00f3n y por lo tanto una mayor posibilidad de morir  por c\u00e1ncer.<\/p>\n<p>\u00abSi se confirman estos resultados con nuevos estudios, las  consecuencias cl\u00ednicas que se pueden extraer de los mismos ser\u00edan muy  importantes, dado que la apnea del sue\u00f1o es una enfermedad  potencialmente tratable con lo que supuestamente podr\u00edamos mejorar la  evoluci\u00f3n del c\u00e1ncer o su respuesta al tratamiento. De momento, con los  estudios existentes tan solo podemos decir que existe una asociaci\u00f3n  entre ambas enfermedades, pero abre un camino de investigaci\u00f3n  enormemente prometedor\u00bb, ha declarado el Dr. Miguel \u00c1ngel Mart\u00ednez  Garc\u00eda del Servicio de Neumolog\u00eda del Hospital La Fe.<\/p>\n<p>En este estudio formaron parte m\u00e1s de 5.000 pacientes seguidos  durante m\u00e1s de 7 a\u00f1os procedentes de las Unidades de Sue\u00f1o de diferentes  hospitales espa\u00f1oles. Los resultados de este estudio fueron presentados  en la reuni\u00f3n anual de la American Thoracic Society en San Francisco  levantando gran expectaci\u00f3n hasta el punto de que  publicaciones  cient\u00edficas tan importantes como Lancet o el peri\u00f3dico New York Times se  hicieron eco de los resultados.<\/p>\n<p>\u00abEsta asociaci\u00f3n entre apnea del sue\u00f1o y c\u00e1ncer ya hab\u00eda sido  sugerida por estudios previos en animales realizados en la Universidad  de Barcelona y ahora se ha constatado que tambi\u00e9n parece existir en  humanos. Un estudio recientemente realizado en Wisconsin (EEUU) ha  llegado a resultados semejantes a los nuestros\u00bb, ha subrayado el Dr.  Mart\u00ednez.<\/p>\n<p><strong>\u00bfQu\u00e9 es la apnea del sue\u00f1o? <\/strong><\/p>\n<p>La apnea del sue\u00f1o afecta especialmente a personas con obesidad  y roncadoras y produce un cese intermitente de la respiraci\u00f3n, en las  formas graves incluso cientos de veces a lo largo de una misma noche.  Este cese en la respiraci\u00f3n provoca un descenso de la saturaci\u00f3n de  ox\u00edgeno en la sangre y en los \u00f3rganos y tejidos de los afectados.<\/p>\n<p>Esta enfermedad se ha relacionado con mayor riesgo de padecer  accidentes de tr\u00e1fico, laborales y dom\u00e9sticos, ya que las personas con  apnea presentan una mayor lentitud en sus reflejos y una somnolencia  diurna excesiva. Tambi\u00e9n se ha relacionado con una mayor probabilidad de  padecer o morir por problemas cardiovasculares.<\/p>\n<p>Sin embargo hasta la aparici\u00f3n de este estudio no se hab\u00eda  relacionado con la aparici\u00f3n de c\u00e1ncer o un aumento de la probabilidad  de morir por el mismo en humanos.<\/p>\n","protected":false},"excerpt":{"rendered":"<div class=\"mh-excerpt\">El Hospital Universitari i Polit\u00e8cnic La Fe ha liderado un estudio que asociar\u00eda el hecho de padecer apnea del sue\u00f1o grave con un mayor riesgo de padecer c\u00e1ncer. Este estudio, realizado desde el Grupo Espa\u00f1ol <a class=\"mh-excerpt-more\" href=\"https:\/\/www.tucomarca.com\/wordpress\/segunda\/el-hospital-la-fe-lidera-un-estudio-sobre-la-relacion-entre-la-apnea-grave-del-sueno-y-el-riesgo-de-cancer\/\" title=\"El Hospital La Fe lidera un estudio sobre la relaci\u00f3n entre la apnea grave del sue\u00f1o y el riesgo de c\u00e1ncer\">[+] <\/a><\/div>\n","protected":false},"author":1,"featured_media":0,"comment_status":"open","ping_status":"open","sticky":false,"template":"","format":"standard","meta":{"footnotes":""},"categories":[119,8,72,3],"tags":[],"class_list":{"0":"post-6799","1":"post","2":"type-post","3":"status-publish","4":"format-standard","6":"category-sanidad-la-comarca","7":"category-la-comarca","8":"category-sin-categorizar","9":"category-seccion"},"_links":{"self":[{"href":"https:\/\/www.tucomarca.com\/wordpress\/segunda\/wp-json\/wp\/v2\/posts\/6799","targetHints":{"allow":["GET"]}}],"collection":[{"href":"https:\/\/www.tucomarca.com\/wordpress\/segunda\/wp-json\/wp\/v2\/posts"}],"about":[{"href":"https:\/\/www.tucomarca.com\/wordpress\/segunda\/wp-json\/wp\/v2\/types\/post"}],"author":[{"embeddable":true,"href":"https:\/\/www.tucomarca.com\/wordpress\/segunda\/wp-json\/wp\/v2\/users\/1"}],"replies":[{"embeddable":true,"href":"https:\/\/www.tucomarca.com\/wordpress\/segunda\/wp-json\/wp\/v2\/comments?post=6799"}],"version-history":[{"count":0,"href":"https:\/\/www.tucomarca.com\/wordpress\/segunda\/wp-json\/wp\/v2\/posts\/6799\/revisions"}],"wp:attachment":[{"href":"https:\/\/www.tucomarca.com\/wordpress\/segunda\/wp-json\/wp\/v2\/media?parent=6799"}],"wp:term":[{"taxonomy":"category","embeddable":true,"href":"https:\/\/www.tucomarca.com\/wordpress\/segunda\/wp-json\/wp\/v2\/categories?post=6799"},{"taxonomy":"post_tag","embeddable":true,"href":"https:\/\/www.tucomarca.com\/wordpress\/segunda\/wp-json\/wp\/v2\/tags?post=6799"}],"curies":[{"name":"wp","href":"https:\/\/api.w.org\/{rel}","templated":true}]}}