{"id":6803,"date":"2012-08-27T11:17:13","date_gmt":"2012-08-27T09:17:13","guid":{"rendered":"http:\/\/www.tucomarca.com\/wordpress\/segunda\/?p=6803"},"modified":"2012-08-27T11:17:13","modified_gmt":"2012-08-27T09:17:13","slug":"renfe-tiene-previsto-ofertar-12-000-plazas-adicionales-este-miercoles-con-motivo-de-la-tomatina","status":"publish","type":"post","link":"https:\/\/www.tucomarca.com\/wordpress\/segunda\/renfe-tiene-previsto-ofertar-12-000-plazas-adicionales-este-miercoles-con-motivo-de-la-tomatina\/","title":{"rendered":"Renfe tiene previsto ofertar 12.000 plazas adicionales este mi\u00e9rcoles con motivo de La Tomatina"},"content":{"rendered":"<p>Renfe ha programado la circulaci\u00f3n de seis trenes especiales con motivo de la celebraci\u00f3n de el pr\u00f3ximo mi\u00e9rcoles de la popular Tomatina de Bu\u00f1ol (Valencia), con lo que oferta 12.000 plazas adicionales. La l\u00ednea C-3 con origen Valencia y con parada en Bu\u00f1ol, ver\u00e1 incrementada su oferta un 40 por ciento. En total, la oferta global de cercan\u00edas superar\u00e1 las 29.000 plazas en ambos sentidos.<br \/>\nAdem\u00e1s de los trenes Especiales, los Cercan\u00edas que circulan habitualmente por la l\u00ednea C-3 entre Valencia Sant Isidre y Bu\u00f1ol ver\u00e1n reforzada su oferta de plazas \u2014en ambos sentidos\u2014 \u00abcon el fin de atender la demanda que se produce de manera escalonada\u00bb. Un total de 48 trenes (24 por sentido) con origen y destino Bu\u00f1ol circular\u00e1n durante la jornada del d\u00eda 29 de agosto.<br \/>\nSeg\u00fan ha informado la operadora en un comunicado, los trenes de Cercan\u00edas se han convertido en \u00abdestacados\u00bb protagonistas a la hora de acceder hasta el centro de Bu\u00f1ol durante la Fiesta de la Tomatina ya que constituyen una \u00abalternativa al transporte mediante el autom\u00f3vil particular\u00bb.<\/p>\n","protected":false},"excerpt":{"rendered":"<div class=\"mh-excerpt\">Renfe ha programado la circulaci\u00f3n de seis trenes especiales con motivo de la celebraci\u00f3n de el pr\u00f3ximo mi\u00e9rcoles de la popular Tomatina de Bu\u00f1ol (Valencia), con lo que oferta 12.000 plazas adicionales. La l\u00ednea C-3 <a class=\"mh-excerpt-more\" href=\"https:\/\/www.tucomarca.com\/wordpress\/segunda\/renfe-tiene-previsto-ofertar-12-000-plazas-adicionales-este-miercoles-con-motivo-de-la-tomatina\/\" title=\"Renfe tiene previsto ofertar 12.000 plazas adicionales este mi\u00e9rcoles con motivo de La Tomatina\">[+] <\/a><\/div>\n","protected":false},"author":2,"featured_media":0,"comment_status":"open","ping_status":"open","sticky":false,"template":"","format":"standard","meta":{"footnotes":""},"categories":[18,8,10,3],"tags":[96],"class_list":{"0":"post-6803","1":"post","2":"type-post","3":"status-publish","4":"format-standard","6":"category-bunol","7":"category-la-comarca","8":"category-la-hoya","9":"category-seccion","10":"tag-tomatina"},"_links":{"self":[{"href":"https:\/\/www.tucomarca.com\/wordpress\/segunda\/wp-json\/wp\/v2\/posts\/6803","targetHints":{"allow":["GET"]}}],"collection":[{"href":"https:\/\/www.tucomarca.com\/wordpress\/segunda\/wp-json\/wp\/v2\/posts"}],"about":[{"href":"https:\/\/www.tucomarca.com\/wordpress\/segunda\/wp-json\/wp\/v2\/types\/post"}],"author":[{"embeddable":true,"href":"https:\/\/www.tucomarca.com\/wordpress\/segunda\/wp-json\/wp\/v2\/users\/2"}],"replies":[{"embeddable":true,"href":"https:\/\/www.tucomarca.com\/wordpress\/segunda\/wp-json\/wp\/v2\/comments?post=6803"}],"version-history":[{"count":0,"href":"https:\/\/www.tucomarca.com\/wordpress\/segunda\/wp-json\/wp\/v2\/posts\/6803\/revisions"}],"wp:attachment":[{"href":"https:\/\/www.tucomarca.com\/wordpress\/segunda\/wp-json\/wp\/v2\/media?parent=6803"}],"wp:term":[{"taxonomy":"category","embeddable":true,"href":"https:\/\/www.tucomarca.com\/wordpress\/segunda\/wp-json\/wp\/v2\/categories?post=6803"},{"taxonomy":"post_tag","embeddable":true,"href":"https:\/\/www.tucomarca.com\/wordpress\/segunda\/wp-json\/wp\/v2\/tags?post=6803"}],"curies":[{"name":"wp","href":"https:\/\/api.w.org\/{rel}","templated":true}]}}