{"id":68112,"date":"2018-04-17T12:15:06","date_gmt":"2018-04-17T10:15:06","guid":{"rendered":"http:\/\/www.tucomarca.com\/wordpress\/segunda\/?p=68112"},"modified":"2018-04-17T12:15:27","modified_gmt":"2018-04-17T10:15:27","slug":"utiel-acogera-la-primera-de-las-doce-jornadas-sobre-cambio-climatico-y-energia-sostenible-organizadas-por-la-diputacio","status":"publish","type":"post","link":"https:\/\/www.tucomarca.com\/wordpress\/segunda\/utiel-acogera-la-primera-de-las-doce-jornadas-sobre-cambio-climatico-y-energia-sostenible-organizadas-por-la-diputacio\/","title":{"rendered":"Utiel acoger\u00e1 la primera de las doce jornadas sobre cambio clim\u00e1tico y energ\u00eda sostenible organizadas por la Diputaci\u00f3"},"content":{"rendered":"<figure id=\"attachment_68113\" aria-describedby=\"caption-attachment-68113\" style=\"width: 590px\" class=\"wp-caption alignleft\"><img loading=\"lazy\" decoding=\"async\" class=\" wp-image-68113\" src=\"https:\/\/www.tucomarca.com\/wordpress\/segunda\/wp-content\/uploads\/2018\/04\/AmigoBort-1024x599.jpg\" alt=\"Amigo y Bort durante la prentaci\u00f3n de las Jornadas comarcales de Medio Ambiente.\" width=\"590\" height=\"345\" srcset=\"https:\/\/www.tucomarca.com\/wordpress\/segunda\/wp-content\/uploads\/2018\/04\/AmigoBort-1024x599.jpg 1024w, https:\/\/www.tucomarca.com\/wordpress\/segunda\/wp-content\/uploads\/2018\/04\/AmigoBort-300x175.jpg 300w, https:\/\/www.tucomarca.com\/wordpress\/segunda\/wp-content\/uploads\/2018\/04\/AmigoBort-768x449.jpg 768w\" sizes=\"auto, (max-width: 590px) 100vw, 590px\" \/><figcaption id=\"caption-attachment-68113\" class=\"wp-caption-text\">Amig\u00f3 y Bort durante la prentaci\u00f3n de las Jornadas comarcales de Medio Ambiente.<\/figcaption><\/figure>\n<p>La vicepresidenta de la Diputaci\u00f3, Maria Josep Amig\u00f3, y el diputado de medio ambiente, Josep Bort, han presentado\u00a0las jornadas que se celebrar\u00e1n en doce municipios diferentes sobre cambio clim\u00e1tico y energ\u00eda sostenible y que profundizar\u00e1n en la movilidad el\u00e9ctrica, el autoconsumo, la transici\u00f3n y la pobreza energ\u00e9tica.\u00a0 Al acto de presentaci\u00f3n los ha acompa\u00f1ado tambi\u00e9n Rafael Castillo, presidente de ASELEC (Asociaci\u00f3n de Empresas El\u00e9ctricas de Valencia).<\/p>\n<p>Seg\u00fan Maria Josep Amig\u00f3, estas jornadas t\u00e9cnicas de \u00e1mbito comarcal, dirigidas a cargos electos, a t\u00e9cnicos municipales y al p\u00fablico en general, se realizan \u201ccon la finalidad de apoyar el esfuerzo de las autoridades locales en la aplicaci\u00f3n de pol\u00edticas de energ\u00eda sostenible\u201d ya que ha remarcado que \u201clos pueblos y ciudades son directa o indirectamente responsables de m\u00e1s de la mitad de las emisiones de gases de efecto invernadero asociadas al uso de energ\u00eda en las actividades humanas, y que por tanto, es fundamental que tomen consciencia y pasan seriamente a la acci\u00f3n para reducirlas\u201d. La vicepresidenta ha a\u00f1adido que \u201ca fin de cambiar esta realidad, desde la Diputaci\u00f3 al llegar en 2015 asumimos la responsabilidad de ser coordinadores territoriales este Pacto en la demarcaci\u00f3n de Valencia y desde entonces nos hemos tomado muy seriamente y no hemos parado de fomentar la adhesi\u00f3n de los municipios de la provincia al Pacto, y de hecho, hemos pasado des de 2015, de 22 municipios adheridos a 220 en la actualidad, y todav\u00eda queremos llegar a los 266 de la provincia\u201d.<\/p>\n<p>Coincidiendo con Josep Bort, Amig\u00f3 ha pedido un \u201csobreesfuerzo para reducir las emisiones de los municipios que se conseguir\u00e1 si ponen en pr\u00e1ctica las acciones que se propondr\u00e1n en estas jornadas\u201d. El diputado de Medio Ambiente ha remarcado que con estas la Diputaci\u00f3 pretende \u201ctrasladar el conocimiento de profesionales a las comarcas y que se act\u00fae localmente. Aunque el cambio clim\u00e1tico es una problem\u00e1tica global los municipios son los que pueden emprender acciones, por eso hemos de dotar de informaci\u00f3n y herramientas a los municipios, unos deberes que nos pides desde Europa y que ahora nos toca exigirlos a nuestros municipios\u201d.<\/p>\n<p>Para Rafael Castillo, ASELEC y la Diputaci\u00f3 \u201cson instituciones complementarias para llevar a t\u00e9rmino este tipos de pol\u00edticas\u201d. Adem\u00e1s ha mencionado que estas jornadas estar\u00e1n divididas en dos partes una de interrelaci\u00f3n con expertos d\u2019ASELEC y Aeioluz y la otra una zona de la carpa donde los ciudadanos \u201cpodr\u00e1n recibir informaci\u00f3n sobre veh\u00edculos el\u00e9ctricas (que estar\u00e1n expuestos) y puntos de carga entre otros.<\/p>\n<p><strong>\u00bfQu\u00e9 se hacen en estas jornadas?<\/strong><\/p>\n<p>Esta ruta de jornadas comenzar\u00e1 el pr\u00f3ximo 18 de abril en Utiel y finalizar\u00e1 el 18 de julio en Ontinyent. Durante estas 12 jornadas la ruta recorrer\u00e1 los municipios de Utiel, Ayora, X\u00e0tiva, Chiva, Massamagrell, Sagunto, Pobla de Vallbona, Torrente, Paiporta, Sueca, Gand\u00eda y Ontinyent.<\/p>\n<p>A cada una de las localidades se dar\u00e1 a conocer el \u201cPacto de las Alcaldias por el Clima y la Energ\u00eda\u201d impulsado por la Diputaci\u00f3 de Val\u00e8ncia a partir de una iniciativa presentada por la Comisi\u00f3n Europea el a\u00f1o 2008.<\/p>\n<p>Durante estas jornadas t\u00e9cnicas de \u00e1mbito comarcal se informar\u00e1 del \u201cPacto de las Alcald\u00edas\u201d, se difundir\u00e1n conocimientos t\u00e9cnicos sobre el coche el\u00e9ctrico y los puntos de carga para este tipo de veh\u00edculo, se promover\u00e1 el autoconsumo, remarcando la necesidad de impulsar la instalaci\u00f3n masiva de placas fotovoltaicas a los municipios y se informar\u00e1 tambi\u00e9n sobre herramientas espec\u00edficas de ahorro energ\u00e9tico como los programas \u201c50-50\u201d o el ahorro en programas sociales de pobreza energ\u00e9tica.<\/p>\n","protected":false},"excerpt":{"rendered":"<div class=\"mh-excerpt\">La vicepresidenta de la Diputaci\u00f3, Maria Josep Amig\u00f3, y el diputado de medio ambiente, Josep Bort, han presentado\u00a0las jornadas que se celebrar\u00e1n en doce municipios diferentes sobre cambio clim\u00e1tico y energ\u00eda sostenible y que profundizar\u00e1n <a class=\"mh-excerpt-more\" href=\"https:\/\/www.tucomarca.com\/wordpress\/segunda\/utiel-acogera-la-primera-de-las-doce-jornadas-sobre-cambio-climatico-y-energia-sostenible-organizadas-por-la-diputacio\/\" title=\"Utiel acoger\u00e1 la primera de las doce jornadas sobre cambio clim\u00e1tico y energ\u00eda sostenible organizadas por la Diputaci\u00f3\">[+] <\/a><\/div>\n","protected":false},"author":1,"featured_media":68113,"comment_status":"open","ping_status":"open","sticky":false,"template":"","format":"standard","meta":{"footnotes":""},"categories":[46,16,128,8,10,174,117,142,27,3,29,45],"tags":[10384,5952,1335,10387,10389],"class_list":{"0":"post-68112","1":"post","2":"type-post","3":"status-publish","4":"format-standard","5":"has-post-thumbnail","7":"category-camp-de-turia","8":"category-chiva","9":"category-infraestructuras","10":"category-la-comarca","11":"category-la-hoya","12":"category-la-pobla","13":"category-medio-ambiente-la-comarca","14":"category-politica-la-comarca","15":"category-requena-utiel","16":"category-seccion","17":"category-utiel","18":"category-ventana","19":"tag-chiva","20":"tag-la-hoya-de-bunol-chiva","21":"tag-la-pobla-de-vallbona","22":"tag-requena-utiel","23":"tag-utiel"},"_links":{"self":[{"href":"https:\/\/www.tucomarca.com\/wordpress\/segunda\/wp-json\/wp\/v2\/posts\/68112","targetHints":{"allow":["GET"]}}],"collection":[{"href":"https:\/\/www.tucomarca.com\/wordpress\/segunda\/wp-json\/wp\/v2\/posts"}],"about":[{"href":"https:\/\/www.tucomarca.com\/wordpress\/segunda\/wp-json\/wp\/v2\/types\/post"}],"author":[{"embeddable":true,"href":"https:\/\/www.tucomarca.com\/wordpress\/segunda\/wp-json\/wp\/v2\/users\/1"}],"replies":[{"embeddable":true,"href":"https:\/\/www.tucomarca.com\/wordpress\/segunda\/wp-json\/wp\/v2\/comments?post=68112"}],"version-history":[{"count":0,"href":"https:\/\/www.tucomarca.com\/wordpress\/segunda\/wp-json\/wp\/v2\/posts\/68112\/revisions"}],"wp:featuredmedia":[{"embeddable":true,"href":"https:\/\/www.tucomarca.com\/wordpress\/segunda\/wp-json\/wp\/v2\/media\/68113"}],"wp:attachment":[{"href":"https:\/\/www.tucomarca.com\/wordpress\/segunda\/wp-json\/wp\/v2\/media?parent=68112"}],"wp:term":[{"taxonomy":"category","embeddable":true,"href":"https:\/\/www.tucomarca.com\/wordpress\/segunda\/wp-json\/wp\/v2\/categories?post=68112"},{"taxonomy":"post_tag","embeddable":true,"href":"https:\/\/www.tucomarca.com\/wordpress\/segunda\/wp-json\/wp\/v2\/tags?post=68112"}],"curies":[{"name":"wp","href":"https:\/\/api.w.org\/{rel}","templated":true}]}}