{"id":6817,"date":"2012-08-27T14:02:38","date_gmt":"2012-08-27T12:02:38","guid":{"rendered":"http:\/\/www.tucomarca.com\/wordpress\/segunda\/?p=6817"},"modified":"2012-08-27T18:15:18","modified_gmt":"2012-08-27T16:15:18","slug":"la-generalitat-afianza-y-mejora-mas-de-43-kilometros-de-pistas-forestales-en-el-parque-natural-de-chera-sot-de-chera","status":"publish","type":"post","link":"https:\/\/www.tucomarca.com\/wordpress\/segunda\/la-generalitat-afianza-y-mejora-mas-de-43-kilometros-de-pistas-forestales-en-el-parque-natural-de-chera-sot-de-chera\/","title":{"rendered":"La Generalitat afianza y mejora m\u00e1s de 43 kil\u00f3metros de pistas forestales en el Parque Natural de Chera-Sot de Chera"},"content":{"rendered":"<p>El  conseller de Gobernaci\u00f3n, Seraf\u00edn Castellano, ha destacado que la  Generalitat afianza y mejora m\u00e1s de 43 kil\u00f3metros de pistas forestales  en el Parque Natural de Chera-Sot de Chera, que cuentan con una anchura  media de 4,5 metros y que \u00absuponen una obra fundamental para una zona de  alto valor ecol\u00f3gico como es este Parque Natural\u00bb.<br \/>\nEn este sentido, Castellano ha resaltado que el proyecto de  estabilizaci\u00f3n, mantenimiento y mejora de la red de pistas forestales  del Parque Natural de Chera-Sot de Chera, que cuenta con un presupuesto  de 851.435 euros, pronto ser\u00e1 una realidad, ya que esta previsto que  este proyecto se termine a finales del pr\u00f3ximo mes de septiembre.<\/p>\n<p>As\u00ed, el conseller ha explicado que las obras consisten en la  mejora del firme de los caminos incluidos en el Plan de prevenci\u00f3n de  incendios forestales del Parque Natural de Chera-Sot de Chera, tanto de  primer orden como de segundo orden.<\/p>\n<p>Adem\u00e1s, Castellano ha se\u00f1alado que se han realizado otras obras  de mejora, como la construcci\u00f3n de un muro de contenci\u00f3n del terreno  para ampliar la anchura del camino en zona con desprendimientos, la  construcci\u00f3n de ocho pasos de agua y de cuatro pasos salva-cunetas, as\u00ed  como la construcci\u00f3n de 240 m2 de losas de hormig\u00f3n y la limpieza manual  de pasos de agua existentes.<\/p>\n<p>Asimismo, el titular de Gobernaci\u00f3n ha afirmado que la mejora  de la red de pistas forestales \u00abdemuestra que para el Consell es  prioritario seguir invirtiendo en infraestructuras al servicio de la  prevenci\u00f3n y extinci\u00f3n de incendios\u00bb.<\/p>\n<p>De esta forma, Castellano ha destacado que la inversi\u00f3n de la  Generalitat en infraestructuras de prevenci\u00f3n y extinci\u00f3n de incendios  forestales como \u00e1reas de cortafuegos, caminos forestales y dep\u00f3sitos de  agua \u00abha sido constante a lo largo de los \u00faltimos a\u00f1os\u00bb. Concretamente,  el conseller ha explicado que en la Comunitat Valenciana disponemos de  12.759 kil\u00f3metros de pistas forestales.<\/p>\n<p><strong>Actuaciones en la comarca de Los Serranos<\/strong><\/p>\n<p>Castellano ha indicado que se encuentra en ejecuci\u00f3n el \u00e1rea de  cortafuegos de la demarcaci\u00f3n de Chelva, que cuenta con una inversi\u00f3n  de 2.308.963 euros; as\u00ed como el mantenimiento de \u00e1reas de cortafuegos en  los municipios de Benag\u00e9ber, Sinarcas, Aras de los Olmos, Titaguas y  Tu\u00e9jar, realizadas en cumplimiento de un Decreto de declaraci\u00f3n de la  zona como de actuaci\u00f3n urgente para su defensa frente al riesgo de  incendios forestales, y que cuentan con una inversi\u00f3n de 1.837.683  euros.<\/p>\n<p>Adem\u00e1s, el conseller ha recordado que el pasado 10 de agosto se  inaugur\u00f3 en Parque de Emergencias de Calles, que ha contado con una  inversi\u00f3n de 1.051.149 euros. Por otra parte, Castellano ha anunciado  que est\u00e1 prevista la apertura del \u00e1rea de cortafuegos del &#8216;Camino del  cubo&#8217; entre los municipios de Dome\u00f1o y Calles.<\/p>\n<p>Finalmente, Seraf\u00edn Castellano ha vuelto a realizar un  llamamiento a la prudencia, a que se extremen todas las precauciones y  sobre todo al respeto a la normativa y los avisos de preemergencia que  se vayan estableciendo para tratar de evitar potenciales incendios  derivados de negligencias.<\/p>\n","protected":false},"excerpt":{"rendered":"<div class=\"mh-excerpt\">El conseller de Gobernaci\u00f3n, Seraf\u00edn Castellano, ha destacado que la Generalitat afianza y mejora m\u00e1s de 43 kil\u00f3metros de pistas forestales en el Parque Natural de Chera-Sot de Chera, que cuentan con una anchura media <a class=\"mh-excerpt-more\" href=\"https:\/\/www.tucomarca.com\/wordpress\/segunda\/la-generalitat-afianza-y-mejora-mas-de-43-kilometros-de-pistas-forestales-en-el-parque-natural-de-chera-sot-de-chera\/\" title=\"La Generalitat afianza y mejora m\u00e1s de 43 kil\u00f3metros de pistas forestales en el Parque Natural de Chera-Sot de Chera\">[+] <\/a><\/div>\n","protected":false},"author":1,"featured_media":0,"comment_status":"open","ping_status":"open","sticky":false,"template":"","format":"standard","meta":{"footnotes":""},"categories":[186,8,59,3,197],"tags":[],"class_list":{"0":"post-6817","1":"post","2":"type-post","3":"status-publish","4":"format-standard","6":"category-chera-los-serranos","7":"category-la-comarca","8":"category-los-serranos","9":"category-seccion","10":"category-sot-de-chera"},"_links":{"self":[{"href":"https:\/\/www.tucomarca.com\/wordpress\/segunda\/wp-json\/wp\/v2\/posts\/6817","targetHints":{"allow":["GET"]}}],"collection":[{"href":"https:\/\/www.tucomarca.com\/wordpress\/segunda\/wp-json\/wp\/v2\/posts"}],"about":[{"href":"https:\/\/www.tucomarca.com\/wordpress\/segunda\/wp-json\/wp\/v2\/types\/post"}],"author":[{"embeddable":true,"href":"https:\/\/www.tucomarca.com\/wordpress\/segunda\/wp-json\/wp\/v2\/users\/1"}],"replies":[{"embeddable":true,"href":"https:\/\/www.tucomarca.com\/wordpress\/segunda\/wp-json\/wp\/v2\/comments?post=6817"}],"version-history":[{"count":0,"href":"https:\/\/www.tucomarca.com\/wordpress\/segunda\/wp-json\/wp\/v2\/posts\/6817\/revisions"}],"wp:attachment":[{"href":"https:\/\/www.tucomarca.com\/wordpress\/segunda\/wp-json\/wp\/v2\/media?parent=6817"}],"wp:term":[{"taxonomy":"category","embeddable":true,"href":"https:\/\/www.tucomarca.com\/wordpress\/segunda\/wp-json\/wp\/v2\/categories?post=6817"},{"taxonomy":"post_tag","embeddable":true,"href":"https:\/\/www.tucomarca.com\/wordpress\/segunda\/wp-json\/wp\/v2\/tags?post=6817"}],"curies":[{"name":"wp","href":"https:\/\/api.w.org\/{rel}","templated":true}]}}