{"id":68301,"date":"2018-04-25T14:02:46","date_gmt":"2018-04-25T12:02:46","guid":{"rendered":"http:\/\/www.tucomarca.com\/wordpress\/segunda\/?p=68301"},"modified":"2018-04-25T14:02:46","modified_gmt":"2018-04-25T12:02:46","slug":"bastidas-el-consell-frena-las-inversiones-en-utiel-requena-y-compromete-el-futuro-de-los-vecinos-de-estas-localidades","status":"publish","type":"post","link":"https:\/\/www.tucomarca.com\/wordpress\/segunda\/bastidas-el-consell-frena-las-inversiones-en-utiel-requena-y-compromete-el-futuro-de-los-vecinos-de-estas-localidades\/","title":{"rendered":"Bastidas: \u201cEl Consell frena las inversiones en Utiel-Requena y compromete el futuro de los vecinos de estas localidades\u201d"},"content":{"rendered":"<p>La vicesecretaria regional del Partido Popular de la Comunitat Valenciana (PPCV), ha declarado que el Consell ha sacado de sus presupuestos las inversiones para la comarca Utiel-Requena \u201ccomprometiendo el futuro de miles de personas por cuestiones ideol\u00f3gicas\u201d, seg\u00fan ha dicho; y ha destacado\u00a0que todas las obras programadas para esta zona \u00abvienen del Gobierno de Espa\u00f1a\u00bb.<\/p>\n<p>Bastidas se ha manifestado en estos t\u00e9rminos tras participar en una comida en Camporrobles donde ha explicado\u00a0que la inversi\u00f3n del Estado comprometido en la comarca roza los 5 millones de euros en infraestructuras estrat\u00e9gicas, patrimonio o medio ambiente. \u201cFrente a esto tenemos un Consell que se lava las manos, condenando el futuro de los ciudadanos a a\u00f1os de sequia inversora\u201d.<\/p>\n<p>En este sentido, ha destacado que las inversiones del Gobierno de Espa\u00f1a en los municipios de esta comarca se han centrado en proyectos como las cercan\u00edas C3 Valencia-Utiel, las obras en la N-330, el acondicionamiento del tramo Los Pedrones (intersecci\u00f3n con la CV-425)-Requena (Enlace Oeste de la A-3) o los m\u00e1s de 2 millones previstos para la restauraci\u00f3n de monumentos como la Iglesia de nuestra Se\u00f1ora de la Asunci\u00f3n de Utiel. Adem\u00e1s, el Ministerio de Medio Ambiente ha destinado una partida importante para ayudas orientadas a paliar los efectos del temporal en localidades como Sinarcas.<\/p>\n<p>As\u00ed, ha indicado que mientras la inversi\u00f3n del Consell cae \u201cen picado\u201d el Gobierno central destina solo a infraestructuras 337,82 millones, el doble del presupuesto que el Consell destina a toda la provincia. \u201cEs dram\u00e1tico\u201d, ha lamentado Bastidas.<\/p>\n<p>En este sentido, ha denunciado que las iversiones ejecutadas o previstas en la Comunitat \u00abascienden a m\u00e1s de 3.000 millones de euros, unas inversiones chocan con los 31 millones de euros que el Consell destina a infraestructuras ferroviarias y carreteras en 2018, es decir, que mientras el Gobierno de Espa\u00f1a invierte 600 euros por valenciano, el Consell solo invierte 7\u00bb.<\/p>\n<p>\u00abTanto es as\u00ed, que en los PGV 2018 se destinan a infraestructuras de carreteras 27 millones de euros, 5 menos de lo que preve\u00eda 2017, en infraestructuras ferroviarias 4 millones de euros, la mitad de lo previsto en 2017 y 5 veces menos que el \u00faltimo PGV del Consell del PPCV\u00bb, seg\u00fan Bastidas.<\/p>\n<p>\u00abEs decir, que mientras con el PP se hicieron 400 km de autov\u00edas y carreteras (1.900 millones de euros) y en ferrocarriles 140 kil\u00f3metros nuevos y (2.500) millones de euros de inversi\u00f3n, con el Consell ni han empezado a remover la tierra\u201d, seg\u00fan los populares.<\/p>\n","protected":false},"excerpt":{"rendered":"<div class=\"mh-excerpt\">La vicesecretaria regional del Partido Popular de la Comunitat Valenciana (PPCV), ha declarado que el Consell ha sacado de sus presupuestos las inversiones para la comarca Utiel-Requena \u201ccomprometiendo el futuro de miles de personas por <a class=\"mh-excerpt-more\" href=\"https:\/\/www.tucomarca.com\/wordpress\/segunda\/bastidas-el-consell-frena-las-inversiones-en-utiel-requena-y-compromete-el-futuro-de-los-vecinos-de-estas-localidades\/\" title=\"Bastidas: \u201cEl Consell frena las inversiones en Utiel-Requena y compromete el futuro de los vecinos de estas localidades\u201d\">[+] <\/a><\/div>\n","protected":false},"author":1,"featured_media":57447,"comment_status":"open","ping_status":"open","sticky":false,"template":"","format":"standard","meta":{"footnotes":""},"categories":[236,128,8,142,28,27,3,29,45],"tags":[7279,10387],"class_list":{"0":"post-68301","1":"post","2":"type-post","3":"status-publish","4":"format-standard","5":"has-post-thumbnail","7":"category-camporrobles","8":"category-infraestructuras","9":"category-la-comarca","10":"category-politica-la-comarca","11":"category-requena","12":"category-requena-utiel","13":"category-seccion","14":"category-utiel","15":"category-ventana","16":"tag-partido-popular","17":"tag-requena-utiel"},"_links":{"self":[{"href":"https:\/\/www.tucomarca.com\/wordpress\/segunda\/wp-json\/wp\/v2\/posts\/68301","targetHints":{"allow":["GET"]}}],"collection":[{"href":"https:\/\/www.tucomarca.com\/wordpress\/segunda\/wp-json\/wp\/v2\/posts"}],"about":[{"href":"https:\/\/www.tucomarca.com\/wordpress\/segunda\/wp-json\/wp\/v2\/types\/post"}],"author":[{"embeddable":true,"href":"https:\/\/www.tucomarca.com\/wordpress\/segunda\/wp-json\/wp\/v2\/users\/1"}],"replies":[{"embeddable":true,"href":"https:\/\/www.tucomarca.com\/wordpress\/segunda\/wp-json\/wp\/v2\/comments?post=68301"}],"version-history":[{"count":0,"href":"https:\/\/www.tucomarca.com\/wordpress\/segunda\/wp-json\/wp\/v2\/posts\/68301\/revisions"}],"wp:featuredmedia":[{"embeddable":true,"href":"https:\/\/www.tucomarca.com\/wordpress\/segunda\/wp-json\/wp\/v2\/media\/57447"}],"wp:attachment":[{"href":"https:\/\/www.tucomarca.com\/wordpress\/segunda\/wp-json\/wp\/v2\/media?parent=68301"}],"wp:term":[{"taxonomy":"category","embeddable":true,"href":"https:\/\/www.tucomarca.com\/wordpress\/segunda\/wp-json\/wp\/v2\/categories?post=68301"},{"taxonomy":"post_tag","embeddable":true,"href":"https:\/\/www.tucomarca.com\/wordpress\/segunda\/wp-json\/wp\/v2\/tags?post=68301"}],"curies":[{"name":"wp","href":"https:\/\/api.w.org\/{rel}","templated":true}]}}