{"id":68357,"date":"2018-04-25T13:57:39","date_gmt":"2018-04-25T11:57:39","guid":{"rendered":"http:\/\/www.tucomarca.com\/wordpress\/segunda\/?p=68357"},"modified":"2018-04-25T13:57:39","modified_gmt":"2018-04-25T11:57:39","slug":"la-feria-de-comercio-la-bienal-de-musica-y-los-paquetes-turisticos-de-bunol-se-presentan-en-el-cubo-de-la-marina-de-valencia","status":"publish","type":"post","link":"https:\/\/www.tucomarca.com\/wordpress\/segunda\/la-feria-de-comercio-la-bienal-de-musica-y-los-paquetes-turisticos-de-bunol-se-presentan-en-el-cubo-de-la-marina-de-valencia\/","title":{"rendered":"La Feria de Comercio, la Bienal de M\u00fasica y los paquetes tur\u00edsticos de Bu\u00f1ol se presentan en el Cubo de La Marina de Valencia"},"content":{"rendered":"<figure id=\"attachment_68358\" aria-describedby=\"caption-attachment-68358\" style=\"width: 205px\" class=\"wp-caption alignleft\"><img loading=\"lazy\" decoding=\"async\" class=\"size-medium wp-image-68358\" src=\"https:\/\/www.tucomarca.com\/wordpress\/segunda\/wp-content\/uploads\/2018\/04\/FeriaComercio2018-205x300.jpg\" alt=\"Cartel de la Feria de Comercio de Bu\u00f1ol de 2018.\" width=\"205\" height=\"300\" \/><figcaption id=\"caption-attachment-68358\" class=\"wp-caption-text\">Cartel de la Feria de Comercio de Bu\u00f1ol de 2018.<\/figcaption><\/figure>\n<p>La Concejal\u00eda de Turismo y Comercio del Ayuntamiento de Bu\u00f1ol invita a vecinos, visitantes y medios de comunicaci\u00f3n a la presentaci\u00f3n de los principales atractivos tur\u00edsticos de la localidad en el conocido <i>Edificio del Cubo\u00a0<\/i>de La Marina de Valencia, espacio del turismo en Val\u00e8ncia\u00a0<b>#visitcomarquesval\u00e8ncia<\/b>.<\/p>\n<p>Manuel Sierra, el concejal de estas \u00e1reas, ha destacado que los aspectos fundamentales que se presentar\u00e1n este\u00a0jueves, 26 de abril, en este recinto a las 12,00 horas ser\u00e1n Feria del Comercio y Turismo (del 11 al 13 de mayo), la Bienal de M\u00fasica (julio) y los paquetes tur\u00edsticos de alojamiento, experiencias y gastronom\u00eda con los que cuenta este bello municipio de interior de la comarca de La Hoya de Bu\u00f1ol-Chiva.<\/p>\n<p>En esta presentaci\u00f3n estar\u00e1n presentes en representaci\u00f3n del Ayuntamiento de Bu\u00f1ol el propio concejal de Comercio, Turismo y Conservatorio, Manuel Sierra, el primer Teniente de Alcalde, Rafael P\u00e9rez; y el concejal de Cultura, Arnaldo Carrascosa. Pedro Rubio, presidente de la Asociaci\u00f3n de Empresarios y Aut\u00f3nomos de Bu\u00f1ol, acompa\u00f1ado de Vera Ruiz, t\u00e9cnico responsable de la Oficina de Turismo local. Animan a vecinos de la localidad y la comarca, as\u00ed como visitantes de Valencia y medios de comunicaci\u00f3n a que asistan a esta presentaci\u00f3n oficial de la localidad, donde destacar\u00e1 la pr\u00f3xima Feria de Comercio y Turismo de Bu\u00f1ol, que tendr\u00e1 lugar del 11 al 13 de mayo en la Avenida Guzm\u00e1n C\u00e1rcel y que contar\u00e1 con una gran oferta gastron\u00f3mica, musical, comercial y con una gran variedad de atracciones y actividades para ni\u00f1os, acompa\u00f1ado de tren tur\u00edstico por todo el municipio.<span class=\"Apple-converted-space\">\u00a0<\/span><\/p>\n<p>Desde la Diputaci\u00f3n de Valencia recuerdan que el cubo #visitcomarquesval\u00e8ncia cuenta con cinco \u00e1reas tem\u00e1ticas: gastronom\u00eda (Del Tros al Plat), destinos (municipios tur\u00edsticos destacados), patrimonio, fiestas, cultura y naturaleza. Adem\u00e1s, tambi\u00e9n hay un \u00e1rea central para actividades diversas (degustaciones gastron\u00f3micas, showcooking\u2026) y un \u00e1rea destinada a la promoci\u00f3n de productos tur\u00edsticos de las comarcas, cuyo contenido var\u00eda peri\u00f3dicamente.<\/p>\n<p>En la corporaci\u00f3n provincial confirmaban hace unos d\u00edas que el Patronat de Turisme de Val\u00e8ncia hab\u00eda puesto a disposici\u00f3n del sector y de las comarcas valencianas un punto estrat\u00e9gico de promoci\u00f3n, para dar visibilidad a nuevos programas tur\u00edsticos. El horario de visita a este nuevo punto de informaci\u00f3n tur\u00edstica es de martes a viernes de 10h a 18h, s\u00e1bados y domingos de 10,00 h a 14,00 h, y festivos de 10,00 h a 14,00 h.<\/p>\n<p>El edil de Turismo, inmerso en la consolidada Feria de Comercio y Turismo, que arrancar\u00e1 motores con la presentaci\u00f3n oficial del s\u00e1bado 28 de abril en el Museo de la Tomatina de Bu\u00f1ol a las 13h, se ha mostrado muy satisfecho con el trabajo que desde la Asociaci\u00f3n de Empresarios y Aut\u00f3nomos, Buinsa y la Oficina de Turismo, \u201cse est\u00e1 realizando en los \u00faltimos a\u00f1os para dar a conocer los espectaculares parajes, la excelente gastronom\u00eda, las impresionantes sedes musicales y patrimoniales y los acogedores comercios con los que cuenta Bu\u00f1ol\u201d.<\/p>\n","protected":false},"excerpt":{"rendered":"<div class=\"mh-excerpt\">La Concejal\u00eda de Turismo y Comercio del Ayuntamiento de Bu\u00f1ol invita a vecinos, visitantes y medios de comunicaci\u00f3n a la presentaci\u00f3n de los principales atractivos tur\u00edsticos de la localidad en el conocido Edificio del Cubo\u00a0de <a class=\"mh-excerpt-more\" href=\"https:\/\/www.tucomarca.com\/wordpress\/segunda\/la-feria-de-comercio-la-bienal-de-musica-y-los-paquetes-turisticos-de-bunol-se-presentan-en-el-cubo-de-la-marina-de-valencia\/\" title=\"La Feria de Comercio, la Bienal de M\u00fasica y los paquetes tur\u00edsticos de Bu\u00f1ol se presentan en el Cubo de La Marina de Valencia\">[+] <\/a><\/div>\n","protected":false},"author":1,"featured_media":68358,"comment_status":"open","ping_status":"open","sticky":false,"template":"","format":"standard","meta":{"footnotes":""},"categories":[4,18,10,3],"tags":[10385,5952],"class_list":{"0":"post-68357","1":"post","2":"type-post","3":"status-publish","4":"format-standard","5":"has-post-thumbnail","7":"category-agenda","8":"category-bunol","9":"category-la-hoya","10":"category-seccion","11":"tag-bunol","12":"tag-la-hoya-de-bunol-chiva"},"_links":{"self":[{"href":"https:\/\/www.tucomarca.com\/wordpress\/segunda\/wp-json\/wp\/v2\/posts\/68357","targetHints":{"allow":["GET"]}}],"collection":[{"href":"https:\/\/www.tucomarca.com\/wordpress\/segunda\/wp-json\/wp\/v2\/posts"}],"about":[{"href":"https:\/\/www.tucomarca.com\/wordpress\/segunda\/wp-json\/wp\/v2\/types\/post"}],"author":[{"embeddable":true,"href":"https:\/\/www.tucomarca.com\/wordpress\/segunda\/wp-json\/wp\/v2\/users\/1"}],"replies":[{"embeddable":true,"href":"https:\/\/www.tucomarca.com\/wordpress\/segunda\/wp-json\/wp\/v2\/comments?post=68357"}],"version-history":[{"count":0,"href":"https:\/\/www.tucomarca.com\/wordpress\/segunda\/wp-json\/wp\/v2\/posts\/68357\/revisions"}],"wp:featuredmedia":[{"embeddable":true,"href":"https:\/\/www.tucomarca.com\/wordpress\/segunda\/wp-json\/wp\/v2\/media\/68358"}],"wp:attachment":[{"href":"https:\/\/www.tucomarca.com\/wordpress\/segunda\/wp-json\/wp\/v2\/media?parent=68357"}],"wp:term":[{"taxonomy":"category","embeddable":true,"href":"https:\/\/www.tucomarca.com\/wordpress\/segunda\/wp-json\/wp\/v2\/categories?post=68357"},{"taxonomy":"post_tag","embeddable":true,"href":"https:\/\/www.tucomarca.com\/wordpress\/segunda\/wp-json\/wp\/v2\/tags?post=68357"}],"curies":[{"name":"wp","href":"https:\/\/api.w.org\/{rel}","templated":true}]}}