{"id":68405,"date":"2018-04-27T23:14:04","date_gmt":"2018-04-27T21:14:04","guid":{"rendered":"http:\/\/www.tucomarca.com\/wordpress\/segunda\/?p=68405"},"modified":"2018-04-27T23:14:04","modified_gmt":"2018-04-27T21:14:04","slug":"valencia-turisme-presenta-sus-infinitas-propuestas-para-vivir-el-ocio-en-la-provincia-que-se-podran-conocer-en-la-fira-de-les-comarques-2018","status":"publish","type":"post","link":"https:\/\/www.tucomarca.com\/wordpress\/segunda\/valencia-turisme-presenta-sus-infinitas-propuestas-para-vivir-el-ocio-en-la-provincia-que-se-podran-conocer-en-la-fira-de-les-comarques-2018\/","title":{"rendered":"Val\u00e8ncia Turisme presenta sus infinitas propuestas para vivir el ocio en la provincia que se podr\u00e1n conocer en La Fira de les Comarques 2018"},"content":{"rendered":"<figure id=\"attachment_68455\" aria-describedby=\"caption-attachment-68455\" style=\"width: 538px\" class=\"wp-caption alignleft\"><img loading=\"lazy\" decoding=\"async\" class=\" wp-image-68455\" src=\"https:\/\/www.tucomarca.com\/wordpress\/segunda\/wp-content\/uploads\/2018\/04\/FiraComarques18-1024x678.jpg\" alt=\"La diputada Pilar Moncho durante la presentaci\u00f3n de la edici\u00f3n de 2018 con la vicepresidenta M\u00aa Jos\u00e9 Amig\u00f3.\" width=\"538\" height=\"356\" srcset=\"https:\/\/www.tucomarca.com\/wordpress\/segunda\/wp-content\/uploads\/2018\/04\/FiraComarques18-1024x678.jpg 1024w, https:\/\/www.tucomarca.com\/wordpress\/segunda\/wp-content\/uploads\/2018\/04\/FiraComarques18-300x199.jpg 300w, https:\/\/www.tucomarca.com\/wordpress\/segunda\/wp-content\/uploads\/2018\/04\/FiraComarques18-768x509.jpg 768w\" sizes=\"auto, (max-width: 538px) 100vw, 538px\" \/><figcaption id=\"caption-attachment-68455\" class=\"wp-caption-text\">La diputada Pilar Moncho durante la presentaci\u00f3n de la edici\u00f3n de 2018 con la vicepresidenta M\u00aa Jos\u00e9 Amig\u00f3.<\/figcaption><\/figure>\n<p>Cuarenta y siete municipios, doce mancomunidades y m\u00e1s de treinta asociaciones y empresas tur\u00edsticas dar\u00e1n a conocer \u201cinfinitas propuestas para vivir el ocio en el territorio valenciano\u201d en la Fira de les Comarques 2018 que el Patronat de Turisme de Val\u00e8ncia organiza del 4 al 6 de mayo en la Plaza de Toros de Val\u00e8ncia<\/p>\n<p>La responsable del Patronat de Turisme, Pilar Moncho, y el director Evarist Caselles han presentado hoy, en rueda de prensa, los pormenores de la Fira, acompa\u00f1ados por la vicepresidenta de la Diputaci\u00f3n de Val\u00e8ncia, Maria Josep Amig\u00f3.<\/p>\n<p>Amig\u00f3 ha invitado a la sociedad valenciana a visitar la Fira de les Comarques y ha felicitado al equipo del Patronat porque ha propiciado una \u201crevoluci\u00f3n\u201d con el nuevo modelo de gesti\u00f3n tur\u00edstica. \u201cEl turismo es uno de los grandes motores econ\u00f3micos del Pa\u00eds Valenci\u00e0, pero el potencial de crecimiento que tenemos actualmente a\u00fan es muy grande\u201d, ha se\u00f1alado.<\/p>\n<p>Seg\u00fan la vicepresidenta de la Diputaci\u00f3n de Valencia \u201cpotenciar los destinos de pueblos y comarcas como productos tur\u00edsticos diferenciados, acentuando nuestros paisajes, nuestra gastronom\u00eda y nuestra cultura es el futuro y por ello, para la Diputaci\u00f3 de Val\u00e8ncia es muy importante ayudar al desarrollo econ\u00f3mico de las comarcas valencianas, lo que se ve perfectamente en esta Fira de les Comarques y en las iniciativas desarrolladas desde el \u00e1rea de Turismo y el Patronat de Turisme de Val\u00e8ncia\u201d.<\/p>\n<p><strong>Dinamizaci\u00f3n tur\u00edstica<\/strong><\/p>\n<p>En su intervenci\u00f3n la diputada de Turismo, Pilar Moncho ha comentado que la disposici\u00f3n espacial de la Fira \u201cest\u00e1 \u00edntimamente ligada a nuestra gesti\u00f3n tur\u00edstica en el territorio\u201d y ha explicado que en la explanada exterior \u201cquedar\u00e1n instaladas las casetas dedicadas a destinos tur\u00edsticos ordenadas por espacios comarcales, emulando nuestra gran tarea desarrollada a trav\u00e9s de los ocho Planes de Dinamizaci\u00f3n y Gobernanza Tur\u00edstica dotados con 900.000 euros de inversi\u00f3n trienal cada uno de ellos\u201d.<\/p>\n<p>Seg\u00fan Moncho, \u201cdesde las pinturas rupestres de la Canal de Navarr\u00e9s hasta el turismo de sky light o de estrellas de Alto Turia, hay un amplio abanico de huellas tur\u00edsticas aut\u00f3ctonas por descubrir, como el cicloturismo en Vall d\u2019Albaida y otras comarcas, la Ruta Moscatell en la Hoya de Bu\u00f1ol, el turismo activo y n\u00e1utico en la Safor, la relaci\u00f3n entre huerta, turismo y gastronom\u00eda impulsada desde el Carraixet, el turismo industrial de Morvedre o la formaci\u00f3n culinaria en la Ribera\u201d.<\/p>\n<p>Junto a estos grandes proyectos comarcales, el visitante tambi\u00e9n podr\u00e1 conocer ofertas singulares como las propuestas por municipios tur\u00edsticos como X\u00e0tiva, Oliva, Ontinyent, Alzira, Carcaixent, Gandia, Tavernes, Ll\u00edria, Sagunt, Villargordo del Cabriel, Requena y Utiel, entre otros.<\/p>\n<p><strong>Productos y turismo con coraz\u00f3n valenciano<\/strong><\/p>\n<p>Ya en el interior de la plaza \u201cpondremos al alcance del p\u00fablico los frutos del trabajo colaborativo que hemos desarrollado con m\u00e1s de una treintena de asociaciones y empresas tur\u00edsticas, dispuestas en tres grandes espacios, turismo activo, turismo cultural y turismo gastron\u00f3mico\u201d, ha comentado Pilar Moncho.<\/p>\n<p>\u201cPara ver el territorio valenciano con el coraz\u00f3n ha de hacerse con los ojos de los valencianos y la Fira es la ocasi\u00f3n perfecta para comprobarlo\u201d, ha concluido la diputada Pilar Moncho.<\/p>\n<p><strong>Val\u00e8ncia Turisme Friendly<\/strong><\/p>\n<p>En el punto de informaci\u00f3n del Patronat \u201cVal\u00e8ncia Turisme Friendly\u201d el visitante podr\u00e1 apuntarse para recibir informaci\u00f3n sobre los productos tur\u00edsticos de las comarcas de Val\u00e8ncia, en funci\u00f3n de sus preferencias.<\/p>\n<p><strong>Del Tros al Plat<\/strong><\/p>\n<p>Tambi\u00e9n en el interior de la plaza, el visitante encontrar\u00e1 un elemento singular: DEL TROS AL PLAT, una de les acciones m\u00e1s emblem\u00e1ticas, impulsada por el Patronat de Turisme pero que ha sumado el apoyo de la Generalitat, el Ayuntamiento de Val\u00e8ncia, Mercavalencia, La Tira de Comptar y otras asociaciones. Habr\u00e1 demostraciones y showcookings en directo para transmitir al visitante la filosof\u00eda gastron\u00f3mica aut\u00f3ctona.<\/p>\n<p><strong>Actuaciones en directo<\/strong><\/p>\n<p>El Patronat con la colaboraci\u00f3n de los municipios expositores tambi\u00e9n ha cerrado una completa programaci\u00f3n con m\u00fasica en directo, actuaciones folkl\u00f3ricas, exhibiciones de artesan\u00eda y actividades de dinamizaci\u00f3n de turismo cultural y activo.<\/p>\n<p>Hay programadas 25 actuaciones (7 actuaciones de m\u00fasica en directo: pop-rock y folk en valenciano, 18 actuaciones folcl\u00f3ricas) y charlas\/tertulias \u201cDel Tros al Plat\u201d.<\/p>\n<p><strong>Multiaventura y actividades para los m\u00e1s peque\u00f1os<\/strong><\/p>\n<p>Este a\u00f1o no faltar\u00e1 el circuito multiaventura infantil con tirolina, roc\u00f3dromo y otras actividades.<\/p>\n<p>La Feria tambi\u00e9n dispone de una zona de ludoteca infantil con talleres y actividades para los m\u00e1s peque\u00f1os durante toda la feria.<\/p>\n<p><strong>Premios y sorpresas<\/strong><\/p>\n<p>El Patronat de Turisme proporcionar\u00e1 un \u201cPassaport de la Fira de les Comarques\u201d con muchos premios para los participantes a la \u201cGimcana\u201d de Val\u00e8ncia Turisme (informaci\u00f3n en el estand del Patronat).<\/p>\n<p>Por otra parte, Val\u00e8ncia Turisme quiere incentivar el uso del transporte p\u00fablico para acceder a la feria tur\u00edstica y todos los visitantes que presenten su billete de cercan\u00edas de RENFE recibir\u00e1n un obsequio promocional en el estand del Patronat Provincial de Turisme.<\/p>\n<p><strong>Horario<\/strong><\/p>\n<p><strong>Informaci\u00f3n tur\u00edstica (explanada exterior plaza toros):<\/strong><\/p>\n<p>Viernes 4 de mayo: de 18:00h a 22:00 h.<\/p>\n<p>S\u00e1bado 5 de mayo: de 11:00 h a 14:00 h y de 16:00 a 22:00 h.<\/p>\n<p>Domingo 6 de mayo: de 11:00 h a 14:00 h y de 16:00 a 20:00 h.<\/p>\n<p><strong>Interior plaza de toros:<\/strong><\/p>\n<p>Viernes 4 de mayo: de 18:00 h a 23:00 h.<\/p>\n<p>S\u00e1bado 5 de mayo: de 11:00 h a 23:00 h.<\/p>\n<p>Domingo 6 de mayo: de 11:00 h a 20:00 h.<\/p>\n","protected":false},"excerpt":{"rendered":"<div class=\"mh-excerpt\">Cuarenta y siete municipios, doce mancomunidades y m\u00e1s de treinta asociaciones y empresas tur\u00edsticas dar\u00e1n a conocer \u201cinfinitas propuestas para vivir el ocio en el territorio valenciano\u201d en la Fira de les Comarques 2018 que <a class=\"mh-excerpt-more\" href=\"https:\/\/www.tucomarca.com\/wordpress\/segunda\/valencia-turisme-presenta-sus-infinitas-propuestas-para-vivir-el-ocio-en-la-provincia-que-se-podran-conocer-en-la-fira-de-les-comarques-2018\/\" title=\"Val\u00e8ncia Turisme presenta sus infinitas propuestas para vivir el ocio en la provincia que se podr\u00e1n conocer en La Fira de les Comarques 2018\">[+] <\/a><\/div>\n","protected":false},"author":1,"featured_media":68455,"comment_status":"open","ping_status":"open","sticky":false,"template":"","format":"standard","meta":{"footnotes":""},"categories":[113,8,72,7,3,45],"tags":[204,10566,9841],"class_list":{"0":"post-68405","1":"post","2":"type-post","3":"status-publish","4":"format-standard","5":"has-post-thumbnail","7":"category-vinos","8":"category-la-comarca","9":"category-sin-categorizar","10":"category-ocio-y-cultura","11":"category-seccion","12":"category-ventana","13":"tag-diputacion","14":"tag-fira-de-les-comarques","15":"tag-valencia-turisme"},"_links":{"self":[{"href":"https:\/\/www.tucomarca.com\/wordpress\/segunda\/wp-json\/wp\/v2\/posts\/68405","targetHints":{"allow":["GET"]}}],"collection":[{"href":"https:\/\/www.tucomarca.com\/wordpress\/segunda\/wp-json\/wp\/v2\/posts"}],"about":[{"href":"https:\/\/www.tucomarca.com\/wordpress\/segunda\/wp-json\/wp\/v2\/types\/post"}],"author":[{"embeddable":true,"href":"https:\/\/www.tucomarca.com\/wordpress\/segunda\/wp-json\/wp\/v2\/users\/1"}],"replies":[{"embeddable":true,"href":"https:\/\/www.tucomarca.com\/wordpress\/segunda\/wp-json\/wp\/v2\/comments?post=68405"}],"version-history":[{"count":0,"href":"https:\/\/www.tucomarca.com\/wordpress\/segunda\/wp-json\/wp\/v2\/posts\/68405\/revisions"}],"wp:featuredmedia":[{"embeddable":true,"href":"https:\/\/www.tucomarca.com\/wordpress\/segunda\/wp-json\/wp\/v2\/media\/68455"}],"wp:attachment":[{"href":"https:\/\/www.tucomarca.com\/wordpress\/segunda\/wp-json\/wp\/v2\/media?parent=68405"}],"wp:term":[{"taxonomy":"category","embeddable":true,"href":"https:\/\/www.tucomarca.com\/wordpress\/segunda\/wp-json\/wp\/v2\/categories?post=68405"},{"taxonomy":"post_tag","embeddable":true,"href":"https:\/\/www.tucomarca.com\/wordpress\/segunda\/wp-json\/wp\/v2\/tags?post=68405"}],"curies":[{"name":"wp","href":"https:\/\/api.w.org\/{rel}","templated":true}]}}