{"id":6842,"date":"2012-08-28T15:09:39","date_gmt":"2012-08-28T13:09:39","guid":{"rendered":"http:\/\/www.tucomarca.com\/wordpress\/segunda\/?p=6842"},"modified":"2012-08-28T15:09:39","modified_gmt":"2012-08-28T13:09:39","slug":"la-diputacion-colabora-en-el-intercambio-gastronomico-de-la-canal-de-navarres","status":"publish","type":"post","link":"https:\/\/www.tucomarca.com\/wordpress\/segunda\/la-diputacion-colabora-en-el-intercambio-gastronomico-de-la-canal-de-navarres\/","title":{"rendered":"La Diputaci\u00f3n colabora en el intercambio gastron\u00f3mico de la Canal de Navarr\u00e9s"},"content":{"rendered":"<p>La Diputaci\u00f3n ha aprobado el programa de subvenciones en materia  de cultura para ayuntamientos con una poblaci\u00f3n de entre 20.000 y  100.000 habitantes o mancomunidades de municipios de la provincia.<\/p>\n<div>\n<p>A trav\u00e9s del Servicio de Asistencia y Recursos Culturales, SARC, la <strong>Mancomunidad de la Canal de Navarr\u00e9s<\/strong> recibir\u00e1 una subvenci\u00f3n para patrocinar el intercambio cultural  gastron\u00f3mico entre las localidades que integran esta asociaci\u00f3n de  ayuntamientos y que se celebrar\u00e1 el pr\u00f3ximo mes de septiembre.<\/p>\n<p>El objetivo de este programa de ayudas a los municipios es impulsar  acciones singulares y cualificadas en el conjunto de la vida cultural de  la provincia o el municipio, que tengan una cierta tradici\u00f3n y una  clara vocaci\u00f3n de continuidad.<br \/>\nPor otra parte, las ayudas pretenden apoyar la creaci\u00f3n,  producci\u00f3n y difusi\u00f3n cultural en todas sus manifestaciones y formas,  creando las condiciones necesarias para facilitar el acceso de los  ciudadanos a la cultura con la finalidad de promover los rasgos  caracter\u00edsticos de la cultura valenciana.<\/p>\n<p><strong>Apoyando la cultura en toda la provincia<\/strong><\/p>\n<p>Las cuant\u00edas para proyectos singulares se han destinado a los  ayuntamientos de Alboraia, Algemes\u00ed, Alzira, Buejassot, Catarroja, La  Pobla de VAllbona, Ll\u00edria, Manises, Mislata, Moncada, Ontinyent,  Paiporta, Paterna, Picassent, Quart de Poblet, Riba-roja del Turia,  Sueca, X\u00e0tica y Xirivella, para los que se ha presupuestado una partida  de 100.000 euros.<\/p>\n<p>Por otra parte, las mancomunidades del Alto Turia, de la Costera, de  la Valldigna, de municipios de la Safor, la Ribera Alta, la Serran\u00eda, la  Tierra del Vino, de la Vall d\u00b4Albaida y la propia Canal de Navarr\u00e9s  recibir\u00e1n en global una subvenci\u00f3n de 20.164 euros.<\/p>\n<\/div>\n","protected":false},"excerpt":{"rendered":"<div class=\"mh-excerpt\">La Diputaci\u00f3n ha aprobado el programa de subvenciones en materia de cultura para ayuntamientos con una poblaci\u00f3n de entre 20.000 y 100.000 habitantes o mancomunidades de municipios de la provincia. A trav\u00e9s del Servicio de <a class=\"mh-excerpt-more\" href=\"https:\/\/www.tucomarca.com\/wordpress\/segunda\/la-diputacion-colabora-en-el-intercambio-gastronomico-de-la-canal-de-navarres\/\" title=\"La Diputaci\u00f3n colabora en el intercambio gastron\u00f3mico de la Canal de Navarr\u00e9s\">[+] <\/a><\/div>\n","protected":false},"author":1,"featured_media":0,"comment_status":"open","ping_status":"open","sticky":false,"template":"","format":"standard","meta":{"footnotes":""},"categories":[70,8,3],"tags":[],"class_list":{"0":"post-6842","1":"post","2":"type-post","3":"status-publish","4":"format-standard","6":"category-la-canal-de-navarres","7":"category-la-comarca","8":"category-seccion"},"_links":{"self":[{"href":"https:\/\/www.tucomarca.com\/wordpress\/segunda\/wp-json\/wp\/v2\/posts\/6842","targetHints":{"allow":["GET"]}}],"collection":[{"href":"https:\/\/www.tucomarca.com\/wordpress\/segunda\/wp-json\/wp\/v2\/posts"}],"about":[{"href":"https:\/\/www.tucomarca.com\/wordpress\/segunda\/wp-json\/wp\/v2\/types\/post"}],"author":[{"embeddable":true,"href":"https:\/\/www.tucomarca.com\/wordpress\/segunda\/wp-json\/wp\/v2\/users\/1"}],"replies":[{"embeddable":true,"href":"https:\/\/www.tucomarca.com\/wordpress\/segunda\/wp-json\/wp\/v2\/comments?post=6842"}],"version-history":[{"count":0,"href":"https:\/\/www.tucomarca.com\/wordpress\/segunda\/wp-json\/wp\/v2\/posts\/6842\/revisions"}],"wp:attachment":[{"href":"https:\/\/www.tucomarca.com\/wordpress\/segunda\/wp-json\/wp\/v2\/media?parent=6842"}],"wp:term":[{"taxonomy":"category","embeddable":true,"href":"https:\/\/www.tucomarca.com\/wordpress\/segunda\/wp-json\/wp\/v2\/categories?post=6842"},{"taxonomy":"post_tag","embeddable":true,"href":"https:\/\/www.tucomarca.com\/wordpress\/segunda\/wp-json\/wp\/v2\/tags?post=6842"}],"curies":[{"name":"wp","href":"https:\/\/api.w.org\/{rel}","templated":true}]}}