{"id":68436,"date":"2018-04-27T23:26:35","date_gmt":"2018-04-27T21:26:35","guid":{"rendered":"http:\/\/www.tucomarca.com\/wordpress\/segunda\/?p=68436"},"modified":"2018-04-27T23:26:35","modified_gmt":"2018-04-27T21:26:35","slug":"bunol-y-cheste-se-movilizan-contra-la-sentencia-del-juicio-de-la-manada","status":"publish","type":"post","link":"https:\/\/www.tucomarca.com\/wordpress\/segunda\/bunol-y-cheste-se-movilizan-contra-la-sentencia-del-juicio-de-la-manada\/","title":{"rendered":"Bu\u00f1ol y Cheste se movilizan contra la sentencia del juicio de \u00abLa manada\u00bb"},"content":{"rendered":"<figure id=\"attachment_68460\" aria-describedby=\"caption-attachment-68460\" style=\"width: 491px\" class=\"wp-caption alignleft\"><img loading=\"lazy\" decoding=\"async\" class=\" wp-image-68460\" src=\"https:\/\/www.tucomarca.com\/wordpress\/segunda\/wp-content\/uploads\/2018\/04\/BunyolManada-1024x576.jpg\" alt=\"Concentraci\u00f3n de protesta ante las puertas el Ayuntamiento de Bu\u00f1ol.\" width=\"491\" height=\"276\" srcset=\"https:\/\/www.tucomarca.com\/wordpress\/segunda\/wp-content\/uploads\/2018\/04\/BunyolManada-1024x576.jpg 1024w, https:\/\/www.tucomarca.com\/wordpress\/segunda\/wp-content\/uploads\/2018\/04\/BunyolManada-300x169.jpg 300w, https:\/\/www.tucomarca.com\/wordpress\/segunda\/wp-content\/uploads\/2018\/04\/BunyolManada-768x432.jpg 768w\" sizes=\"auto, (max-width: 491px) 100vw, 491px\" \/><figcaption id=\"caption-attachment-68460\" class=\"wp-caption-text\">Concentraci\u00f3n de protesta ante las puertas el Ayuntamiento de Bu\u00f1ol.<\/figcaption><\/figure>\n<p class=\"\">Tras conocerse la sentencia del juicio de \u00abLa manada\u00bb\u00a0la tarde del jueves tanto en Bu\u00f1ol como en Cheste se ha concentrado ante la puerta del ayuntamiento de la localidad para mostar su rechazo a los t\u00e9rminos de esta.<\/p>\n<p class=\"\">En Bu\u00f1ol, convocada por el\u00a0Movimiento de\u00a0Mujeres Democr\u00e1ticas, se ha le\u00eddo un manifiesto en repulsa por\u00a0la sentencia judicial a estos violadores con los\u00a0lemas\u00a0<span class=\"_5afx\"><span class=\"_58cl _5afz\">#<\/span><span class=\"_58cm\">NoesAbusoEsViolaci\u00f3n<\/span><\/span>\u00a0<span class=\"_5afx\"><span class=\"_58cl _5afz\">#<\/span><span class=\"_58cm\">NoEsNo y #Hermanayos\u00edtecreo.<\/span><\/span><\/p>\n<figure id=\"attachment_68462\" aria-describedby=\"caption-attachment-68462\" style=\"width: 438px\" class=\"wp-caption alignleft\"><img loading=\"lazy\" decoding=\"async\" class=\" wp-image-68462\" src=\"https:\/\/www.tucomarca.com\/wordpress\/segunda\/wp-content\/uploads\/2018\/04\/BunyolManada2-1024x768.jpg\" alt=\"Concentraci\u00f3n de protesta ante las puertas el Ayuntamiento de Bu\u00f1ol.\" width=\"438\" height=\"329\" srcset=\"https:\/\/www.tucomarca.com\/wordpress\/segunda\/wp-content\/uploads\/2018\/04\/BunyolManada2-1024x768.jpg 1024w, https:\/\/www.tucomarca.com\/wordpress\/segunda\/wp-content\/uploads\/2018\/04\/BunyolManada2-300x225.jpg 300w, https:\/\/www.tucomarca.com\/wordpress\/segunda\/wp-content\/uploads\/2018\/04\/BunyolManada2-768x576.jpg 768w\" sizes=\"auto, (max-width: 438px) 100vw, 438px\" \/><figcaption id=\"caption-attachment-68462\" class=\"wp-caption-text\">Concentraci\u00f3n de protesta ante las puertas el Ayuntamiento de Bu\u00f1ol.<\/figcaption><\/figure>\n<p class=\"\">El Ayuntamiento de Cheste tambi\u00e9n se ha sumado a las concentraciones feministas convocadas con motivo de la sentencia del juicio de \u00abLa Manada\u00bb.<\/p>\n<div class=\"\">Durante la\u00a0ma\u00f1ana de este viernes, decenas de chestanos y chestanas se han reunido en la puerta del Ayuntamiento con carteles con el lema\u00a0<span class=\"_5afx\"><span class=\"_58cl _5afz\">#<\/span><span class=\"_58cm\">NoEsAbusoEsViolaci\u00f3n<\/span><\/span>.<\/div>\n<p class=\"\">La concejala de Igualdad, Ainoha Albiach, ha le\u00eddo el siguiente manifiesto: \u00abEste jueves\u00a026 de abril, conocimos el fallo del juicio de \u00abLa Manada\u00bb por el que los magistrados han optado por condenar a los acusados a 9 a\u00f1os de prisi\u00f3n por un delito continuado de delitos sexuales. Ante esta sentencia queremos manifestar:<\/p>\n<div class=\"text_exposed_show\">\n<p class=\"\">Absoluto rechazo a la decisi\u00f3n de NO considerar los graves hechos como violaci\u00f3n grupal y solo apreciar abuso sexual, al entender que la v\u00edctima no hab\u00eda opuesto resistencia.<\/p>\n<p class=\"\">Este fallo desmonta el inmenso trabajo jur\u00eddico y pol\u00edtico de haber conceptualizado la violencia de g\u00e9nero como una parte important\u00edsima de la protecci\u00f3n de las mujeres en la Democracia.<\/p>\n<p class=\"\">Consideramos enormemente equivocada esta sentencia, no podemos permitir que se considere que para que exista agresi\u00f3n sexual no baste con que cinco hombres agredan a una mujer indefensa y en estado de embriaguez.<\/p>\n<p class=\"\">Por ello nos concentramos para manifestar nuestra indignaci\u00f3n por esta sentencia, que condena por abusos y no violaci\u00f3n a \u00abLa Manada\u00bb.<\/p>\n<p class=\"\">No es abuso, es violencia.<\/p>\n<p class=\"\">Respetamos todas las sentencias judiciales pero esta sentencia no la entendemos, no la compartimos.<\/p>\n<p class=\"\">Tolerancia cero ante cualquier tipo de violencia sexual, porque una violaci\u00f3n no puede salir impune.<\/p>\n<p class=\"\">D\u00eda triste para la Igualdad y muy triste para la Justicia\u00bb.<\/p>\n<figure id=\"attachment_68459\" aria-describedby=\"caption-attachment-68459\" style=\"width: 592px\" class=\"wp-caption alignnone\"><img loading=\"lazy\" decoding=\"async\" class=\" wp-image-68459\" src=\"https:\/\/www.tucomarca.com\/wordpress\/segunda\/wp-content\/uploads\/2018\/04\/ChesteManada02-1024x683.jpg\" alt=\"Concentraci\u00f3n de protesta ante las puertas el Ayuntamiento de Cheste.\" width=\"592\" height=\"395\" srcset=\"https:\/\/www.tucomarca.com\/wordpress\/segunda\/wp-content\/uploads\/2018\/04\/ChesteManada02-1024x683.jpg 1024w, https:\/\/www.tucomarca.com\/wordpress\/segunda\/wp-content\/uploads\/2018\/04\/ChesteManada02-300x200.jpg 300w, https:\/\/www.tucomarca.com\/wordpress\/segunda\/wp-content\/uploads\/2018\/04\/ChesteManada02-768x512.jpg 768w\" sizes=\"auto, (max-width: 592px) 100vw, 592px\" \/><figcaption id=\"caption-attachment-68459\" class=\"wp-caption-text\">Concentraci\u00f3n de protesta ante las puertas el Ayuntamiento de Cheste.<\/figcaption><\/figure>\n<figure id=\"attachment_68458\" aria-describedby=\"caption-attachment-68458\" style=\"width: 579px\" class=\"wp-caption alignnone\"><img loading=\"lazy\" decoding=\"async\" class=\" wp-image-68458\" src=\"https:\/\/www.tucomarca.com\/wordpress\/segunda\/wp-content\/uploads\/2018\/04\/ChesteManada01-1024x683.jpg\" alt=\"Concentraci\u00f3n de protesta ante las puertas el Ayuntamiento de Cheste.\" width=\"579\" height=\"386\" srcset=\"https:\/\/www.tucomarca.com\/wordpress\/segunda\/wp-content\/uploads\/2018\/04\/ChesteManada01-1024x683.jpg 1024w, https:\/\/www.tucomarca.com\/wordpress\/segunda\/wp-content\/uploads\/2018\/04\/ChesteManada01-300x200.jpg 300w, https:\/\/www.tucomarca.com\/wordpress\/segunda\/wp-content\/uploads\/2018\/04\/ChesteManada01-768x512.jpg 768w\" sizes=\"auto, (max-width: 579px) 100vw, 579px\" \/><figcaption id=\"caption-attachment-68458\" class=\"wp-caption-text\">Concentraci\u00f3n de protesta ante las puertas el Ayuntamiento de Cheste.<\/figcaption><\/figure>\n<\/div>\n","protected":false},"excerpt":{"rendered":"<div class=\"mh-excerpt\">Tras conocerse la sentencia del juicio de \u00abLa manada\u00bb\u00a0la tarde del jueves tanto en Bu\u00f1ol como en Cheste se ha concentrado ante la puerta del ayuntamiento de la localidad para mostar su rechazo a los <a class=\"mh-excerpt-more\" href=\"https:\/\/www.tucomarca.com\/wordpress\/segunda\/bunol-y-cheste-se-movilizan-contra-la-sentencia-del-juicio-de-la-manada\/\" title=\"Bu\u00f1ol y Cheste se movilizan contra la sentencia del juicio de \u00abLa manada\u00bb\">[+] <\/a><\/div>\n","protected":false},"author":2,"featured_media":68458,"comment_status":"open","ping_status":"open","sticky":false,"template":"","format":"standard","meta":{"footnotes":""},"categories":[18,17,8,10,3,45],"tags":[10816,10818,10817,4443],"class_list":{"0":"post-68436","1":"post","2":"type-post","3":"status-publish","4":"format-standard","5":"has-post-thumbnail","7":"category-bunol","8":"category-cheste","9":"category-la-comarca","10":"category-la-hoya","11":"category-seccion","12":"category-ventana","13":"tag-la-manada","14":"tag-no-es-abuso-es-violacion","15":"tag-no-es-no","16":"tag-sentencia-judicial"},"_links":{"self":[{"href":"https:\/\/www.tucomarca.com\/wordpress\/segunda\/wp-json\/wp\/v2\/posts\/68436","targetHints":{"allow":["GET"]}}],"collection":[{"href":"https:\/\/www.tucomarca.com\/wordpress\/segunda\/wp-json\/wp\/v2\/posts"}],"about":[{"href":"https:\/\/www.tucomarca.com\/wordpress\/segunda\/wp-json\/wp\/v2\/types\/post"}],"author":[{"embeddable":true,"href":"https:\/\/www.tucomarca.com\/wordpress\/segunda\/wp-json\/wp\/v2\/users\/2"}],"replies":[{"embeddable":true,"href":"https:\/\/www.tucomarca.com\/wordpress\/segunda\/wp-json\/wp\/v2\/comments?post=68436"}],"version-history":[{"count":0,"href":"https:\/\/www.tucomarca.com\/wordpress\/segunda\/wp-json\/wp\/v2\/posts\/68436\/revisions"}],"wp:featuredmedia":[{"embeddable":true,"href":"https:\/\/www.tucomarca.com\/wordpress\/segunda\/wp-json\/wp\/v2\/media\/68458"}],"wp:attachment":[{"href":"https:\/\/www.tucomarca.com\/wordpress\/segunda\/wp-json\/wp\/v2\/media?parent=68436"}],"wp:term":[{"taxonomy":"category","embeddable":true,"href":"https:\/\/www.tucomarca.com\/wordpress\/segunda\/wp-json\/wp\/v2\/categories?post=68436"},{"taxonomy":"post_tag","embeddable":true,"href":"https:\/\/www.tucomarca.com\/wordpress\/segunda\/wp-json\/wp\/v2\/tags?post=68436"}],"curies":[{"name":"wp","href":"https:\/\/api.w.org\/{rel}","templated":true}]}}