{"id":6847,"date":"2012-08-28T15:00:39","date_gmt":"2012-08-28T13:00:39","guid":{"rendered":"http:\/\/www.tucomarca.com\/wordpress\/segunda\/?p=6847"},"modified":"2012-08-28T15:15:53","modified_gmt":"2012-08-28T13:15:53","slug":"bienestar-social-otorga-una-ayuda-a-la-asociacion-de-familiares-de-alzheimer-y-a-la-de-familias-numerosas-de-requena-utiel","status":"publish","type":"post","link":"https:\/\/www.tucomarca.com\/wordpress\/segunda\/bienestar-social-otorga-una-ayuda-a-la-asociacion-de-familiares-de-alzheimer-y-a-la-de-familias-numerosas-de-requena-utiel\/","title":{"rendered":"Bienestar Social otorga una ayuda a la asociaci\u00f3n de familiares de Alzheimer y a la de familias numerosas de Requena-Utiel"},"content":{"rendered":"<p>La comarca de Requena-Utiel ha recibido subvenciones para dos de  sus asociaciones gracias al programa de ayudas impulsado por la  Diputaci\u00f3n de Valencia. Mediante este plan de ayudas ambos colectivos  podr\u00e1n garantizar el mantenimiento de sus sedes y la programar  actividades durante el a\u00f1o 2012.<\/p>\n<p>Las familias numerosas y los familiares de enfermos afectados por el  Alzheimer pertenecientes a las asociaciones de la comarca Utiel-Requena  se benefician de estas ayudas econ\u00f3micas que facilitan y mejoran la  calidad de vida de muchas personas.<\/p>\n<p>La instituci\u00f3n provincial ha destinado 119.964 euros para ayudar a  con 78 organizaciones de la provincia. La diputada de Bienestar Social,  Amparo Mora, afirma que: \u201cLas asociaciones sin \u00e1nimo de lucro apoyan a  muchas personas con asesoramiento, comprensi\u00f3n y difusi\u00f3n de sus  necesidades\u201d.<\/p>\n","protected":false},"excerpt":{"rendered":"<div class=\"mh-excerpt\">La comarca de Requena-Utiel ha recibido subvenciones para dos de sus asociaciones gracias al programa de ayudas impulsado por la Diputaci\u00f3n de Valencia. Mediante este plan de ayudas ambos colectivos podr\u00e1n garantizar el mantenimiento de <a class=\"mh-excerpt-more\" href=\"https:\/\/www.tucomarca.com\/wordpress\/segunda\/bienestar-social-otorga-una-ayuda-a-la-asociacion-de-familiares-de-alzheimer-y-a-la-de-familias-numerosas-de-requena-utiel\/\" title=\"Bienestar Social otorga una ayuda a la asociaci\u00f3n de familiares de Alzheimer y a la de familias numerosas de Requena-Utiel\">[+] <\/a><\/div>\n","protected":false},"author":1,"featured_media":0,"comment_status":"open","ping_status":"open","sticky":false,"template":"","format":"standard","meta":{"footnotes":""},"categories":[8,27,3],"tags":[],"class_list":{"0":"post-6847","1":"post","2":"type-post","3":"status-publish","4":"format-standard","6":"category-la-comarca","7":"category-requena-utiel","8":"category-seccion"},"_links":{"self":[{"href":"https:\/\/www.tucomarca.com\/wordpress\/segunda\/wp-json\/wp\/v2\/posts\/6847","targetHints":{"allow":["GET"]}}],"collection":[{"href":"https:\/\/www.tucomarca.com\/wordpress\/segunda\/wp-json\/wp\/v2\/posts"}],"about":[{"href":"https:\/\/www.tucomarca.com\/wordpress\/segunda\/wp-json\/wp\/v2\/types\/post"}],"author":[{"embeddable":true,"href":"https:\/\/www.tucomarca.com\/wordpress\/segunda\/wp-json\/wp\/v2\/users\/1"}],"replies":[{"embeddable":true,"href":"https:\/\/www.tucomarca.com\/wordpress\/segunda\/wp-json\/wp\/v2\/comments?post=6847"}],"version-history":[{"count":0,"href":"https:\/\/www.tucomarca.com\/wordpress\/segunda\/wp-json\/wp\/v2\/posts\/6847\/revisions"}],"wp:attachment":[{"href":"https:\/\/www.tucomarca.com\/wordpress\/segunda\/wp-json\/wp\/v2\/media?parent=6847"}],"wp:term":[{"taxonomy":"category","embeddable":true,"href":"https:\/\/www.tucomarca.com\/wordpress\/segunda\/wp-json\/wp\/v2\/categories?post=6847"},{"taxonomy":"post_tag","embeddable":true,"href":"https:\/\/www.tucomarca.com\/wordpress\/segunda\/wp-json\/wp\/v2\/tags?post=6847"}],"curies":[{"name":"wp","href":"https:\/\/api.w.org\/{rel}","templated":true}]}}