{"id":68499,"date":"2018-04-30T21:41:21","date_gmt":"2018-04-30T19:41:21","guid":{"rendered":"http:\/\/www.tucomarca.com\/wordpress\/segunda\/?p=68499"},"modified":"2018-04-30T21:41:21","modified_gmt":"2018-04-30T19:41:21","slug":"cheste-recibe-el-recital-de-piano-y-trompa-a-cargo-de-pedro-jorge-garcia-y-yamini-teresa-prabhu-en-un-salon-de-plenos-a-rebosar","status":"publish","type":"post","link":"https:\/\/www.tucomarca.com\/wordpress\/segunda\/cheste-recibe-el-recital-de-piano-y-trompa-a-cargo-de-pedro-jorge-garcia-y-yamini-teresa-prabhu-en-un-salon-de-plenos-a-rebosar\/","title":{"rendered":"Cheste recibe el recital de piano y trompa a cargo de Pedro Jorge Garc\u00eda y Yamini Teresa Prabhu en un sal\u00f3n de plenos a rebosar"},"content":{"rendered":"<figure id=\"attachment_68502\" aria-describedby=\"caption-attachment-68502\" style=\"width: 527px\" class=\"wp-caption alignleft\"><img loading=\"lazy\" decoding=\"async\" class=\" wp-image-68502\" src=\"https:\/\/www.tucomarca.com\/wordpress\/segunda\/wp-content\/uploads\/2018\/04\/RECITALPIANO.jpg\" alt=\"Recital de piano y trompa a cargo de Pedro Jorge Garc\u00eda y Yamini Teresa Prabhu.\" width=\"527\" height=\"351\" srcset=\"https:\/\/www.tucomarca.com\/wordpress\/segunda\/wp-content\/uploads\/2018\/04\/RECITALPIANO.jpg 5184w, https:\/\/www.tucomarca.com\/wordpress\/segunda\/wp-content\/uploads\/2018\/04\/RECITALPIANO-300x200.jpg 300w, https:\/\/www.tucomarca.com\/wordpress\/segunda\/wp-content\/uploads\/2018\/04\/RECITALPIANO-768x512.jpg 768w, https:\/\/www.tucomarca.com\/wordpress\/segunda\/wp-content\/uploads\/2018\/04\/RECITALPIANO-1024x683.jpg 1024w\" sizes=\"auto, (max-width: 527px) 100vw, 527px\" \/><figcaption id=\"caption-attachment-68502\" class=\"wp-caption-text\"><em>Recital de piano y trompa a cargo de Pedro Jorge Garc\u00eda y Yamini Teresa Prabhu.<\/em><\/figcaption><\/figure>\n<p>En la tarde del domingo, el sal\u00f3n de plenos del Ayuntamiento se qued\u00f3 peque\u00f1o para acoger al numeroso p\u00fablico que quiso disfrutar del recital a cargo del trompista local Pedro Jorge Garc\u00eda y la pianista Yamini Teresa Prabhu, en el que los m\u00fasicos interpretaron parte del repertorio con el que el chestano va a participar en el prestigioso festival musical \u2018Prague Spring\u2019, que se celebrar\u00e1 en la capital de la Rep\u00fablica Checa durante el pr\u00f3ximo mes de mayo.<\/p>\n<p>\u201cMe hace much\u00edsima ilusi\u00f3n estar en Cheste hoy; la primera vez que toqu\u00e9 en Cheste fue hace por lo menos 7 a\u00f1os\u201d, destacaba\u00a0Garc\u00eda antes de comenzar el recital. \u201cMi agradecimiento tambi\u00e9n se extiende a la concejala de Cultura, que quiso hacer hueco en la agenda para esta propuesta desde el primer momento y, por su puesto, a mi amiga Yamini, que aun viviendo en Galicia no dud\u00f3 en apoyarme cuando sali\u00f3 lo del concurso\u201d.<\/p>\n<p>Por su parte, la concejala M\u00aa \u00c1ngeles Llorente agradeci\u00f3 al p\u00fablico su asistencia masiva al acto y al trompista su propuesta de hacer el recital en Cheste. \u201cEs un regalo poder escuchar hoy aqu\u00ed en primicia las obras que Pedro Jorge va a llevar a concurso, para lo que le deseamos todos mucha suerte; y es un orgullo para Cheste que j\u00f3venes como \u00e9l dediquen su vida a la m\u00fasica, con mucho sacrificio y tambi\u00e9n con mucha pasi\u00f3n y nos hagan disfrutar de esta manera\u201d.<\/p>\n<p>El concierto se dividi\u00f3 en dos partes con un peque\u00f1o descanso entre las tres primeras obras, C<i>oncierto en Re Menor<\/i> de Franceso Antonio Rossetti, interpretado a d\u00fao, <i>Concert \u00c9tude<\/i> de Esa &#8211; Pekka Salonen, por parte de Garc\u00eda y <i>Estudio de Do M Op. 45, <\/i>a cargo de Prabhu. El broche final lo pusieron <i>3 Peque\u00f1as Piezas Op.45<\/i> de Alexander Scriabin, por parte de la pianista y l<i>a sonata en Mib M (1943)<\/i> de Paul Hindemith, interpretada a d\u00fao.<\/p>\n<p><b>Sobre Pedro Jorge Garc\u00eda<\/b><\/p>\n<p>El chestano, actual trompa solista de la Orquesta de la Comunidad de Madrid, comenz\u00f3 sus estudios en la escuela de m\u00fasica de la localidad, continuando en el Conservatorio <i>San Rafael<\/i> de Bu\u00f1ol, para pasar a cursar el Grado Superior en el Conservatorio Superior de M\u00fasica y Danza <i>Joaqu\u00edn Rodrigo<\/i> de Valencia.<\/p>\n<p>Garc\u00eda complet\u00f3 sus estudios de Bachelor y curs\u00f3 el M\u00e1ster de pr\u00e1ctica orquestal en el <i>Hogeschool Zuyd Conservatorium<\/i> de Maastricht (Pa\u00edses Bajos). Entre algunos de sus \u00e9xitos m\u00e1s recientes se cuenta haber actuado como trompa co-principal de la BBC Scottish\u00a0 Symphony Orchestra en la temporada 2016-2017.<\/p>\n","protected":false},"excerpt":{"rendered":"<div class=\"mh-excerpt\">En la tarde del domingo, el sal\u00f3n de plenos del Ayuntamiento se qued\u00f3 peque\u00f1o para acoger al numeroso p\u00fablico que quiso disfrutar del recital a cargo del trompista local Pedro Jorge Garc\u00eda y la pianista <a class=\"mh-excerpt-more\" href=\"https:\/\/www.tucomarca.com\/wordpress\/segunda\/cheste-recibe-el-recital-de-piano-y-trompa-a-cargo-de-pedro-jorge-garcia-y-yamini-teresa-prabhu-en-un-salon-de-plenos-a-rebosar\/\" title=\"Cheste recibe el recital de piano y trompa a cargo de Pedro Jorge Garc\u00eda y Yamini Teresa Prabhu en un sal\u00f3n de plenos a rebosar\">[+] <\/a><\/div>\n","protected":false},"author":2,"featured_media":68500,"comment_status":"open","ping_status":"open","sticky":false,"template":"","format":"standard","meta":{"footnotes":""},"categories":[66,17,10,7,3],"tags":[10470,5952],"class_list":{"0":"post-68499","1":"post","2":"type-post","3":"status-publish","4":"format-standard","5":"has-post-thumbnail","7":"category-musica","8":"category-cheste","9":"category-la-hoya","10":"category-ocio-y-cultura","11":"category-seccion","12":"tag-ayuntamiento-de-cheste","13":"tag-la-hoya-de-bunol-chiva"},"_links":{"self":[{"href":"https:\/\/www.tucomarca.com\/wordpress\/segunda\/wp-json\/wp\/v2\/posts\/68499","targetHints":{"allow":["GET"]}}],"collection":[{"href":"https:\/\/www.tucomarca.com\/wordpress\/segunda\/wp-json\/wp\/v2\/posts"}],"about":[{"href":"https:\/\/www.tucomarca.com\/wordpress\/segunda\/wp-json\/wp\/v2\/types\/post"}],"author":[{"embeddable":true,"href":"https:\/\/www.tucomarca.com\/wordpress\/segunda\/wp-json\/wp\/v2\/users\/2"}],"replies":[{"embeddable":true,"href":"https:\/\/www.tucomarca.com\/wordpress\/segunda\/wp-json\/wp\/v2\/comments?post=68499"}],"version-history":[{"count":0,"href":"https:\/\/www.tucomarca.com\/wordpress\/segunda\/wp-json\/wp\/v2\/posts\/68499\/revisions"}],"wp:featuredmedia":[{"embeddable":true,"href":"https:\/\/www.tucomarca.com\/wordpress\/segunda\/wp-json\/wp\/v2\/media\/68500"}],"wp:attachment":[{"href":"https:\/\/www.tucomarca.com\/wordpress\/segunda\/wp-json\/wp\/v2\/media?parent=68499"}],"wp:term":[{"taxonomy":"category","embeddable":true,"href":"https:\/\/www.tucomarca.com\/wordpress\/segunda\/wp-json\/wp\/v2\/categories?post=68499"},{"taxonomy":"post_tag","embeddable":true,"href":"https:\/\/www.tucomarca.com\/wordpress\/segunda\/wp-json\/wp\/v2\/tags?post=68499"}],"curies":[{"name":"wp","href":"https:\/\/api.w.org\/{rel}","templated":true}]}}