{"id":686,"date":"2012-05-05T13:05:01","date_gmt":"2012-05-05T13:05:01","guid":{"rendered":"http:\/\/www.tucomarca.com\/wordpress\/segunda\/?p=686"},"modified":"2012-05-05T13:05:01","modified_gmt":"2012-05-05T13:05:01","slug":"pedro-cavadas-coordinara-el-centro-de-traumatismos-de-alta-tecnologia-del-hospital-de-manises","status":"publish","type":"post","link":"https:\/\/www.tucomarca.com\/wordpress\/segunda\/pedro-cavadas-coordinara-el-centro-de-traumatismos-de-alta-tecnologia-del-hospital-de-manises\/","title":{"rendered":"Pedro Cavadas coordinar\u00e1 el centro de traumatismos de alta tecnolog\u00eda del Hospital de Manises"},"content":{"rendered":"<figure id=\"attachment_687\" aria-describedby=\"caption-attachment-687\" style=\"width: 491px\" class=\"wp-caption alignleft\"><a href=\"https:\/\/www.tucomarca.com\/wordpress\/segunda\/wp-content\/uploads\/2012\/05\/Centro-Traumatismos-Alta-Energia-003.jpg\"><img loading=\"lazy\" decoding=\"async\" class=\"size-large wp-image-687  \" title=\"Centro Traumatismos Alta Energia 003\" src=\"https:\/\/www.tucomarca.com\/wordpress\/segunda\/wp-content\/uploads\/2012\/05\/Centro-Traumatismos-Alta-Energia-003-1024x685.jpg\" alt=\"Pedro Cavadas, Luis Rosado y Vicente Gil Suay.\" width=\"491\" height=\"329\" \/><\/a><figcaption id=\"caption-attachment-687\" class=\"wp-caption-text\">Pedro Cavadas, Luis Rosado y Vicente Gil Suay durante la presentaci\u00f3n del centro de traumatismos.<\/figcaption><\/figure>\n<p>El conseller de Sanitat, Luis Rosado, ha presentado este pasdo mi\u00e9rcoles, junto al cirujano Pedro Cavadas, al gerente del Hospital de Manises, Vicente Gil Suay, y al director de Servicios de Emergencias, Manuel Gonz\u00e1lez, el Centro de Traumatismos de Alta Energ\u00eda que ha puesto en marcha este centro hospitalario. Se trata de un <strong>nuevo concepto de asistencia <\/strong>a<strong> pacientes politraumatizados<\/strong> con lesiones complejas severas en extremidades fundamentalmente, que requieren una intervenci\u00f3n multidisciplinar y alta complejidad t\u00e9cnica.<\/p>\n<p>Para el <strong>conseller de Sanitat<\/strong> la puesta en marcha de este nuevo concepto de atenci\u00f3n hospitalaria supone dar <strong>un paso m\u00e1s hacia la excelencia hospitalaria.<\/strong> \u201cCon este Centro de Traumatismos de Alta Energ\u00eda, Manises se convierte en referente para el tratamiento de lesiones complejas que precisan un abordaje multidisciplinar y completo\u201d, ha indicado Rosado.<\/p>\n<p>El titular de Sanitat ha manifestado que \u201ceste es un ejemplo de los esfuerzos continuos que hace el Consell por ofrecer una sanidad de calidad\u201d.<\/p>\n<p>Tal y como ha detallado el doctor Cavadas, \u201cla nueva unidad de atenci\u00f3n creada en Manises est\u00e1 basada en el concepto de los grandes Trauma Center americanos. Son centros con una disponibilidad inmediata de\u00a0personal especializado, equipos y servicios\u00a0para el tratamiento de\u00a0las lesiones m\u00e1s graves\u00a0y de cr\u00edticos.\u00a0Esto\u00a0incluye\u00a0la realizaci\u00f3n de cirug\u00eda\u00a0inmediata\u00a0y\u00a0otros procedimientos necesarios para la recuperaci\u00f3n de pacientes con lesiones\u00a0graves\u00a0o potencialmente mortales\u201d.<\/p>\n<p>Para la puesta en marcha de esta nueva unidad, ha sido necesaria la coordinaci\u00f3n entre el CICU y el equipo multidisciplinar del Hospital de Manises liderado por el equipo de Cirug\u00eda Reconstructiva del doctor Cavadas y constituido tambi\u00e9n por los servicios de Urgencias, Neurocirug\u00eda, Cirug\u00eda Tor\u00e1cica, Cirug\u00eda General, Radiolog\u00eda, Anestesiolog\u00eda y Medicina Intensiva.<\/p>\n<p>Luis Rosado ha afirmado que la puesta en marcha del Centro \u201cha supuesto un gran esfuerzo y trabajo por parte de todo el personal del Hospital de Manises pero, gracias al protocolo establecido y la coordinaci\u00f3n de todas estas especialidades, podemos establecer desde el origen la actuaci\u00f3n m\u00e1s adecuada en funci\u00f3n de cada caso\u201d.<\/p>\n<p><strong> <\/strong><\/p>\n<p><strong>Perfil de paciente<\/strong><\/p>\n<p><strong> <\/strong><\/p>\n<p>El Centro atender\u00e1 a pacientes politraumatizados con afecci\u00f3n de da\u00f1o en varias zonas o con sospecha de da\u00f1o m\u00faltiple. Est\u00e1 especialmente <strong>preparada para atender <\/strong>a<strong> pacientes con traumatismos de alta energ\u00eda<\/strong>, es decir, aquellos de mayor complejidad, fundamentalmente cuando se trate de lesiones complejas severas en extremidades. Estos pacientes normalmente son accidentes, precipitados o grandes amputaciones. Dentro de este campo la unidad ubicada en el Hospital de Manises ser\u00e1 referente por lo que atender\u00e1 a pacientes de otras \u00e1reas.<\/p>\n<p><strong>Tratamiento especializado<\/strong><\/p>\n<p><strong> <\/strong><\/p>\n<p>El principal valor a\u00f1adido del Centro de Traumatismos de Alta Energ\u00eda es la <strong>atenci\u00f3n multidisciplinar<\/strong> lo que permite un mejor seguimiento de los pacientes, \u201cque dejan de serlo de un servicio determinado y pasan a estar contemplados por un protocolo y unas gu\u00edas de actuaci\u00f3n comunes que permiten mejorar resultados\u201d, ahonda el doctor Pedro Cavadas.<\/p>\n<p>La amplia experiencia del doctor Pedro Cavadas y su equipo en el manejo de este tipo de pacientes es otra de las claves del Centro. Cavadas es un referente internacional en reimplantes y reconstrucciones de alta complejidad, casos habituales en este tipo de centros.<\/p>\n","protected":false},"excerpt":{"rendered":"<div class=\"mh-excerpt\">El conseller de Sanitat, Luis Rosado, ha presentado este pasdo mi\u00e9rcoles, junto al cirujano Pedro Cavadas, al gerente del Hospital de Manises, Vicente Gil Suay, y al director de Servicios de Emergencias, Manuel Gonz\u00e1lez, el <a class=\"mh-excerpt-more\" href=\"https:\/\/www.tucomarca.com\/wordpress\/segunda\/pedro-cavadas-coordinara-el-centro-de-traumatismos-de-alta-tecnologia-del-hospital-de-manises\/\" title=\"Pedro Cavadas coordinar\u00e1 el centro de traumatismos de alta tecnolog\u00eda del Hospital de Manises\">[+] <\/a><\/div>\n","protected":false},"author":1,"featured_media":687,"comment_status":"open","ping_status":"open","sticky":false,"template":"","format":"standard","meta":{"footnotes":""},"categories":[19,18,17,16,14,8,10,42,13,3,43,45,11],"tags":[52],"class_list":{"0":"post-686","1":"post","2":"type-post","3":"status-publish","4":"format-standard","5":"has-post-thumbnail","7":"category-alborache","8":"category-bunol","9":"category-cheste","10":"category-chiva","11":"category-godelleta","12":"category-la-comarca","13":"category-la-hoya","14":"category-la-ribera","15":"category-macastre","16":"category-seccion","17":"category-turis","18":"category-ventana","19":"category-yatova","20":"tag-sanidad"},"_links":{"self":[{"href":"https:\/\/www.tucomarca.com\/wordpress\/segunda\/wp-json\/wp\/v2\/posts\/686","targetHints":{"allow":["GET"]}}],"collection":[{"href":"https:\/\/www.tucomarca.com\/wordpress\/segunda\/wp-json\/wp\/v2\/posts"}],"about":[{"href":"https:\/\/www.tucomarca.com\/wordpress\/segunda\/wp-json\/wp\/v2\/types\/post"}],"author":[{"embeddable":true,"href":"https:\/\/www.tucomarca.com\/wordpress\/segunda\/wp-json\/wp\/v2\/users\/1"}],"replies":[{"embeddable":true,"href":"https:\/\/www.tucomarca.com\/wordpress\/segunda\/wp-json\/wp\/v2\/comments?post=686"}],"version-history":[{"count":0,"href":"https:\/\/www.tucomarca.com\/wordpress\/segunda\/wp-json\/wp\/v2\/posts\/686\/revisions"}],"wp:featuredmedia":[{"embeddable":true,"href":"https:\/\/www.tucomarca.com\/wordpress\/segunda\/wp-json\/wp\/v2\/media\/687"}],"wp:attachment":[{"href":"https:\/\/www.tucomarca.com\/wordpress\/segunda\/wp-json\/wp\/v2\/media?parent=686"}],"wp:term":[{"taxonomy":"category","embeddable":true,"href":"https:\/\/www.tucomarca.com\/wordpress\/segunda\/wp-json\/wp\/v2\/categories?post=686"},{"taxonomy":"post_tag","embeddable":true,"href":"https:\/\/www.tucomarca.com\/wordpress\/segunda\/wp-json\/wp\/v2\/tags?post=686"}],"curies":[{"name":"wp","href":"https:\/\/api.w.org\/{rel}","templated":true}]}}