{"id":68635,"date":"2018-05-06T21:17:13","date_gmt":"2018-05-06T19:17:13","guid":{"rendered":"http:\/\/www.tucomarca.com\/wordpress\/segunda\/?p=68635"},"modified":"2018-05-06T21:17:13","modified_gmt":"2018-05-06T19:17:13","slug":"el-macastre-acaba-la-temporada-perdiendo-por-la-minima-frente-al-rumbo","status":"publish","type":"post","link":"https:\/\/www.tucomarca.com\/wordpress\/segunda\/el-macastre-acaba-la-temporada-perdiendo-por-la-minima-frente-al-rumbo\/","title":{"rendered":"El Macastre acaba la temporada perdiendo por la m\u00ednima frente al Rumbo"},"content":{"rendered":"<div><\/div>\n<div>\n<figure id=\"attachment_68553\" aria-describedby=\"caption-attachment-68553\" style=\"width: 481px\" class=\"wp-caption alignleft\"><img loading=\"lazy\" decoding=\"async\" class=\" wp-image-68553\" src=\"https:\/\/www.tucomarca.com\/wordpress\/segunda\/wp-content\/uploads\/2018\/05\/MACASTRENUE2.jpg\" alt=\"El Macastre ha cerrado la temporada 2017-18 antepen\u00faltimo de la tabla de Segunda Regional.\" width=\"481\" height=\"291\" srcset=\"https:\/\/www.tucomarca.com\/wordpress\/segunda\/wp-content\/uploads\/2018\/05\/MACASTRENUE2.jpg 945w, https:\/\/www.tucomarca.com\/wordpress\/segunda\/wp-content\/uploads\/2018\/05\/MACASTRENUE2-300x182.jpg 300w, https:\/\/www.tucomarca.com\/wordpress\/segunda\/wp-content\/uploads\/2018\/05\/MACASTRENUE2-768x465.jpg 768w\" sizes=\"auto, (max-width: 481px) 100vw, 481px\" \/><figcaption id=\"caption-attachment-68553\" class=\"wp-caption-text\">El Macastre ha cerrado la temporada 2017-18 antepen\u00faltimo de la tabla de Segunda Regional.<\/figcaption><\/figure>\n<p>El Macastre ha acabado la temporada perdiendo por la m\u00ednima contra El Rumbo. Los visitantes estaban en zona alta,\u00a0luchado por subir, y eso se reflej\u00f3 en el juego.<\/p>\n<\/div>\n<div><\/div>\n<div>Poco despu\u00e9s de haber cumplido los 20 minutos, David por fin lograba lanzar y batir a Jos\u00e9 Manuel quien poco m\u00e1s pudo hacer para evitarlo.<\/div>\n<div><\/div>\n<div>Sin embargo, quien s\u00ed pudo y lo hizo para volver a poner en tablas el encuentro fue Salvador Mart\u00ednez, que logr\u00f3 batir al meta tras una buena jugada local y que el t\u00e9cnico de Macastre aprob\u00f3 con el dedo al goleador.\u00a0As\u00ed es como se lleg\u00f3 al descanso.<\/div>\n<div><\/div>\n<div>Tras la reanudaci\u00f3n, los locales intentaron controlar el juego, claro que no fue nada f\u00e1cil ya que los visitantes estaban muy intensos.<\/div>\n<div><\/div>\n<div>Llegado el 65&#8242;, los del Rumbo fueron presionando y adelantando l\u00edneas;\u00a0y fue cuesti\u00f3n de tiempo e insistencia, cuando Alejandro Castillo lograba batir a Jos\u00e9 Manuel y volver a poner a los visitantes por delante.<\/div>\n<div><\/div>\n<div>El partido se calent\u00f3 y Adrian Asensi, entre otros, vio la cartulina amarilla a interpretaci\u00f3n del \u00e1rbitro, pero que la grada de Macastre protest\u00f3 y, al final, Macastre vi\u00f3 morir un artido que acab\u00f3 con derrota propia en la \u00faltima jornada liguera.<\/div>\n<div><\/div>\n<div>El Atl\u00e9tico de Macastre se queda\u00a0en el puesto\u00a014, antepen\u00faltimo con 15 puntos y as\u00ed despide la temporada.<\/div>\n<div><\/div>\n<div>Enhorabuena por la lucha nada f\u00e1cil y deseamos suerte en el futuro desde <a href=\"http:\/\/tucomarca.com\/\">tucomarca.com<\/a>.\u00a0Informa, <strong>Ra\u00fal Miralles Lacalle.\u00a0<\/strong>@raulmks<\/div>\n","protected":false},"excerpt":{"rendered":"<div class=\"mh-excerpt\">El Macastre ha acabado la temporada perdiendo por la m\u00ednima contra El Rumbo. Los visitantes estaban en zona alta,\u00a0luchado por subir, y eso se reflej\u00f3 en el juego. Poco despu\u00e9s de haber cumplido los 20 <a class=\"mh-excerpt-more\" href=\"https:\/\/www.tucomarca.com\/wordpress\/segunda\/el-macastre-acaba-la-temporada-perdiendo-por-la-minima-frente-al-rumbo\/\" title=\"El Macastre acaba la temporada perdiendo por la m\u00ednima frente al Rumbo\">[+] <\/a><\/div>\n","protected":false},"author":1,"featured_media":68553,"comment_status":"open","ping_status":"open","sticky":false,"template":"","format":"standard","meta":{"footnotes":""},"categories":[50,6,10,13,3,45],"tags":[10379,44,5952],"class_list":{"0":"post-68635","1":"post","2":"type-post","3":"status-publish","4":"format-standard","5":"has-post-thumbnail","7":"category-futbol-deportes","8":"category-deportes","9":"category-la-hoya","10":"category-macastre","11":"category-seccion","12":"category-ventana","13":"tag-deportes","14":"tag-futbol","15":"tag-la-hoya-de-bunol-chiva"},"_links":{"self":[{"href":"https:\/\/www.tucomarca.com\/wordpress\/segunda\/wp-json\/wp\/v2\/posts\/68635","targetHints":{"allow":["GET"]}}],"collection":[{"href":"https:\/\/www.tucomarca.com\/wordpress\/segunda\/wp-json\/wp\/v2\/posts"}],"about":[{"href":"https:\/\/www.tucomarca.com\/wordpress\/segunda\/wp-json\/wp\/v2\/types\/post"}],"author":[{"embeddable":true,"href":"https:\/\/www.tucomarca.com\/wordpress\/segunda\/wp-json\/wp\/v2\/users\/1"}],"replies":[{"embeddable":true,"href":"https:\/\/www.tucomarca.com\/wordpress\/segunda\/wp-json\/wp\/v2\/comments?post=68635"}],"version-history":[{"count":0,"href":"https:\/\/www.tucomarca.com\/wordpress\/segunda\/wp-json\/wp\/v2\/posts\/68635\/revisions"}],"wp:featuredmedia":[{"embeddable":true,"href":"https:\/\/www.tucomarca.com\/wordpress\/segunda\/wp-json\/wp\/v2\/media\/68553"}],"wp:attachment":[{"href":"https:\/\/www.tucomarca.com\/wordpress\/segunda\/wp-json\/wp\/v2\/media?parent=68635"}],"wp:term":[{"taxonomy":"category","embeddable":true,"href":"https:\/\/www.tucomarca.com\/wordpress\/segunda\/wp-json\/wp\/v2\/categories?post=68635"},{"taxonomy":"post_tag","embeddable":true,"href":"https:\/\/www.tucomarca.com\/wordpress\/segunda\/wp-json\/wp\/v2\/tags?post=68635"}],"curies":[{"name":"wp","href":"https:\/\/api.w.org\/{rel}","templated":true}]}}