{"id":68712,"date":"2018-05-08T06:00:01","date_gmt":"2018-05-08T04:00:01","guid":{"rendered":"http:\/\/www.tucomarca.com\/wordpress\/segunda\/?p=68712"},"modified":"2018-05-08T00:59:44","modified_gmt":"2018-05-07T22:59:44","slug":"las-imagenes-de-la-tercera-edicion-de-graffitea-que-consolida-a-cheste-como-pueblo-museo","status":"publish","type":"post","link":"https:\/\/www.tucomarca.com\/wordpress\/segunda\/las-imagenes-de-la-tercera-edicion-de-graffitea-que-consolida-a-cheste-como-pueblo-museo\/","title":{"rendered":"Las im\u00e1genes de la tercera edici\u00f3n de Graffitea que consolida a Cheste como \u2018pueblo-museo\u2019"},"content":{"rendered":"<figure id=\"attachment_68747\" aria-describedby=\"caption-attachment-68747\" style=\"width: 735px\" class=\"wp-caption alignleft\"><img loading=\"lazy\" decoding=\"async\" class=\" wp-image-68747\" src=\"https:\/\/www.tucomarca.com\/wordpress\/segunda\/wp-content\/uploads\/2018\/05\/180506_RutaGraffitea12.jpeg\" alt=\"La ruta Graffitea 2018 por el casco urbano de Cheste.\" width=\"735\" height=\"490\" \/><figcaption id=\"caption-attachment-68747\" class=\"wp-caption-text\">La ruta Graffitea 2018 por el casco urbano de Cheste.<\/figcaption><\/figure>\n<p>Graffitea Cheste ha cerrado su tercera edici\u00f3n con seis sorprendentes intervenciones murales que se suman a los m\u00e1s de 30 graffiti de las pasadas ediciones. Adem\u00e1s, como cada a\u00f1o, este festival de Arte Urbano cont\u00f3 con actividades paralelas: talleres infantiles y conferencias ofrecidas por Martial Jara, coordinador, difusor y comisario de SLAP; Dar\u00edo Cobacho, director del festival \u2018Murs que Parlen\u2019 (Tarragona) y co-comisariado de \u2018Poliniza Dos\u2019 y Sergio Terrones, Flug, artista y miembro del colectivo Wall Arttitude, organizador de Graffitea Cheste.<\/p>\n<p>Como novedad, las obras de la edici\u00f3n de 2018 ocupan paredes de mayor\u00a0 tama\u00f1o y ya no son solo de propiedad municipal, sino que se han incluido espacios cedidos por vecinos y vecinas de la localidad. \u201cMe gustar\u00eda agradecer a todas las personas que han venido al Ayuntamiento ofreciendo muros de sus casas su generosidad, buena predisposici\u00f3n y apertura de miras, con la intenci\u00f3n de ser parte de este proyecto tan valioso a nivel cultural, art\u00edstico y educativo como es Graffitea Cheste\u201d, manifestaba la concejala de Cultura, M\u00aa \u00c1ngeles Llorente, en la inauguraci\u00f3n del festival, celebrada el pasado viernes en el sal\u00f3n de actos de la Caja Rural de Cheste. La concejala tambi\u00e9n dedic\u00f3 gran parte de su discurso a agradecer la participaci\u00f3n a todos los artistas y las artistas que han intervenido en las tres ediciones del festival y, especialmente, al colectivo Wall Arttitude, por su implicaci\u00f3n y trabajo. \u201cSin vosotros no ser\u00eda posible celebrarlo ni podr\u00edamos disfrutar de las maravillosas obras que nos hab\u00e9is dejado adornando el pueblo. Basta salir a dar un paseo por Cheste para ver que en todos los rincones hay una muestra de arte urbano de gran calidad\u201d.<\/p>\n<p>Tal y como explic\u00f3 Llorente, Graffitea es un proyecto con muchas vertientes, que \u201cadem\u00e1s de contemplar la divulgaci\u00f3n del arte urbano, pretende que los ni\u00f1os y ni\u00f1as complementen su aprendizaje en las artes pl\u00e1sticas y tambi\u00e9n tiene un fuerte componente cultural y tur\u00edstico\u201d. En este sentido, la localidad de Cheste ha sido incluida en la Red de Centros de Arte Contempor\u00e1neo en el Entorno Rural, promovida por la Agencia Valenciana de Turismo de la Generalitat Valenciana. \u201cSin duda este es un reconocimiento a la gran labor realizada por los artistas en nuestra localidad\u201d, apuntaba la concejala.<\/p>\n<p>\u201cDesde las concejal\u00edas que coordino quiero impulsar la cultura y el arte popular, apostar por una cultura libre y de calidad para todo el mundo, de todos los estilos y de todas las disciplinas. Los artistas urbanos ni se venden ni tienen miedo, son cr\u00edticos con la sociedad y muestran sus obras sin ning\u00fan tipo de prejuicio\u201d, declaraba Llorente. \u201cDesde siempre, las vanguardias culturales de la Izquierda han defendido la cultura como un eje prioritario de emancipaci\u00f3n y de libertad para que la gente, a trav\u00e9s del arte, aprenda a conocerse, a expresarse y a ser cr\u00edtica con la sociedad en la que vive para transformarla hacia un mundo mejor\u201d.<\/p>\n<p><b>Conferencias<\/b><\/p>\n<p>El acto de inauguraci\u00f3n del festival cont\u00f3 con las conferencias de Martial Jara y Dar\u00edo Cobacho; quienes expusieron la situaci\u00f3n del arte urbano a nivel internacional, nacional y provincial.<\/p>\n<p>\u201cCuando yo llegu\u00e9 a Valencia me di cuenta de que era un lugar donde hab\u00edan muchos muros en los que se pod\u00edan hacer graffiti sin ning\u00fan problema; tambi\u00e9n hab\u00eda una pol\u00edtica permisiva por parte de las autoridades en comparaci\u00f3n con otros lugares, y creo que esos aspectos favorecieron el nacimiento del muralismo en Valencia\u201d, recordaba Martial Jara, de origen franc\u00e9s. \u201cEn Valencia hay una buena organizaci\u00f3n de los artistas de la ciudad, que est\u00e1n agrupados en colectivos, uniendo energ\u00edas para hacer proyectos juntos, como es el caso de Wall Arttitude; y adem\u00e1s aqu\u00ed cont\u00e1is con grandes artistas reconocidos a nivel internacional\u201d. Jara tambi\u00e9n destac\u00f3 la presencia de mujeres artistas valencianas, como La Nena Wapa Wapa, Julieta XLF o Dafne Tree. \u201cHay muchas, producen mucho y est\u00e1n muy metidas en esta influencia, algo que creo que es muy importante\u201d.<\/p>\n<p>Por su parte, Cobacho hizo un interesante an\u00e1lisis sobre los principales eventos de arte urbano de Espa\u00f1a, partiendo de su experiencia como organizador del festival \u201cMurs que Parlen\u201d.<\/p>\n<p>Para finalizar, Sergio Terrones, Flug, introdujo dos v\u00eddeos que resum\u00edan las ediciones de 2016 y 2017 de Graffitea Cheste, haciendo un repaso de las obras, los artistas y las artistas participantes y comentando an\u00e9cdotas sobre el proceso creativo y organizativo. \u201cPara Wall Arttitude Graffitea Cheste es un orgullo: una iniciativa que comenz\u00f3 como algo muy peque\u00f1ito y que en poco tiempo se est\u00e1 haciendo cada vez m\u00e1s grande\u201d, afirmaba el artista. \u201cTambi\u00e9n nosotros tenemos que agradecer a todas las personas que han pasado por el festival, a los que trabajan con nosotros para que sea posible y al Ayuntamiento de Cheste, pero sobre todo a M\u00aa\u00c1ngeles, que es quien respalda este proyecto y quien est\u00e1 apostando desde el principio por este festival\u201d.<\/p>\n<p><b>Talleres infantiles<\/b><\/p>\n<p>El pasado s\u00e1bado tuvieron lugar los talleres infantiles en los colegios p\u00fablicos de Cheste. \u201cLa idea de realizar estos talleres es involucrar a la poblaci\u00f3n, en este caso a los m\u00e1s peque\u00f1os, en la cultura y el arte. Est\u00e1n disfrutando tranquilamente, manch\u00e1ndose y dando rienda suelta a su creatividad\u201d, explicaba Flug. \u201cDespu\u00e9s de la respuesta del a\u00f1o pasado, este a\u00f1o hemos tenido que limitar las inscripciones de los talleres a 40 plazas, que estaban abiertas a ni\u00f1os y ni\u00f1as de Infantil y Primaria\u201d.<\/p>\n<p>Durante toda la ma\u00f1ana, los ni\u00f1os y ni\u00f1as participantes, guiados por artistas de Wall Arttitude, experimentaron con las pinturas y crearon murales en las paredes de sus centros. En el C.E.I.P. n\u00ba 3 y el C.E.I.P. Vicente Blasco Ib\u00e1\u00f1ez los dinosaurios fueron los protagonistas, mientras que el C.E.I.P. Francisco Giner de los R\u00edos la tem\u00e1tica era \u201cSmile\u201d, con lo que Flug y Toni Espinar, al cargo de ese taller, propusieron a los peque\u00f1os utilizar mucho color y transmitir toda su alegr\u00eda a esa obra colectiva.<\/p>\n<p><b>Ruta guiada por los murales<\/b><\/p>\n<p>El domingo por la ma\u00f1ana decenas de vecinos y vecinas de Cheste participaron en un recorrido por las obras realizadas en esta edici\u00f3n de Graffitea, que cont\u00f3 con explicaciones de la\u00a0 mano de Flug y de los artistas que pudieron estar presentes. As\u00ed, los imponentes murales correspondientes a Graffitea 2018 se pueden contemplar en las calles Vicente Prats n\u00ba 31, \u00c1lvaro Esquerdo Bisval n\u00ba 7, Ribera n\u00ba 32, Facundo S\u00e1nchez n\u00ba 44, Carretera Lliria n\u00ba 123 y Paseo Anselmo Balaguer n\u00ba 31, adem\u00e1s de en el patio de la Escuela de Personas Adultas, en el I.E.S. Ricardo Mar\u00edn, en el C.E.I.P. Vicente Blasco Ib\u00e1\u00f1ez y en la calle Villamarchante. Los artistas que han participado en esta edici\u00f3n son Digo Diego, Dados, Kraser, Carlos Callizo, Koz-Dos, Solo y Diamond, adem\u00e1s de los componentes de Wall Arttitude, Toni Espinar, Flug, La Nena Wapa Wapa, Xolaka, David de Lim\u00f3n y TMX.<\/p>\n<div id='gallery-1' class='gallery galleryid-68712 gallery-columns-3 gallery-size-full'><figure class='gallery-item'>\n\t\t\t<div class='gallery-icon landscape'>\n\t\t\t\t<a href='https:\/\/www.tucomarca.com\/wordpress\/segunda\/las-imagenes-de-la-tercera-edicion-de-graffitea-que-consolida-a-cheste-como-pueblo-museo\/1talleresgraffitea\/'><img loading=\"lazy\" decoding=\"async\" width=\"5184\" height=\"3456\" src=\"https:\/\/www.tucomarca.com\/wordpress\/segunda\/wp-content\/uploads\/2018\/05\/1TalleresGraffitea.jpeg\" class=\"attachment-full size-full\" alt=\"\" srcset=\"https:\/\/www.tucomarca.com\/wordpress\/segunda\/wp-content\/uploads\/2018\/05\/1TalleresGraffitea.jpeg 5184w, https:\/\/www.tucomarca.com\/wordpress\/segunda\/wp-content\/uploads\/2018\/05\/1TalleresGraffitea-300x200.jpeg 300w, https:\/\/www.tucomarca.com\/wordpress\/segunda\/wp-content\/uploads\/2018\/05\/1TalleresGraffitea-768x512.jpeg 768w, https:\/\/www.tucomarca.com\/wordpress\/segunda\/wp-content\/uploads\/2018\/05\/1TalleresGraffitea-1024x683.jpeg 1024w\" sizes=\"auto, (max-width: 5184px) 100vw, 5184px\" \/><\/a>\n\t\t\t<\/div><\/figure><figure class='gallery-item'>\n\t\t\t<div class='gallery-icon landscape'>\n\t\t\t\t<a href='https:\/\/www.tucomarca.com\/wordpress\/segunda\/las-imagenes-de-la-tercera-edicion-de-graffitea-que-consolida-a-cheste-como-pueblo-museo\/2talleresgraffitea\/'><img loading=\"lazy\" decoding=\"async\" width=\"5184\" height=\"3456\" src=\"https:\/\/www.tucomarca.com\/wordpress\/segunda\/wp-content\/uploads\/2018\/05\/2TalleresGraffitea.jpeg\" class=\"attachment-full size-full\" alt=\"\" srcset=\"https:\/\/www.tucomarca.com\/wordpress\/segunda\/wp-content\/uploads\/2018\/05\/2TalleresGraffitea.jpeg 5184w, https:\/\/www.tucomarca.com\/wordpress\/segunda\/wp-content\/uploads\/2018\/05\/2TalleresGraffitea-300x200.jpeg 300w, https:\/\/www.tucomarca.com\/wordpress\/segunda\/wp-content\/uploads\/2018\/05\/2TalleresGraffitea-768x512.jpeg 768w, https:\/\/www.tucomarca.com\/wordpress\/segunda\/wp-content\/uploads\/2018\/05\/2TalleresGraffitea-1024x683.jpeg 1024w\" sizes=\"auto, (max-width: 5184px) 100vw, 5184px\" \/><\/a>\n\t\t\t<\/div><\/figure><figure class='gallery-item'>\n\t\t\t<div class='gallery-icon landscape'>\n\t\t\t\t<a href='https:\/\/www.tucomarca.com\/wordpress\/segunda\/las-imagenes-de-la-tercera-edicion-de-graffitea-que-consolida-a-cheste-como-pueblo-museo\/3talleresgraffitea\/'><img loading=\"lazy\" decoding=\"async\" width=\"5184\" height=\"3456\" src=\"https:\/\/www.tucomarca.com\/wordpress\/segunda\/wp-content\/uploads\/2018\/05\/3TalleresGraffitea.jpeg\" class=\"attachment-full size-full\" alt=\"\" srcset=\"https:\/\/www.tucomarca.com\/wordpress\/segunda\/wp-content\/uploads\/2018\/05\/3TalleresGraffitea.jpeg 5184w, https:\/\/www.tucomarca.com\/wordpress\/segunda\/wp-content\/uploads\/2018\/05\/3TalleresGraffitea-300x200.jpeg 300w, https:\/\/www.tucomarca.com\/wordpress\/segunda\/wp-content\/uploads\/2018\/05\/3TalleresGraffitea-768x512.jpeg 768w, https:\/\/www.tucomarca.com\/wordpress\/segunda\/wp-content\/uploads\/2018\/05\/3TalleresGraffitea-1024x683.jpeg 1024w\" sizes=\"auto, (max-width: 5184px) 100vw, 5184px\" \/><\/a>\n\t\t\t<\/div><\/figure><figure class='gallery-item'>\n\t\t\t<div class='gallery-icon landscape'>\n\t\t\t\t<a href='https:\/\/www.tucomarca.com\/wordpress\/segunda\/las-imagenes-de-la-tercera-edicion-de-graffitea-que-consolida-a-cheste-como-pueblo-museo\/4talleresgraffitea\/'><img loading=\"lazy\" decoding=\"async\" width=\"5184\" height=\"3456\" src=\"https:\/\/www.tucomarca.com\/wordpress\/segunda\/wp-content\/uploads\/2018\/05\/4TalleresGraffitea.jpeg\" class=\"attachment-full size-full\" alt=\"\" srcset=\"https:\/\/www.tucomarca.com\/wordpress\/segunda\/wp-content\/uploads\/2018\/05\/4TalleresGraffitea.jpeg 5184w, https:\/\/www.tucomarca.com\/wordpress\/segunda\/wp-content\/uploads\/2018\/05\/4TalleresGraffitea-300x200.jpeg 300w, https:\/\/www.tucomarca.com\/wordpress\/segunda\/wp-content\/uploads\/2018\/05\/4TalleresGraffitea-768x512.jpeg 768w, https:\/\/www.tucomarca.com\/wordpress\/segunda\/wp-content\/uploads\/2018\/05\/4TalleresGraffitea-1024x683.jpeg 1024w\" sizes=\"auto, (max-width: 5184px) 100vw, 5184px\" \/><\/a>\n\t\t\t<\/div><\/figure><figure class='gallery-item'>\n\t\t\t<div class='gallery-icon landscape'>\n\t\t\t\t<a href='https:\/\/www.tucomarca.com\/wordpress\/segunda\/las-imagenes-de-la-tercera-edicion-de-graffitea-que-consolida-a-cheste-como-pueblo-museo\/5talleresgraffitea\/'><img loading=\"lazy\" decoding=\"async\" width=\"5184\" height=\"3456\" src=\"https:\/\/www.tucomarca.com\/wordpress\/segunda\/wp-content\/uploads\/2018\/05\/5TalleresGraffitea.jpeg\" class=\"attachment-full size-full\" alt=\"\" srcset=\"https:\/\/www.tucomarca.com\/wordpress\/segunda\/wp-content\/uploads\/2018\/05\/5TalleresGraffitea.jpeg 5184w, https:\/\/www.tucomarca.com\/wordpress\/segunda\/wp-content\/uploads\/2018\/05\/5TalleresGraffitea-300x200.jpeg 300w, https:\/\/www.tucomarca.com\/wordpress\/segunda\/wp-content\/uploads\/2018\/05\/5TalleresGraffitea-768x512.jpeg 768w, https:\/\/www.tucomarca.com\/wordpress\/segunda\/wp-content\/uploads\/2018\/05\/5TalleresGraffitea-1024x683.jpeg 1024w\" sizes=\"auto, (max-width: 5184px) 100vw, 5184px\" \/><\/a>\n\t\t\t<\/div><\/figure><figure class='gallery-item'>\n\t\t\t<div class='gallery-icon landscape'>\n\t\t\t\t<a href='https:\/\/www.tucomarca.com\/wordpress\/segunda\/las-imagenes-de-la-tercera-edicion-de-graffitea-que-consolida-a-cheste-como-pueblo-museo\/6talleresgraffitea\/'><img loading=\"lazy\" decoding=\"async\" width=\"5184\" height=\"3456\" src=\"https:\/\/www.tucomarca.com\/wordpress\/segunda\/wp-content\/uploads\/2018\/05\/6TalleresGraffitea.jpeg\" class=\"attachment-full size-full\" alt=\"\" srcset=\"https:\/\/www.tucomarca.com\/wordpress\/segunda\/wp-content\/uploads\/2018\/05\/6TalleresGraffitea.jpeg 5184w, https:\/\/www.tucomarca.com\/wordpress\/segunda\/wp-content\/uploads\/2018\/05\/6TalleresGraffitea-300x200.jpeg 300w, https:\/\/www.tucomarca.com\/wordpress\/segunda\/wp-content\/uploads\/2018\/05\/6TalleresGraffitea-768x512.jpeg 768w, https:\/\/www.tucomarca.com\/wordpress\/segunda\/wp-content\/uploads\/2018\/05\/6TalleresGraffitea-1024x683.jpeg 1024w\" sizes=\"auto, (max-width: 5184px) 100vw, 5184px\" \/><\/a>\n\t\t\t<\/div><\/figure><figure class='gallery-item'>\n\t\t\t<div class='gallery-icon landscape'>\n\t\t\t\t<a href='https:\/\/www.tucomarca.com\/wordpress\/segunda\/las-imagenes-de-la-tercera-edicion-de-graffitea-que-consolida-a-cheste-como-pueblo-museo\/7talleresgraffitea\/'><img loading=\"lazy\" decoding=\"async\" width=\"5184\" height=\"3456\" src=\"https:\/\/www.tucomarca.com\/wordpress\/segunda\/wp-content\/uploads\/2018\/05\/7TalleresGraffitea.jpeg\" class=\"attachment-full size-full\" alt=\"\" srcset=\"https:\/\/www.tucomarca.com\/wordpress\/segunda\/wp-content\/uploads\/2018\/05\/7TalleresGraffitea.jpeg 5184w, https:\/\/www.tucomarca.com\/wordpress\/segunda\/wp-content\/uploads\/2018\/05\/7TalleresGraffitea-300x200.jpeg 300w, https:\/\/www.tucomarca.com\/wordpress\/segunda\/wp-content\/uploads\/2018\/05\/7TalleresGraffitea-768x512.jpeg 768w, https:\/\/www.tucomarca.com\/wordpress\/segunda\/wp-content\/uploads\/2018\/05\/7TalleresGraffitea-1024x683.jpeg 1024w\" sizes=\"auto, (max-width: 5184px) 100vw, 5184px\" \/><\/a>\n\t\t\t<\/div><\/figure><figure class='gallery-item'>\n\t\t\t<div class='gallery-icon landscape'>\n\t\t\t\t<a href='https:\/\/www.tucomarca.com\/wordpress\/segunda\/las-imagenes-de-la-tercera-edicion-de-graffitea-que-consolida-a-cheste-como-pueblo-museo\/8talleresgraffitea\/'><img loading=\"lazy\" decoding=\"async\" width=\"5184\" height=\"3456\" src=\"https:\/\/www.tucomarca.com\/wordpress\/segunda\/wp-content\/uploads\/2018\/05\/8TalleresGraffitea.jpeg\" class=\"attachment-full size-full\" alt=\"\" srcset=\"https:\/\/www.tucomarca.com\/wordpress\/segunda\/wp-content\/uploads\/2018\/05\/8TalleresGraffitea.jpeg 5184w, https:\/\/www.tucomarca.com\/wordpress\/segunda\/wp-content\/uploads\/2018\/05\/8TalleresGraffitea-300x200.jpeg 300w, https:\/\/www.tucomarca.com\/wordpress\/segunda\/wp-content\/uploads\/2018\/05\/8TalleresGraffitea-768x512.jpeg 768w, https:\/\/www.tucomarca.com\/wordpress\/segunda\/wp-content\/uploads\/2018\/05\/8TalleresGraffitea-1024x683.jpeg 1024w\" sizes=\"auto, (max-width: 5184px) 100vw, 5184px\" \/><\/a>\n\t\t\t<\/div><\/figure><figure class='gallery-item'>\n\t\t\t<div class='gallery-icon landscape'>\n\t\t\t\t<a href='https:\/\/www.tucomarca.com\/wordpress\/segunda\/las-imagenes-de-la-tercera-edicion-de-graffitea-que-consolida-a-cheste-como-pueblo-museo\/9inauguracigraffitea2018\/'><img loading=\"lazy\" decoding=\"async\" width=\"5184\" height=\"3456\" src=\"https:\/\/www.tucomarca.com\/wordpress\/segunda\/wp-content\/uploads\/2018\/05\/9InauguraciGraffitea2018.jpeg\" class=\"attachment-full size-full\" alt=\"\" srcset=\"https:\/\/www.tucomarca.com\/wordpress\/segunda\/wp-content\/uploads\/2018\/05\/9InauguraciGraffitea2018.jpeg 5184w, https:\/\/www.tucomarca.com\/wordpress\/segunda\/wp-content\/uploads\/2018\/05\/9InauguraciGraffitea2018-300x200.jpeg 300w, https:\/\/www.tucomarca.com\/wordpress\/segunda\/wp-content\/uploads\/2018\/05\/9InauguraciGraffitea2018-768x512.jpeg 768w, https:\/\/www.tucomarca.com\/wordpress\/segunda\/wp-content\/uploads\/2018\/05\/9InauguraciGraffitea2018-1024x683.jpeg 1024w\" sizes=\"auto, (max-width: 5184px) 100vw, 5184px\" \/><\/a>\n\t\t\t<\/div><\/figure><figure class='gallery-item'>\n\t\t\t<div class='gallery-icon landscape'>\n\t\t\t\t<a href='https:\/\/www.tucomarca.com\/wordpress\/segunda\/las-imagenes-de-la-tercera-edicion-de-graffitea-que-consolida-a-cheste-como-pueblo-museo\/9talleresgraffitea\/'><img loading=\"lazy\" decoding=\"async\" width=\"5184\" height=\"3456\" src=\"https:\/\/www.tucomarca.com\/wordpress\/segunda\/wp-content\/uploads\/2018\/05\/9TalleresGraffitea.jpeg\" class=\"attachment-full size-full\" alt=\"\" srcset=\"https:\/\/www.tucomarca.com\/wordpress\/segunda\/wp-content\/uploads\/2018\/05\/9TalleresGraffitea.jpeg 5184w, https:\/\/www.tucomarca.com\/wordpress\/segunda\/wp-content\/uploads\/2018\/05\/9TalleresGraffitea-300x200.jpeg 300w, https:\/\/www.tucomarca.com\/wordpress\/segunda\/wp-content\/uploads\/2018\/05\/9TalleresGraffitea-768x512.jpeg 768w, https:\/\/www.tucomarca.com\/wordpress\/segunda\/wp-content\/uploads\/2018\/05\/9TalleresGraffitea-1024x683.jpeg 1024w\" sizes=\"auto, (max-width: 5184px) 100vw, 5184px\" \/><\/a>\n\t\t\t<\/div><\/figure><figure class='gallery-item'>\n\t\t\t<div class='gallery-icon landscape'>\n\t\t\t\t<a href='https:\/\/www.tucomarca.com\/wordpress\/segunda\/las-imagenes-de-la-tercera-edicion-de-graffitea-que-consolida-a-cheste-como-pueblo-museo\/10inauguracigraffitea2018\/'><img loading=\"lazy\" decoding=\"async\" width=\"5184\" height=\"3456\" src=\"https:\/\/www.tucomarca.com\/wordpress\/segunda\/wp-content\/uploads\/2018\/05\/10InauguraciGraffitea2018.jpeg\" class=\"attachment-full size-full\" alt=\"\" srcset=\"https:\/\/www.tucomarca.com\/wordpress\/segunda\/wp-content\/uploads\/2018\/05\/10InauguraciGraffitea2018.jpeg 5184w, https:\/\/www.tucomarca.com\/wordpress\/segunda\/wp-content\/uploads\/2018\/05\/10InauguraciGraffitea2018-300x200.jpeg 300w, https:\/\/www.tucomarca.com\/wordpress\/segunda\/wp-content\/uploads\/2018\/05\/10InauguraciGraffitea2018-768x512.jpeg 768w, https:\/\/www.tucomarca.com\/wordpress\/segunda\/wp-content\/uploads\/2018\/05\/10InauguraciGraffitea2018-1024x683.jpeg 1024w\" sizes=\"auto, (max-width: 5184px) 100vw, 5184px\" \/><\/a>\n\t\t\t<\/div><\/figure><figure class='gallery-item'>\n\t\t\t<div class='gallery-icon landscape'>\n\t\t\t\t<a href='https:\/\/www.tucomarca.com\/wordpress\/segunda\/las-imagenes-de-la-tercera-edicion-de-graffitea-que-consolida-a-cheste-como-pueblo-museo\/10talleresgraffitea\/'><img loading=\"lazy\" decoding=\"async\" width=\"5184\" height=\"3456\" src=\"https:\/\/www.tucomarca.com\/wordpress\/segunda\/wp-content\/uploads\/2018\/05\/10TalleresGraffitea.jpeg\" class=\"attachment-full size-full\" alt=\"\" srcset=\"https:\/\/www.tucomarca.com\/wordpress\/segunda\/wp-content\/uploads\/2018\/05\/10TalleresGraffitea.jpeg 5184w, https:\/\/www.tucomarca.com\/wordpress\/segunda\/wp-content\/uploads\/2018\/05\/10TalleresGraffitea-300x200.jpeg 300w, https:\/\/www.tucomarca.com\/wordpress\/segunda\/wp-content\/uploads\/2018\/05\/10TalleresGraffitea-768x512.jpeg 768w, https:\/\/www.tucomarca.com\/wordpress\/segunda\/wp-content\/uploads\/2018\/05\/10TalleresGraffitea-1024x683.jpeg 1024w\" sizes=\"auto, (max-width: 5184px) 100vw, 5184px\" \/><\/a>\n\t\t\t<\/div><\/figure><figure class='gallery-item'>\n\t\t\t<div class='gallery-icon landscape'>\n\t\t\t\t<a href='https:\/\/www.tucomarca.com\/wordpress\/segunda\/las-imagenes-de-la-tercera-edicion-de-graffitea-que-consolida-a-cheste-como-pueblo-museo\/11talleresgraffitea\/'><img loading=\"lazy\" decoding=\"async\" width=\"5184\" height=\"3456\" src=\"https:\/\/www.tucomarca.com\/wordpress\/segunda\/wp-content\/uploads\/2018\/05\/11TalleresGraffitea.jpeg\" class=\"attachment-full size-full\" alt=\"\" srcset=\"https:\/\/www.tucomarca.com\/wordpress\/segunda\/wp-content\/uploads\/2018\/05\/11TalleresGraffitea.jpeg 5184w, https:\/\/www.tucomarca.com\/wordpress\/segunda\/wp-content\/uploads\/2018\/05\/11TalleresGraffitea-300x200.jpeg 300w, https:\/\/www.tucomarca.com\/wordpress\/segunda\/wp-content\/uploads\/2018\/05\/11TalleresGraffitea-768x512.jpeg 768w, https:\/\/www.tucomarca.com\/wordpress\/segunda\/wp-content\/uploads\/2018\/05\/11TalleresGraffitea-1024x683.jpeg 1024w\" sizes=\"auto, (max-width: 5184px) 100vw, 5184px\" \/><\/a>\n\t\t\t<\/div><\/figure><figure class='gallery-item'>\n\t\t\t<div class='gallery-icon landscape'>\n\t\t\t\t<a href='https:\/\/www.tucomarca.com\/wordpress\/segunda\/las-imagenes-de-la-tercera-edicion-de-graffitea-que-consolida-a-cheste-como-pueblo-museo\/180506_rutagraffitea1\/'><img loading=\"lazy\" decoding=\"async\" width=\"5184\" height=\"3456\" src=\"https:\/\/www.tucomarca.com\/wordpress\/segunda\/wp-content\/uploads\/2018\/05\/180506_RutaGraffitea1.jpeg\" class=\"attachment-full size-full\" alt=\"\" srcset=\"https:\/\/www.tucomarca.com\/wordpress\/segunda\/wp-content\/uploads\/2018\/05\/180506_RutaGraffitea1.jpeg 5184w, https:\/\/www.tucomarca.com\/wordpress\/segunda\/wp-content\/uploads\/2018\/05\/180506_RutaGraffitea1-300x200.jpeg 300w, https:\/\/www.tucomarca.com\/wordpress\/segunda\/wp-content\/uploads\/2018\/05\/180506_RutaGraffitea1-768x512.jpeg 768w, https:\/\/www.tucomarca.com\/wordpress\/segunda\/wp-content\/uploads\/2018\/05\/180506_RutaGraffitea1-1024x683.jpeg 1024w\" sizes=\"auto, (max-width: 5184px) 100vw, 5184px\" \/><\/a>\n\t\t\t<\/div><\/figure><figure class='gallery-item'>\n\t\t\t<div class='gallery-icon landscape'>\n\t\t\t\t<a href='https:\/\/www.tucomarca.com\/wordpress\/segunda\/las-imagenes-de-la-tercera-edicion-de-graffitea-que-consolida-a-cheste-como-pueblo-museo\/180506_rutagraffitea2\/'><img loading=\"lazy\" decoding=\"async\" width=\"5184\" height=\"3456\" src=\"https:\/\/www.tucomarca.com\/wordpress\/segunda\/wp-content\/uploads\/2018\/05\/180506_RutaGraffitea2.jpeg\" class=\"attachment-full size-full\" alt=\"\" srcset=\"https:\/\/www.tucomarca.com\/wordpress\/segunda\/wp-content\/uploads\/2018\/05\/180506_RutaGraffitea2.jpeg 5184w, https:\/\/www.tucomarca.com\/wordpress\/segunda\/wp-content\/uploads\/2018\/05\/180506_RutaGraffitea2-300x200.jpeg 300w, https:\/\/www.tucomarca.com\/wordpress\/segunda\/wp-content\/uploads\/2018\/05\/180506_RutaGraffitea2-768x512.jpeg 768w, https:\/\/www.tucomarca.com\/wordpress\/segunda\/wp-content\/uploads\/2018\/05\/180506_RutaGraffitea2-1024x683.jpeg 1024w\" sizes=\"auto, (max-width: 5184px) 100vw, 5184px\" \/><\/a>\n\t\t\t<\/div><\/figure><figure class='gallery-item'>\n\t\t\t<div class='gallery-icon landscape'>\n\t\t\t\t<a href='https:\/\/www.tucomarca.com\/wordpress\/segunda\/las-imagenes-de-la-tercera-edicion-de-graffitea-que-consolida-a-cheste-como-pueblo-museo\/180506_rutagraffitea3\/'><img loading=\"lazy\" decoding=\"async\" width=\"5184\" height=\"3456\" src=\"https:\/\/www.tucomarca.com\/wordpress\/segunda\/wp-content\/uploads\/2018\/05\/180506_RutaGraffitea3.jpeg\" class=\"attachment-full size-full\" alt=\"\" srcset=\"https:\/\/www.tucomarca.com\/wordpress\/segunda\/wp-content\/uploads\/2018\/05\/180506_RutaGraffitea3.jpeg 5184w, https:\/\/www.tucomarca.com\/wordpress\/segunda\/wp-content\/uploads\/2018\/05\/180506_RutaGraffitea3-300x200.jpeg 300w, https:\/\/www.tucomarca.com\/wordpress\/segunda\/wp-content\/uploads\/2018\/05\/180506_RutaGraffitea3-768x512.jpeg 768w, https:\/\/www.tucomarca.com\/wordpress\/segunda\/wp-content\/uploads\/2018\/05\/180506_RutaGraffitea3-1024x683.jpeg 1024w\" sizes=\"auto, (max-width: 5184px) 100vw, 5184px\" \/><\/a>\n\t\t\t<\/div><\/figure><figure class='gallery-item'>\n\t\t\t<div class='gallery-icon landscape'>\n\t\t\t\t<a href='https:\/\/www.tucomarca.com\/wordpress\/segunda\/las-imagenes-de-la-tercera-edicion-de-graffitea-que-consolida-a-cheste-como-pueblo-museo\/180506_rutagraffitea4\/'><img loading=\"lazy\" decoding=\"async\" width=\"5184\" height=\"3456\" src=\"https:\/\/www.tucomarca.com\/wordpress\/segunda\/wp-content\/uploads\/2018\/05\/180506_RutaGraffitea4.jpeg\" class=\"attachment-full size-full\" alt=\"\" srcset=\"https:\/\/www.tucomarca.com\/wordpress\/segunda\/wp-content\/uploads\/2018\/05\/180506_RutaGraffitea4.jpeg 5184w, https:\/\/www.tucomarca.com\/wordpress\/segunda\/wp-content\/uploads\/2018\/05\/180506_RutaGraffitea4-300x200.jpeg 300w, https:\/\/www.tucomarca.com\/wordpress\/segunda\/wp-content\/uploads\/2018\/05\/180506_RutaGraffitea4-768x512.jpeg 768w, https:\/\/www.tucomarca.com\/wordpress\/segunda\/wp-content\/uploads\/2018\/05\/180506_RutaGraffitea4-1024x683.jpeg 1024w\" sizes=\"auto, (max-width: 5184px) 100vw, 5184px\" \/><\/a>\n\t\t\t<\/div><\/figure><figure class='gallery-item'>\n\t\t\t<div class='gallery-icon portrait'>\n\t\t\t\t<a href='https:\/\/www.tucomarca.com\/wordpress\/segunda\/las-imagenes-de-la-tercera-edicion-de-graffitea-que-consolida-a-cheste-como-pueblo-museo\/180506_rutagraffitea5\/'><img loading=\"lazy\" decoding=\"async\" width=\"3456\" height=\"5184\" src=\"https:\/\/www.tucomarca.com\/wordpress\/segunda\/wp-content\/uploads\/2018\/05\/180506_RutaGraffitea5.jpeg\" class=\"attachment-full size-full\" alt=\"\" srcset=\"https:\/\/www.tucomarca.com\/wordpress\/segunda\/wp-content\/uploads\/2018\/05\/180506_RutaGraffitea5.jpeg 3456w, https:\/\/www.tucomarca.com\/wordpress\/segunda\/wp-content\/uploads\/2018\/05\/180506_RutaGraffitea5-200x300.jpeg 200w, https:\/\/www.tucomarca.com\/wordpress\/segunda\/wp-content\/uploads\/2018\/05\/180506_RutaGraffitea5-768x1152.jpeg 768w, https:\/\/www.tucomarca.com\/wordpress\/segunda\/wp-content\/uploads\/2018\/05\/180506_RutaGraffitea5-683x1024.jpeg 683w, https:\/\/www.tucomarca.com\/wordpress\/segunda\/wp-content\/uploads\/2018\/05\/180506_RutaGraffitea5-1024x1536.jpeg 1024w\" sizes=\"auto, (max-width: 3456px) 100vw, 3456px\" \/><\/a>\n\t\t\t<\/div><\/figure><figure class='gallery-item'>\n\t\t\t<div class='gallery-icon landscape'>\n\t\t\t\t<a href='https:\/\/www.tucomarca.com\/wordpress\/segunda\/las-imagenes-de-la-tercera-edicion-de-graffitea-que-consolida-a-cheste-como-pueblo-museo\/180506_rutagraffitea6\/'><img loading=\"lazy\" decoding=\"async\" width=\"5184\" height=\"3456\" src=\"https:\/\/www.tucomarca.com\/wordpress\/segunda\/wp-content\/uploads\/2018\/05\/180506_RutaGraffitea6.jpeg\" class=\"attachment-full size-full\" alt=\"\" srcset=\"https:\/\/www.tucomarca.com\/wordpress\/segunda\/wp-content\/uploads\/2018\/05\/180506_RutaGraffitea6.jpeg 5184w, https:\/\/www.tucomarca.com\/wordpress\/segunda\/wp-content\/uploads\/2018\/05\/180506_RutaGraffitea6-300x200.jpeg 300w, https:\/\/www.tucomarca.com\/wordpress\/segunda\/wp-content\/uploads\/2018\/05\/180506_RutaGraffitea6-768x512.jpeg 768w, https:\/\/www.tucomarca.com\/wordpress\/segunda\/wp-content\/uploads\/2018\/05\/180506_RutaGraffitea6-1024x683.jpeg 1024w\" sizes=\"auto, (max-width: 5184px) 100vw, 5184px\" \/><\/a>\n\t\t\t<\/div><\/figure><figure class='gallery-item'>\n\t\t\t<div class='gallery-icon portrait'>\n\t\t\t\t<a href='https:\/\/www.tucomarca.com\/wordpress\/segunda\/las-imagenes-de-la-tercera-edicion-de-graffitea-que-consolida-a-cheste-como-pueblo-museo\/180506_rutagraffitea7\/'><img loading=\"lazy\" decoding=\"async\" width=\"3456\" height=\"5184\" src=\"https:\/\/www.tucomarca.com\/wordpress\/segunda\/wp-content\/uploads\/2018\/05\/180506_RutaGraffitea7.jpeg\" class=\"attachment-full size-full\" alt=\"\" srcset=\"https:\/\/www.tucomarca.com\/wordpress\/segunda\/wp-content\/uploads\/2018\/05\/180506_RutaGraffitea7.jpeg 3456w, https:\/\/www.tucomarca.com\/wordpress\/segunda\/wp-content\/uploads\/2018\/05\/180506_RutaGraffitea7-200x300.jpeg 200w, https:\/\/www.tucomarca.com\/wordpress\/segunda\/wp-content\/uploads\/2018\/05\/180506_RutaGraffitea7-768x1152.jpeg 768w, https:\/\/www.tucomarca.com\/wordpress\/segunda\/wp-content\/uploads\/2018\/05\/180506_RutaGraffitea7-683x1024.jpeg 683w, https:\/\/www.tucomarca.com\/wordpress\/segunda\/wp-content\/uploads\/2018\/05\/180506_RutaGraffitea7-1024x1536.jpeg 1024w\" sizes=\"auto, (max-width: 3456px) 100vw, 3456px\" \/><\/a>\n\t\t\t<\/div><\/figure><figure class='gallery-item'>\n\t\t\t<div class='gallery-icon landscape'>\n\t\t\t\t<a href='https:\/\/www.tucomarca.com\/wordpress\/segunda\/las-imagenes-de-la-tercera-edicion-de-graffitea-que-consolida-a-cheste-como-pueblo-museo\/180506_rutagraffitea8\/'><img loading=\"lazy\" decoding=\"async\" width=\"5184\" height=\"3456\" src=\"https:\/\/www.tucomarca.com\/wordpress\/segunda\/wp-content\/uploads\/2018\/05\/180506_RutaGraffitea8.jpeg\" class=\"attachment-full size-full\" alt=\"\" srcset=\"https:\/\/www.tucomarca.com\/wordpress\/segunda\/wp-content\/uploads\/2018\/05\/180506_RutaGraffitea8.jpeg 5184w, https:\/\/www.tucomarca.com\/wordpress\/segunda\/wp-content\/uploads\/2018\/05\/180506_RutaGraffitea8-300x200.jpeg 300w, https:\/\/www.tucomarca.com\/wordpress\/segunda\/wp-content\/uploads\/2018\/05\/180506_RutaGraffitea8-768x512.jpeg 768w, https:\/\/www.tucomarca.com\/wordpress\/segunda\/wp-content\/uploads\/2018\/05\/180506_RutaGraffitea8-1024x683.jpeg 1024w\" sizes=\"auto, (max-width: 5184px) 100vw, 5184px\" \/><\/a>\n\t\t\t<\/div><\/figure><figure class='gallery-item'>\n\t\t\t<div class='gallery-icon landscape'>\n\t\t\t\t<a href='https:\/\/www.tucomarca.com\/wordpress\/segunda\/las-imagenes-de-la-tercera-edicion-de-graffitea-que-consolida-a-cheste-como-pueblo-museo\/180506_rutagraffitea9\/'><img loading=\"lazy\" decoding=\"async\" width=\"5184\" height=\"3456\" src=\"https:\/\/www.tucomarca.com\/wordpress\/segunda\/wp-content\/uploads\/2018\/05\/180506_RutaGraffitea9.jpeg\" class=\"attachment-full size-full\" alt=\"\" srcset=\"https:\/\/www.tucomarca.com\/wordpress\/segunda\/wp-content\/uploads\/2018\/05\/180506_RutaGraffitea9.jpeg 5184w, https:\/\/www.tucomarca.com\/wordpress\/segunda\/wp-content\/uploads\/2018\/05\/180506_RutaGraffitea9-300x200.jpeg 300w, https:\/\/www.tucomarca.com\/wordpress\/segunda\/wp-content\/uploads\/2018\/05\/180506_RutaGraffitea9-768x512.jpeg 768w, https:\/\/www.tucomarca.com\/wordpress\/segunda\/wp-content\/uploads\/2018\/05\/180506_RutaGraffitea9-1024x683.jpeg 1024w\" sizes=\"auto, (max-width: 5184px) 100vw, 5184px\" \/><\/a>\n\t\t\t<\/div><\/figure><figure class='gallery-item'>\n\t\t\t<div class='gallery-icon landscape'>\n\t\t\t\t<a href='https:\/\/www.tucomarca.com\/wordpress\/segunda\/las-imagenes-de-la-tercera-edicion-de-graffitea-que-consolida-a-cheste-como-pueblo-museo\/180506_rutagraffitea10\/'><img loading=\"lazy\" decoding=\"async\" width=\"5184\" height=\"3456\" src=\"https:\/\/www.tucomarca.com\/wordpress\/segunda\/wp-content\/uploads\/2018\/05\/180506_RutaGraffitea10.jpeg\" class=\"attachment-full size-full\" alt=\"\" srcset=\"https:\/\/www.tucomarca.com\/wordpress\/segunda\/wp-content\/uploads\/2018\/05\/180506_RutaGraffitea10.jpeg 5184w, https:\/\/www.tucomarca.com\/wordpress\/segunda\/wp-content\/uploads\/2018\/05\/180506_RutaGraffitea10-300x200.jpeg 300w, https:\/\/www.tucomarca.com\/wordpress\/segunda\/wp-content\/uploads\/2018\/05\/180506_RutaGraffitea10-768x512.jpeg 768w, https:\/\/www.tucomarca.com\/wordpress\/segunda\/wp-content\/uploads\/2018\/05\/180506_RutaGraffitea10-1024x683.jpeg 1024w\" sizes=\"auto, (max-width: 5184px) 100vw, 5184px\" \/><\/a>\n\t\t\t<\/div><\/figure><figure class='gallery-item'>\n\t\t\t<div class='gallery-icon landscape'>\n\t\t\t\t<a href='https:\/\/www.tucomarca.com\/wordpress\/segunda\/las-imagenes-de-la-tercera-edicion-de-graffitea-que-consolida-a-cheste-como-pueblo-museo\/180506_rutagraffitea11\/'><img loading=\"lazy\" decoding=\"async\" width=\"5184\" height=\"3456\" src=\"https:\/\/www.tucomarca.com\/wordpress\/segunda\/wp-content\/uploads\/2018\/05\/180506_RutaGraffitea11.jpeg\" class=\"attachment-full size-full\" alt=\"\" srcset=\"https:\/\/www.tucomarca.com\/wordpress\/segunda\/wp-content\/uploads\/2018\/05\/180506_RutaGraffitea11.jpeg 5184w, https:\/\/www.tucomarca.com\/wordpress\/segunda\/wp-content\/uploads\/2018\/05\/180506_RutaGraffitea11-300x200.jpeg 300w, https:\/\/www.tucomarca.com\/wordpress\/segunda\/wp-content\/uploads\/2018\/05\/180506_RutaGraffitea11-768x512.jpeg 768w, https:\/\/www.tucomarca.com\/wordpress\/segunda\/wp-content\/uploads\/2018\/05\/180506_RutaGraffitea11-1024x683.jpeg 1024w\" sizes=\"auto, (max-width: 5184px) 100vw, 5184px\" \/><\/a>\n\t\t\t<\/div><\/figure><figure class='gallery-item'>\n\t\t\t<div class='gallery-icon landscape'>\n\t\t\t\t<a href='https:\/\/www.tucomarca.com\/wordpress\/segunda\/las-imagenes-de-la-tercera-edicion-de-graffitea-que-consolida-a-cheste-como-pueblo-museo\/180506_rutagraffitea12-2\/'><img loading=\"lazy\" decoding=\"async\" width=\"5184\" height=\"3456\" src=\"https:\/\/www.tucomarca.com\/wordpress\/segunda\/wp-content\/uploads\/2018\/05\/180506_RutaGraffitea12-1.jpeg\" class=\"attachment-full size-full\" alt=\"\" srcset=\"https:\/\/www.tucomarca.com\/wordpress\/segunda\/wp-content\/uploads\/2018\/05\/180506_RutaGraffitea12-1.jpeg 5184w, https:\/\/www.tucomarca.com\/wordpress\/segunda\/wp-content\/uploads\/2018\/05\/180506_RutaGraffitea12-1-300x200.jpeg 300w, https:\/\/www.tucomarca.com\/wordpress\/segunda\/wp-content\/uploads\/2018\/05\/180506_RutaGraffitea12-1-768x512.jpeg 768w, https:\/\/www.tucomarca.com\/wordpress\/segunda\/wp-content\/uploads\/2018\/05\/180506_RutaGraffitea12-1-1024x683.jpeg 1024w\" sizes=\"auto, (max-width: 5184px) 100vw, 5184px\" \/><\/a>\n\t\t\t<\/div><\/figure><figure class='gallery-item'>\n\t\t\t<div class='gallery-icon portrait'>\n\t\t\t\t<a href='https:\/\/www.tucomarca.com\/wordpress\/segunda\/las-imagenes-de-la-tercera-edicion-de-graffitea-que-consolida-a-cheste-como-pueblo-museo\/180506_rutagraffitea13\/'><img loading=\"lazy\" decoding=\"async\" width=\"3456\" height=\"5184\" src=\"https:\/\/www.tucomarca.com\/wordpress\/segunda\/wp-content\/uploads\/2018\/05\/180506_RutaGraffitea13.jpeg\" class=\"attachment-full size-full\" alt=\"\" srcset=\"https:\/\/www.tucomarca.com\/wordpress\/segunda\/wp-content\/uploads\/2018\/05\/180506_RutaGraffitea13.jpeg 3456w, https:\/\/www.tucomarca.com\/wordpress\/segunda\/wp-content\/uploads\/2018\/05\/180506_RutaGraffitea13-200x300.jpeg 200w, https:\/\/www.tucomarca.com\/wordpress\/segunda\/wp-content\/uploads\/2018\/05\/180506_RutaGraffitea13-768x1152.jpeg 768w, https:\/\/www.tucomarca.com\/wordpress\/segunda\/wp-content\/uploads\/2018\/05\/180506_RutaGraffitea13-683x1024.jpeg 683w, https:\/\/www.tucomarca.com\/wordpress\/segunda\/wp-content\/uploads\/2018\/05\/180506_RutaGraffitea13-1024x1536.jpeg 1024w\" sizes=\"auto, (max-width: 3456px) 100vw, 3456px\" \/><\/a>\n\t\t\t<\/div><\/figure><figure class='gallery-item'>\n\t\t\t<div class='gallery-icon landscape'>\n\t\t\t\t<a href='https:\/\/www.tucomarca.com\/wordpress\/segunda\/las-imagenes-de-la-tercera-edicion-de-graffitea-que-consolida-a-cheste-como-pueblo-museo\/180506_rutagraffitea14\/'><img loading=\"lazy\" decoding=\"async\" width=\"5184\" height=\"3456\" src=\"https:\/\/www.tucomarca.com\/wordpress\/segunda\/wp-content\/uploads\/2018\/05\/180506_RutaGraffitea14.jpeg\" class=\"attachment-full size-full\" alt=\"\" srcset=\"https:\/\/www.tucomarca.com\/wordpress\/segunda\/wp-content\/uploads\/2018\/05\/180506_RutaGraffitea14.jpeg 5184w, https:\/\/www.tucomarca.com\/wordpress\/segunda\/wp-content\/uploads\/2018\/05\/180506_RutaGraffitea14-300x200.jpeg 300w, https:\/\/www.tucomarca.com\/wordpress\/segunda\/wp-content\/uploads\/2018\/05\/180506_RutaGraffitea14-768x512.jpeg 768w, https:\/\/www.tucomarca.com\/wordpress\/segunda\/wp-content\/uploads\/2018\/05\/180506_RutaGraffitea14-1024x683.jpeg 1024w\" sizes=\"auto, (max-width: 5184px) 100vw, 5184px\" \/><\/a>\n\t\t\t<\/div><\/figure><figure class='gallery-item'>\n\t\t\t<div class='gallery-icon landscape'>\n\t\t\t\t<a href='https:\/\/www.tucomarca.com\/wordpress\/segunda\/las-imagenes-de-la-tercera-edicion-de-graffitea-que-consolida-a-cheste-como-pueblo-museo\/180506_rutagraffitea15\/'><img loading=\"lazy\" decoding=\"async\" width=\"5184\" height=\"3456\" src=\"https:\/\/www.tucomarca.com\/wordpress\/segunda\/wp-content\/uploads\/2018\/05\/180506_RutaGraffitea15.jpeg\" class=\"attachment-full size-full\" alt=\"\" srcset=\"https:\/\/www.tucomarca.com\/wordpress\/segunda\/wp-content\/uploads\/2018\/05\/180506_RutaGraffitea15.jpeg 5184w, https:\/\/www.tucomarca.com\/wordpress\/segunda\/wp-content\/uploads\/2018\/05\/180506_RutaGraffitea15-300x200.jpeg 300w, https:\/\/www.tucomarca.com\/wordpress\/segunda\/wp-content\/uploads\/2018\/05\/180506_RutaGraffitea15-768x512.jpeg 768w, https:\/\/www.tucomarca.com\/wordpress\/segunda\/wp-content\/uploads\/2018\/05\/180506_RutaGraffitea15-1024x683.jpeg 1024w\" sizes=\"auto, (max-width: 5184px) 100vw, 5184px\" \/><\/a>\n\t\t\t<\/div><\/figure><figure class='gallery-item'>\n\t\t\t<div class='gallery-icon landscape'>\n\t\t\t\t<a href='https:\/\/www.tucomarca.com\/wordpress\/segunda\/las-imagenes-de-la-tercera-edicion-de-graffitea-que-consolida-a-cheste-como-pueblo-museo\/180506_rutagraffitea16\/'><img loading=\"lazy\" decoding=\"async\" width=\"5184\" height=\"3456\" src=\"https:\/\/www.tucomarca.com\/wordpress\/segunda\/wp-content\/uploads\/2018\/05\/180506_RutaGraffitea16.jpeg\" class=\"attachment-full size-full\" alt=\"Una imagen de la edici\u00f3n del a\u00f1o pasado de Graffitea.\" aria-describedby=\"gallery-1-68777\" srcset=\"https:\/\/www.tucomarca.com\/wordpress\/segunda\/wp-content\/uploads\/2018\/05\/180506_RutaGraffitea16.jpeg 5184w, https:\/\/www.tucomarca.com\/wordpress\/segunda\/wp-content\/uploads\/2018\/05\/180506_RutaGraffitea16-300x200.jpeg 300w, https:\/\/www.tucomarca.com\/wordpress\/segunda\/wp-content\/uploads\/2018\/05\/180506_RutaGraffitea16-768x512.jpeg 768w, https:\/\/www.tucomarca.com\/wordpress\/segunda\/wp-content\/uploads\/2018\/05\/180506_RutaGraffitea16-1024x683.jpeg 1024w\" sizes=\"auto, (max-width: 5184px) 100vw, 5184px\" \/><\/a>\n\t\t\t<\/div>\n\t\t\t\t<figcaption class='wp-caption-text gallery-caption' id='gallery-1-68777'>\n\t\t\t\tUna imagen de la edici\u00f3n del a\u00f1o pasado de Graffitea.\n\t\t\t\t<\/figcaption><\/figure><figure class='gallery-item'>\n\t\t\t<div class='gallery-icon landscape'>\n\t\t\t\t<a href='https:\/\/www.tucomarca.com\/wordpress\/segunda\/las-imagenes-de-la-tercera-edicion-de-graffitea-que-consolida-a-cheste-como-pueblo-museo\/180506_rutagraffitea17\/'><img loading=\"lazy\" decoding=\"async\" width=\"5184\" height=\"3456\" src=\"https:\/\/www.tucomarca.com\/wordpress\/segunda\/wp-content\/uploads\/2018\/05\/180506_RutaGraffitea17.jpeg\" class=\"attachment-full size-full\" alt=\"\" srcset=\"https:\/\/www.tucomarca.com\/wordpress\/segunda\/wp-content\/uploads\/2018\/05\/180506_RutaGraffitea17.jpeg 5184w, https:\/\/www.tucomarca.com\/wordpress\/segunda\/wp-content\/uploads\/2018\/05\/180506_RutaGraffitea17-300x200.jpeg 300w, https:\/\/www.tucomarca.com\/wordpress\/segunda\/wp-content\/uploads\/2018\/05\/180506_RutaGraffitea17-768x512.jpeg 768w, https:\/\/www.tucomarca.com\/wordpress\/segunda\/wp-content\/uploads\/2018\/05\/180506_RutaGraffitea17-1024x683.jpeg 1024w\" sizes=\"auto, (max-width: 5184px) 100vw, 5184px\" \/><\/a>\n\t\t\t<\/div><\/figure><figure class='gallery-item'>\n\t\t\t<div class='gallery-icon landscape'>\n\t\t\t\t<a href='https:\/\/www.tucomarca.com\/wordpress\/segunda\/las-imagenes-de-la-tercera-edicion-de-graffitea-que-consolida-a-cheste-como-pueblo-museo\/180506_rutagraffitea18\/'><img loading=\"lazy\" decoding=\"async\" width=\"5184\" height=\"3456\" src=\"https:\/\/www.tucomarca.com\/wordpress\/segunda\/wp-content\/uploads\/2018\/05\/180506_RutaGraffitea18.jpeg\" class=\"attachment-full size-full\" alt=\"\" srcset=\"https:\/\/www.tucomarca.com\/wordpress\/segunda\/wp-content\/uploads\/2018\/05\/180506_RutaGraffitea18.jpeg 5184w, https:\/\/www.tucomarca.com\/wordpress\/segunda\/wp-content\/uploads\/2018\/05\/180506_RutaGraffitea18-300x200.jpeg 300w, https:\/\/www.tucomarca.com\/wordpress\/segunda\/wp-content\/uploads\/2018\/05\/180506_RutaGraffitea18-768x512.jpeg 768w, https:\/\/www.tucomarca.com\/wordpress\/segunda\/wp-content\/uploads\/2018\/05\/180506_RutaGraffitea18-1024x683.jpeg 1024w\" sizes=\"auto, (max-width: 5184px) 100vw, 5184px\" \/><\/a>\n\t\t\t<\/div><\/figure><figure class='gallery-item'>\n\t\t\t<div class='gallery-icon landscape'>\n\t\t\t\t<a href='https:\/\/www.tucomarca.com\/wordpress\/segunda\/las-imagenes-de-la-tercera-edicion-de-graffitea-que-consolida-a-cheste-como-pueblo-museo\/180506_rutagraffitea19\/'><img loading=\"lazy\" decoding=\"async\" width=\"5184\" height=\"3456\" src=\"https:\/\/www.tucomarca.com\/wordpress\/segunda\/wp-content\/uploads\/2018\/05\/180506_RutaGraffitea19.jpeg\" class=\"attachment-full size-full\" alt=\"Una imagen de la edici\u00f3n del a\u00f1o pasado de Graffitea.\" aria-describedby=\"gallery-1-68780\" srcset=\"https:\/\/www.tucomarca.com\/wordpress\/segunda\/wp-content\/uploads\/2018\/05\/180506_RutaGraffitea19.jpeg 5184w, https:\/\/www.tucomarca.com\/wordpress\/segunda\/wp-content\/uploads\/2018\/05\/180506_RutaGraffitea19-300x200.jpeg 300w, https:\/\/www.tucomarca.com\/wordpress\/segunda\/wp-content\/uploads\/2018\/05\/180506_RutaGraffitea19-768x512.jpeg 768w, https:\/\/www.tucomarca.com\/wordpress\/segunda\/wp-content\/uploads\/2018\/05\/180506_RutaGraffitea19-1024x683.jpeg 1024w\" sizes=\"auto, (max-width: 5184px) 100vw, 5184px\" \/><\/a>\n\t\t\t<\/div>\n\t\t\t\t<figcaption class='wp-caption-text gallery-caption' id='gallery-1-68780'>\n\t\t\t\tUna imagen de la edici\u00f3n del a\u00f1o pasado de Graffitea.\n\t\t\t\t<\/figcaption><\/figure>\n\t\t<\/div>\n\n<p>&nbsp;<\/p>\n","protected":false},"excerpt":{"rendered":"<div class=\"mh-excerpt\">Graffitea Cheste ha cerrado su tercera edici\u00f3n con seis sorprendentes intervenciones murales que se suman a los m\u00e1s de 30 graffiti de las pasadas ediciones. Adem\u00e1s, como cada a\u00f1o, este festival de Arte Urbano cont\u00f3 <a class=\"mh-excerpt-more\" href=\"https:\/\/www.tucomarca.com\/wordpress\/segunda\/las-imagenes-de-la-tercera-edicion-de-graffitea-que-consolida-a-cheste-como-pueblo-museo\/\" title=\"Las im\u00e1genes de la tercera edici\u00f3n de Graffitea que consolida a Cheste como \u2018pueblo-museo\u2019\">[+] <\/a><\/div>\n","protected":false},"author":2,"featured_media":0,"comment_status":"open","ping_status":"open","sticky":false,"template":"","format":"standard","meta":{"footnotes":""},"categories":[17,10,7,92,3,45],"tags":[10470,10833,5952],"class_list":{"0":"post-68712","1":"post","2":"type-post","3":"status-publish","4":"format-standard","6":"category-cheste","7":"category-la-hoya","8":"category-ocio-y-cultura","9":"category-pintura","10":"category-seccion","11":"category-ventana","12":"tag-ayuntamiento-de-cheste","13":"tag-graffitea-2018","14":"tag-la-hoya-de-bunol-chiva"},"_links":{"self":[{"href":"https:\/\/www.tucomarca.com\/wordpress\/segunda\/wp-json\/wp\/v2\/posts\/68712","targetHints":{"allow":["GET"]}}],"collection":[{"href":"https:\/\/www.tucomarca.com\/wordpress\/segunda\/wp-json\/wp\/v2\/posts"}],"about":[{"href":"https:\/\/www.tucomarca.com\/wordpress\/segunda\/wp-json\/wp\/v2\/types\/post"}],"author":[{"embeddable":true,"href":"https:\/\/www.tucomarca.com\/wordpress\/segunda\/wp-json\/wp\/v2\/users\/2"}],"replies":[{"embeddable":true,"href":"https:\/\/www.tucomarca.com\/wordpress\/segunda\/wp-json\/wp\/v2\/comments?post=68712"}],"version-history":[{"count":0,"href":"https:\/\/www.tucomarca.com\/wordpress\/segunda\/wp-json\/wp\/v2\/posts\/68712\/revisions"}],"wp:attachment":[{"href":"https:\/\/www.tucomarca.com\/wordpress\/segunda\/wp-json\/wp\/v2\/media?parent=68712"}],"wp:term":[{"taxonomy":"category","embeddable":true,"href":"https:\/\/www.tucomarca.com\/wordpress\/segunda\/wp-json\/wp\/v2\/categories?post=68712"},{"taxonomy":"post_tag","embeddable":true,"href":"https:\/\/www.tucomarca.com\/wordpress\/segunda\/wp-json\/wp\/v2\/tags?post=68712"}],"curies":[{"name":"wp","href":"https:\/\/api.w.org\/{rel}","templated":true}]}}