{"id":6872,"date":"2012-08-28T21:05:52","date_gmt":"2012-08-28T19:05:52","guid":{"rendered":"http:\/\/www.tucomarca.com\/wordpress\/segunda\/?p=6872"},"modified":"2012-08-28T21:05:52","modified_gmt":"2012-08-28T19:05:52","slug":"video-inicio-de-la-tomatina-de-2011-retransmitida-en-directo-por-tucomarca-television","status":"publish","type":"post","link":"https:\/\/www.tucomarca.com\/wordpress\/segunda\/video-inicio-de-la-tomatina-de-2011-retransmitida-en-directo-por-tucomarca-television\/","title":{"rendered":"V\u00eddeo: inicio de La Tomatina de 2011, retransmitida en directo por tucomarca televisi\u00f3n"},"content":{"rendered":"<p>Para ir haciendo boca, aqu\u00ed ten\u00e9is la retransmisi\u00f3n en directo por  tucomarca televisi\u00f3n de la Tomatina del pasado a\u00f1o 2011. Recordaros que  este a\u00f1o tambi\u00e9n la podr\u00e9is seguir en dircto por tucomarca televisi\u00f3n a  partir de las diez de la ma\u00f1ana.<\/p>\n","protected":false},"excerpt":{"rendered":"<div class=\"mh-excerpt\">Para ir haciendo boca, aqu\u00ed ten\u00e9is la retransmisi\u00f3n en directo por tucomarca televisi\u00f3n de la Tomatina del pasado a\u00f1o 2011. Recordaros que este a\u00f1o tambi\u00e9n la podr\u00e9is seguir en dircto por tucomarca televisi\u00f3n a partir <a class=\"mh-excerpt-more\" href=\"https:\/\/www.tucomarca.com\/wordpress\/segunda\/video-inicio-de-la-tomatina-de-2011-retransmitida-en-directo-por-tucomarca-television\/\" title=\"V\u00eddeo: inicio de La Tomatina de 2011, retransmitida en directo por tucomarca televisi\u00f3n\">[+] <\/a><\/div>\n","protected":false},"author":1,"featured_media":0,"comment_status":"open","ping_status":"open","sticky":false,"template":"","format":"standard","meta":{"footnotes":""},"categories":[18,10,5,383,3,26],"tags":[],"class_list":{"0":"post-6872","1":"post","2":"type-post","3":"status-publish","4":"format-standard","6":"category-bunol","7":"category-la-hoya","8":"category-la-semana-en-imagenes","9":"category-pueblos-en-fiestas","10":"category-seccion","11":"category-video"},"_links":{"self":[{"href":"https:\/\/www.tucomarca.com\/wordpress\/segunda\/wp-json\/wp\/v2\/posts\/6872","targetHints":{"allow":["GET"]}}],"collection":[{"href":"https:\/\/www.tucomarca.com\/wordpress\/segunda\/wp-json\/wp\/v2\/posts"}],"about":[{"href":"https:\/\/www.tucomarca.com\/wordpress\/segunda\/wp-json\/wp\/v2\/types\/post"}],"author":[{"embeddable":true,"href":"https:\/\/www.tucomarca.com\/wordpress\/segunda\/wp-json\/wp\/v2\/users\/1"}],"replies":[{"embeddable":true,"href":"https:\/\/www.tucomarca.com\/wordpress\/segunda\/wp-json\/wp\/v2\/comments?post=6872"}],"version-history":[{"count":0,"href":"https:\/\/www.tucomarca.com\/wordpress\/segunda\/wp-json\/wp\/v2\/posts\/6872\/revisions"}],"wp:attachment":[{"href":"https:\/\/www.tucomarca.com\/wordpress\/segunda\/wp-json\/wp\/v2\/media?parent=6872"}],"wp:term":[{"taxonomy":"category","embeddable":true,"href":"https:\/\/www.tucomarca.com\/wordpress\/segunda\/wp-json\/wp\/v2\/categories?post=6872"},{"taxonomy":"post_tag","embeddable":true,"href":"https:\/\/www.tucomarca.com\/wordpress\/segunda\/wp-json\/wp\/v2\/tags?post=6872"}],"curies":[{"name":"wp","href":"https:\/\/api.w.org\/{rel}","templated":true}]}}