{"id":68862,"date":"2018-05-13T15:09:15","date_gmt":"2018-05-13T13:09:15","guid":{"rendered":"http:\/\/www.tucomarca.com\/wordpress\/segunda\/?p=68862"},"modified":"2018-05-13T15:09:15","modified_gmt":"2018-05-13T13:09:15","slug":"la-xv-fira-agricola-i-de-comerc-de-turis-atrau-milers-de-visitants","status":"publish","type":"post","link":"https:\/\/www.tucomarca.com\/wordpress\/segunda\/la-xv-fira-agricola-i-de-comerc-de-turis-atrau-milers-de-visitants\/","title":{"rendered":"La XV Fira Agr\u00edcola i de Comer\u00e7 de Tur\u00eds atrau milers de visitants"},"content":{"rendered":"<figure id=\"attachment_68913\" aria-describedby=\"caption-attachment-68913\" style=\"width: 300px\" class=\"wp-caption alignleft\"><img loading=\"lazy\" decoding=\"async\" class=\"size-medium wp-image-68913\" src=\"https:\/\/www.tucomarca.com\/wordpress\/segunda\/wp-content\/uploads\/2018\/05\/FiraTuris-1-300x225.jpg\" alt=\"La inauguraci\u00f3 va tenir lloc el divendres a la vesprada i va comptar amb la participaci\u00f3 institucional de Francisco Rodr\u00edguez Mulero, Secretari Auton\u00f2mic d'Agricultura, i Mar\u00eda Such, Directora General de l'Institut Valenci\u00e0 de les Dones.\" width=\"300\" height=\"225\" srcset=\"https:\/\/www.tucomarca.com\/wordpress\/segunda\/wp-content\/uploads\/2018\/05\/FiraTuris-1-300x225.jpg 300w, https:\/\/www.tucomarca.com\/wordpress\/segunda\/wp-content\/uploads\/2018\/05\/FiraTuris-1-768x576.jpg 768w, https:\/\/www.tucomarca.com\/wordpress\/segunda\/wp-content\/uploads\/2018\/05\/FiraTuris-1-1024x768.jpg 1024w\" sizes=\"auto, (max-width: 300px) 100vw, 300px\" \/><figcaption id=\"caption-attachment-68913\" class=\"wp-caption-text\">La inauguraci\u00f3 va tenir lloc el divendres a la vesprada i va comptar amb la participaci\u00f3 institucional de Francisco Rodr\u00edguez Mulero, Secretari Auton\u00f2mic d&#8217;Agricultura, i Mar\u00eda Such, Directora General de l&#8217;Institut Valenci\u00e0 de les Dones.<\/figcaption><\/figure>\n<p>Satisfacci\u00f3 general despr\u00e9s de la celebraci\u00f3 de la quinzena edici\u00f3 de la Fira Agr\u00edcola i de Comer\u00e7 de Tur\u00eds. Aix\u00ed es dedueix per les declaracions de l&#8217;alcalde, Eugenio Forta\u00f1a, que assegura que \u201cel poble ha sigut un formiguer de gent durant els dos dies en els quals l&#8217;inter\u00e9s pels diferents expositors ha sigut pal\u00e9s. Les previsions s&#8217;han complit i esperem que el poble s&#8217;haja pogut beneficiar d&#8217;esta nova edici\u00f3\u201d.<br \/>\nForta\u00f1a t\u00e9 paraules d&#8217;agra\u00efment als expositors, \u201ctant als nous com als veterans, per la seua confian\u00e7a en esta cita i concretament a les cases de maquin\u00e0ria agr\u00edcola i automoci\u00f3 per a les quals suposa un esfor\u00e7 especial poder assistir\u201d.<\/p>\n<p>Iv\u00e1n Pic\u00f3, Regidor de Comer\u00e7, ressalta la paci\u00e8ncia que tenen els ve\u00efns, \u201cja que ocupem l&#8217;art\u00e8ria principal del poble, per\u00f2 mantenir tota la fira en un tram de l&#8217;avinguda afavoreix que amb un xicotet passeig el visitant puga con\u00e9ixer tota l&#8217;oferta que es presenta molt m\u00e9s ordenada\u201d. Igual que l&#8217;alcalde, assegura \u201cque la confian\u00e7a dels expositors \u00e9s molt important i \u00e9s de just\u00edcia estar-los agra\u00efts\u201d.<\/p>\n<p>\u201cLa col\u00b7laboraci\u00f3 de les associacions d&#8217;Ames de Casa i Agrupaci\u00f3 Cultural mitjan\u00e7ant el repartiment de granissat de llim\u00f3 als assistents, o la de les comissions falleres amb els tallers per als m\u00e9s xicotets \u00e9s un aspecte que tamb\u00e9 contribueix a fer m\u00e9s atractiu el passeig per la fira i a integrar en la mateixa a tot l&#8217;associacionisme turis\u00e0\u201d, explica Eugenio Forta\u00f1a. Sense oblidar que les cooperatives locals La Baronia i La Turisana s\u00f3n elements claus per a l&#8217;\u00e8xit de la fira juntament amb Caixa Tur\u00eds.<\/p>\n<p>La inauguraci\u00f3 va tenir lloc el divendres a la vesprada i va comptar amb la participaci\u00f3 institucional de Francisco Rodr\u00edguez Mulero, Secretari Auton\u00f2mic d&#8217;Agricultura, i Mar\u00eda Such, Directora General de l&#8217;Institut Valenci\u00e0 de les Dones aix\u00ed com amb la pres\u00e8ncia de representants de les principals associacions i entitats locals, i alcaldes i regidors de les comarques de la Foia i de la Ribera Alta. Tamb\u00e9 va voler acompanyar a les autoritats turisanes el Secretari General de La Uni\u00f3, Ram\u00f3n Mampel. La Regina de les Festes, Andrea Nogueroles, va ser l&#8217;encarregada de tallar la cinta inaugural.<\/p>\n<p>&nbsp;<\/p>\n","protected":false},"excerpt":{"rendered":"<div class=\"mh-excerpt\">Satisfacci\u00f3 general despr\u00e9s de la celebraci\u00f3 de la quinzena edici\u00f3 de la Fira Agr\u00edcola i de Comer\u00e7 de Tur\u00eds. Aix\u00ed es dedueix per les declaracions de l&#8217;alcalde, Eugenio Forta\u00f1a, que assegura que \u201cel poble ha <a class=\"mh-excerpt-more\" href=\"https:\/\/www.tucomarca.com\/wordpress\/segunda\/la-xv-fira-agricola-i-de-comerc-de-turis-atrau-milers-de-visitants\/\" title=\"La XV Fira Agr\u00edcola i de Comer\u00e7 de Tur\u00eds atrau milers de visitants\">[+] <\/a><\/div>\n","protected":false},"author":1,"featured_media":68913,"comment_status":"open","ping_status":"open","sticky":false,"template":"","format":"standard","meta":{"footnotes":""},"categories":[72,42,5,383,43],"tags":[3640,10394],"class_list":{"0":"post-68862","1":"post","2":"type-post","3":"status-publish","4":"format-standard","5":"has-post-thumbnail","7":"category-sin-categorizar","8":"category-la-ribera","9":"category-la-semana-en-imagenes","10":"category-pueblos-en-fiestas","11":"category-turis","12":"tag-la-ribera-alta","13":"tag-turis"},"_links":{"self":[{"href":"https:\/\/www.tucomarca.com\/wordpress\/segunda\/wp-json\/wp\/v2\/posts\/68862","targetHints":{"allow":["GET"]}}],"collection":[{"href":"https:\/\/www.tucomarca.com\/wordpress\/segunda\/wp-json\/wp\/v2\/posts"}],"about":[{"href":"https:\/\/www.tucomarca.com\/wordpress\/segunda\/wp-json\/wp\/v2\/types\/post"}],"author":[{"embeddable":true,"href":"https:\/\/www.tucomarca.com\/wordpress\/segunda\/wp-json\/wp\/v2\/users\/1"}],"replies":[{"embeddable":true,"href":"https:\/\/www.tucomarca.com\/wordpress\/segunda\/wp-json\/wp\/v2\/comments?post=68862"}],"version-history":[{"count":0,"href":"https:\/\/www.tucomarca.com\/wordpress\/segunda\/wp-json\/wp\/v2\/posts\/68862\/revisions"}],"wp:featuredmedia":[{"embeddable":true,"href":"https:\/\/www.tucomarca.com\/wordpress\/segunda\/wp-json\/wp\/v2\/media\/68913"}],"wp:attachment":[{"href":"https:\/\/www.tucomarca.com\/wordpress\/segunda\/wp-json\/wp\/v2\/media?parent=68862"}],"wp:term":[{"taxonomy":"category","embeddable":true,"href":"https:\/\/www.tucomarca.com\/wordpress\/segunda\/wp-json\/wp\/v2\/categories?post=68862"},{"taxonomy":"post_tag","embeddable":true,"href":"https:\/\/www.tucomarca.com\/wordpress\/segunda\/wp-json\/wp\/v2\/tags?post=68862"}],"curies":[{"name":"wp","href":"https:\/\/api.w.org\/{rel}","templated":true}]}}