{"id":68950,"date":"2018-05-14T18:43:27","date_gmt":"2018-05-14T16:43:27","guid":{"rendered":"http:\/\/www.tucomarca.com\/wordpress\/segunda\/?p=68950"},"modified":"2018-05-14T18:43:27","modified_gmt":"2018-05-14T16:43:27","slug":"igualdad-consolida-la-atencion-a-la-infancia-y-a-las-familias-de-la-comarca-de-requena-utiel","status":"publish","type":"post","link":"https:\/\/www.tucomarca.com\/wordpress\/segunda\/igualdad-consolida-la-atencion-a-la-infancia-y-a-las-familias-de-la-comarca-de-requena-utiel\/","title":{"rendered":"Igualdad consolida la atenci\u00f3n a la infancia y a las familias de la comarca de Requena-Utiel"},"content":{"rendered":"<figure id=\"attachment_68951\" aria-describedby=\"caption-attachment-68951\" style=\"width: 468px\" class=\"wp-caption alignleft\"><img loading=\"lazy\" decoding=\"async\" class=\" wp-image-68951\" src=\"https:\/\/www.tucomarca.com\/wordpress\/segunda\/wp-content\/uploads\/2018\/05\/AIbanezRequena-1024x576.jpg\" alt=\"Alberto Ib\u00e1\u00f1ez ha valorado que estos datos responden a la apuesta de la Conselleria por la remunicipalizaci\u00f3n de los servicios sociales a trav\u00e9s de la atenci\u00f3n base y especializada.\" width=\"468\" height=\"263\" srcset=\"https:\/\/www.tucomarca.com\/wordpress\/segunda\/wp-content\/uploads\/2018\/05\/AIbanezRequena-1024x576.jpg 1024w, https:\/\/www.tucomarca.com\/wordpress\/segunda\/wp-content\/uploads\/2018\/05\/AIbanezRequena-300x169.jpg 300w, https:\/\/www.tucomarca.com\/wordpress\/segunda\/wp-content\/uploads\/2018\/05\/AIbanezRequena-768x432.jpg 768w, https:\/\/www.tucomarca.com\/wordpress\/segunda\/wp-content\/uploads\/2018\/05\/AIbanezRequena.jpg 1200w\" sizes=\"auto, (max-width: 468px) 100vw, 468px\" \/><figcaption id=\"caption-attachment-68951\" class=\"wp-caption-text\">Alberto Ib\u00e1\u00f1ez ha valorado que estos datos responden a la apuesta de la Conselleria por la remunicipalizaci\u00f3n de los servicios sociales a trav\u00e9s de la atenci\u00f3n base y especializada.<\/figcaption><\/figure>\n<p>La Vicepresidencia y Conselleria de Igualdad y Pol\u00edticas Inclusivas ha consolidado la atenci\u00f3n a la infancia y a las familias de la comarca Requena-Utiel con el refuerzo de servicios como el espec\u00edfico de atenci\u00f3n a las familias y la infancia (SEAFI) creado en 2016, para hacer actuaciones de prevenci\u00f3n en la infancia y promover los buenos tratos.<\/p>\n<p>As\u00ed lo ha destacado el secretario auton\u00f3mico de Inclusi\u00f3n y de la Agencia Valenciana de la Igualdad, Alberto Ib\u00e1\u00f1ez, en la jornada en Requena que ha aglutinado a representantes y t\u00e9cnicos de servicios sociales de entidades locales de la comarca Requena-Utiel, y en la que ha explicado las medidas y acciones contenidas en el Pla Valenci\u00e0 d&#8217;Inclusi\u00f3 i Cohesi\u00f3 Social (Pla VICS).<\/p>\n<p>Seg\u00fan ha indicado Alberto Ib\u00e1\u00f1ez, la Conselleria de Igualdad financia este a\u00f1o el SEAFI de la comarca con 56.490 euros, mientras que en 2015 ni exist\u00eda, lo que demuestra el compromiso del Consell con las familias y la infancia\u00bb.<\/p>\n<p>El SEAFI forma parte de los servicios sociales municipales, y act\u00faa como un recurso de intervenci\u00f3n familiar, con el objetivo de promover el desarrollo y bienestar de los ni\u00f1os, ni\u00f1as y adolescentes que se encuentren en una situaci\u00f3n de vulnerabilidad, riesgo, desamparo o con medidas jur\u00eddicas de protecci\u00f3n.<\/p>\n<p>Ib\u00e1\u00f1ez ha explicado que la Conselleria est\u00e1 reforzando los SEAFI, dentro de \u00absu acci\u00f3n de gobierno de impulso de una pol\u00edtica social basada en \u00abla calidad, la proximidad y el municipalismo\u00bb para resolver los problemas de la ciudadan\u00eda \u00aben el propio medio donde viven y se desenvuelven\u00bb.<\/p>\n<p>En esta l\u00ednea de atenci\u00f3n a la infancia y las familias en la comarca, el secretario auton\u00f3mico de Igualdad, ha se\u00f1alado que el Punto de Encuentro Familiar (PEF) de la comarca que presta atenci\u00f3n especializada en situaciones de conflictividad familiar, .ampliar\u00e1 tanto los profesionales como el horario de atenci\u00f3n<\/p>\n<p>Esta mejora junto a la apertura de un nuevo PEF en Bu\u00f1ol permitir\u00e1 seg\u00fan Ib\u00e1\u00f1ez, \u00abdistribuir de forma m\u00e1s equilibrada\u00bb la carga de trabajo de los servicios y a la vez, ofrecer un servicio de \u00abproximidad\u00bb a la ciudadan\u00eda al reducir la distancia que tienen que recorrer las personas usuarias.<\/p>\n<p>Tambi\u00e9n ha resaltado en el encuentro, la ampliaci\u00f3n en la comarca del programa &#8216;Jove Oportunitat -JOOP&#8217; del Institut Valenci\u00e0 de la Joventut (IVAJ), que se ha iniciado en Requena este a\u00f1o, y que va dirigido a j\u00f3venes que abandonaron el sistema educativo y que, por su bajo nivel de formaci\u00f3n, tampoco encuentran su encaje en el mercado.<\/p>\n<p><b>Remunicipalizaci\u00f3n de los servicios<\/b><\/p>\n<p>Alberto Ib\u00e1\u00f1ez ha valorado que estos datos responden a la apuesta de la Conselleria por la remunicipalizaci\u00f3n de los servicios sociales a trav\u00e9s de la atenci\u00f3n base y especializada, porque \u00abconstituyen una pieza clave en el cambio de modelo de hacer pol\u00edticas sociales en las que el centro de atenci\u00f3n son las personas\u00bb.<\/p>\n<p>Al respecto ha subrayado que desde 2015 se ha realizado un incremento progresivo de financiaci\u00f3n municipal con el objetivo de \u00abconstituir una red de mayor proximidad a los ciudadanos y ciudadanas de la Comunitat Valenciana, garantizando el acceso a prestaciones b\u00e1sicas a las que tienen derecho y que son garant\u00eda de la necesaria cohesi\u00f3n social\u00bb.<\/p>\n<p>A la jornada de trabajo con la comarca, han asistido tambi\u00e9n el alcalde de Requena, Mario S\u00e1nchez y las concejalas de Servicios Sociales y de Igualdad y ha servido adem\u00e1s, seg\u00fan ha indicado Alberto Ib\u00e1\u00f1ez, para \u00abescuchar y as\u00ed incluir las demandas de la totalidad de los municipios y mancomunidades de la comarca en materia social\u00bb.<\/p>\n<p>En cuanto al Pla VICS ha manifestado que supone una respuesta coordinada del govern del Bot\u00e0nic a \u00abla emergencia social y el desmantelamiento de los servicios p\u00fablicos y de las pol\u00edticas de inclusi\u00f3n social\u00bb existente en la Comunitat con el antiguo gobierno.<\/p>\n<p>En su intervenci\u00f3n ha desgranado los 3 ejes b\u00e1sicos y las 6 l\u00edneas estrat\u00e9gicas y algunos de los objetivos y actuaciones de la estructura de dicho Plan que supone la herramienta de ordenaci\u00f3n y direcci\u00f3n estrat\u00e9gica de las acciones y medidas de inclusi\u00f3n vinculadas a la Comunitat y que se concreta en 486 actuaciones, que han supuesto una inversi\u00f3n de 786 millones de euros en 2017.<\/p>\n","protected":false},"excerpt":{"rendered":"<div class=\"mh-excerpt\">La Vicepresidencia y Conselleria de Igualdad y Pol\u00edticas Inclusivas ha consolidado la atenci\u00f3n a la infancia y a las familias de la comarca Requena-Utiel con el refuerzo de servicios como el espec\u00edfico de atenci\u00f3n a <a class=\"mh-excerpt-more\" href=\"https:\/\/www.tucomarca.com\/wordpress\/segunda\/igualdad-consolida-la-atencion-a-la-infancia-y-a-las-familias-de-la-comarca-de-requena-utiel\/\" title=\"Igualdad consolida la atenci\u00f3n a la infancia y a las familias de la comarca de Requena-Utiel\">[+] <\/a><\/div>\n","protected":false},"author":1,"featured_media":68951,"comment_status":"open","ping_status":"open","sticky":false,"template":"","format":"standard","meta":{"footnotes":""},"categories":[128,8,142,27,3],"tags":[10387],"class_list":{"0":"post-68950","1":"post","2":"type-post","3":"status-publish","4":"format-standard","5":"has-post-thumbnail","7":"category-infraestructuras","8":"category-la-comarca","9":"category-politica-la-comarca","10":"category-requena-utiel","11":"category-seccion","12":"tag-requena-utiel"},"_links":{"self":[{"href":"https:\/\/www.tucomarca.com\/wordpress\/segunda\/wp-json\/wp\/v2\/posts\/68950","targetHints":{"allow":["GET"]}}],"collection":[{"href":"https:\/\/www.tucomarca.com\/wordpress\/segunda\/wp-json\/wp\/v2\/posts"}],"about":[{"href":"https:\/\/www.tucomarca.com\/wordpress\/segunda\/wp-json\/wp\/v2\/types\/post"}],"author":[{"embeddable":true,"href":"https:\/\/www.tucomarca.com\/wordpress\/segunda\/wp-json\/wp\/v2\/users\/1"}],"replies":[{"embeddable":true,"href":"https:\/\/www.tucomarca.com\/wordpress\/segunda\/wp-json\/wp\/v2\/comments?post=68950"}],"version-history":[{"count":0,"href":"https:\/\/www.tucomarca.com\/wordpress\/segunda\/wp-json\/wp\/v2\/posts\/68950\/revisions"}],"wp:featuredmedia":[{"embeddable":true,"href":"https:\/\/www.tucomarca.com\/wordpress\/segunda\/wp-json\/wp\/v2\/media\/68951"}],"wp:attachment":[{"href":"https:\/\/www.tucomarca.com\/wordpress\/segunda\/wp-json\/wp\/v2\/media?parent=68950"}],"wp:term":[{"taxonomy":"category","embeddable":true,"href":"https:\/\/www.tucomarca.com\/wordpress\/segunda\/wp-json\/wp\/v2\/categories?post=68950"},{"taxonomy":"post_tag","embeddable":true,"href":"https:\/\/www.tucomarca.com\/wordpress\/segunda\/wp-json\/wp\/v2\/tags?post=68950"}],"curies":[{"name":"wp","href":"https:\/\/api.w.org\/{rel}","templated":true}]}}