{"id":6900,"date":"2012-08-31T18:04:47","date_gmt":"2012-08-31T16:04:47","guid":{"rendered":"http:\/\/www.tucomarca.com\/wordpress\/segunda\/?p=6900"},"modified":"2012-09-01T11:32:34","modified_gmt":"2012-09-01T09:32:34","slug":"la-armonica-de-bunol-celebra-este-sabado-su-dia-grande","status":"publish","type":"post","link":"https:\/\/www.tucomarca.com\/wordpress\/segunda\/la-armonica-de-bunol-celebra-este-sabado-su-dia-grande\/","title":{"rendered":"\u00abLa Arm\u00f3nica\u00bb de Bu\u00f1ol celebra este s\u00e1bado su d\u00eda grande"},"content":{"rendered":"<p>El CIM \u201cLa Arm\u00f3nica\u201d de Bu\u00f1ol celebra este s\u00e1bado, d\u00eda 1, su d\u00eda grande con la ofrenda floral a partir de las 13 horas por la zona centro, mientras que a las 19,30 horas est\u00e1 previsto el arranque de la cabalgata con participaci\u00f3n de la representante de la sociedad, Tania Garc\u00e9s; de la Miss Infantil, Adriana Fern\u00e1ndez; as\u00ed como de la Miss Arm\u00f3nica, Marta Navarro.<br \/>\nAl igual que en el a\u00f1o 2011, la organizaci\u00f3n espera una elevada participaci\u00f3n vecinal.<\/p>\n","protected":false},"excerpt":{"rendered":"<div class=\"mh-excerpt\">El CIM \u201cLa Arm\u00f3nica\u201d de Bu\u00f1ol celebra este s\u00e1bado, d\u00eda 1, su d\u00eda grande con la ofrenda floral a partir de las 13 horas por la zona centro, mientras que a las 19,30 horas est\u00e1 <a class=\"mh-excerpt-more\" href=\"https:\/\/www.tucomarca.com\/wordpress\/segunda\/la-armonica-de-bunol-celebra-este-sabado-su-dia-grande\/\" title=\"\u00abLa Arm\u00f3nica\u00bb de Bu\u00f1ol celebra este s\u00e1bado su d\u00eda grande\">[+] <\/a><\/div>\n","protected":false},"author":2,"featured_media":0,"comment_status":"open","ping_status":"open","sticky":false,"template":"","format":"standard","meta":{"footnotes":""},"categories":[4,18,10,3],"tags":[412],"class_list":{"0":"post-6900","1":"post","2":"type-post","3":"status-publish","4":"format-standard","6":"category-agenda","7":"category-bunol","8":"category-la-hoya","9":"category-seccion","10":"tag-dia-de-el-litro"},"_links":{"self":[{"href":"https:\/\/www.tucomarca.com\/wordpress\/segunda\/wp-json\/wp\/v2\/posts\/6900","targetHints":{"allow":["GET"]}}],"collection":[{"href":"https:\/\/www.tucomarca.com\/wordpress\/segunda\/wp-json\/wp\/v2\/posts"}],"about":[{"href":"https:\/\/www.tucomarca.com\/wordpress\/segunda\/wp-json\/wp\/v2\/types\/post"}],"author":[{"embeddable":true,"href":"https:\/\/www.tucomarca.com\/wordpress\/segunda\/wp-json\/wp\/v2\/users\/2"}],"replies":[{"embeddable":true,"href":"https:\/\/www.tucomarca.com\/wordpress\/segunda\/wp-json\/wp\/v2\/comments?post=6900"}],"version-history":[{"count":0,"href":"https:\/\/www.tucomarca.com\/wordpress\/segunda\/wp-json\/wp\/v2\/posts\/6900\/revisions"}],"wp:attachment":[{"href":"https:\/\/www.tucomarca.com\/wordpress\/segunda\/wp-json\/wp\/v2\/media?parent=6900"}],"wp:term":[{"taxonomy":"category","embeddable":true,"href":"https:\/\/www.tucomarca.com\/wordpress\/segunda\/wp-json\/wp\/v2\/categories?post=6900"},{"taxonomy":"post_tag","embeddable":true,"href":"https:\/\/www.tucomarca.com\/wordpress\/segunda\/wp-json\/wp\/v2\/tags?post=6900"}],"curies":[{"name":"wp","href":"https:\/\/api.w.org\/{rel}","templated":true}]}}