{"id":69086,"date":"2018-05-18T18:48:45","date_gmt":"2018-05-18T16:48:45","guid":{"rendered":"http:\/\/www.tucomarca.com\/wordpress\/segunda\/?p=69086"},"modified":"2018-05-18T18:48:45","modified_gmt":"2018-05-18T16:48:45","slug":"bunol-acogera-el-primer-concierto-del-ciclo-a-tres-bandas-de-2018","status":"publish","type":"post","link":"https:\/\/www.tucomarca.com\/wordpress\/segunda\/bunol-acogera-el-primer-concierto-del-ciclo-a-tres-bandas-de-2018\/","title":{"rendered":"Bu\u00f1ol acoger\u00e1 el primer concierto del ciclo \u2018A tres bandas\u2019 de 2018"},"content":{"rendered":"<figure id=\"attachment_69089\" aria-describedby=\"caption-attachment-69089\" style=\"width: 424px\" class=\"wp-caption alignleft\"><img loading=\"lazy\" decoding=\"async\" class=\" wp-image-69089\" src=\"https:\/\/www.tucomarca.com\/wordpress\/segunda\/wp-content\/uploads\/2018\/05\/ATresBandes-1024x768.jpg\" alt=\"Tras Bu\u00f1ol, Cullera volver\u00e1 a coger el testigo del ciclo de conciertos. Lo har\u00e1 el pr\u00f3ximo 14 de julio.\" width=\"424\" height=\"318\" srcset=\"https:\/\/www.tucomarca.com\/wordpress\/segunda\/wp-content\/uploads\/2018\/05\/ATresBandes-1024x768.jpg 1024w, https:\/\/www.tucomarca.com\/wordpress\/segunda\/wp-content\/uploads\/2018\/05\/ATresBandes-300x225.jpg 300w, https:\/\/www.tucomarca.com\/wordpress\/segunda\/wp-content\/uploads\/2018\/05\/ATresBandes-768x576.jpg 768w\" sizes=\"auto, (max-width: 424px) 100vw, 424px\" \/><figcaption id=\"caption-attachment-69089\" class=\"wp-caption-text\">Tras Bu\u00f1ol, Cullera volver\u00e1 a coger el testigo del ciclo de conciertos. Lo har\u00e1 el pr\u00f3ximo 14 de julio.<\/figcaption><\/figure>\n<p>Bu\u00f1ol ser\u00e1 la ciudad anfitriona del pr\u00f3ximo concierto del ciclo \u2018A tres bandas\u2019, el primero de los dos que hay previstos para 2018 y el tercero del proyecto, que por primera vez viaja a esta localidad de 10.000 habitantes de La Hoya de Bu\u00f1ol. El auditorio municipal ser\u00e1 la sede de esta nueva cita con la cultura, los valores y la tradici\u00f3n valenciana.<\/p>\n<p>El s\u00e1bado 7 de julio ha sido el d\u00eda escogido para celebrar el evento, que en esta ocasi\u00f3n contar\u00e1 con la actuaci\u00f3n de la Sociedad Musical \u2018La Art\u00edstica\u2019 de Bu\u00f1ol, el Ateneo Musical de Cullera y la Uni\u00f3n Musical de Ll\u00edria, las tres bandas municipales encargadas de garantizar una velada musical inolvidable a partir de las 22.30 horas.<\/p>\n<p><strong>El origen del proyecto<\/strong><\/p>\n<p>El presidente de la Diputaci\u00f3 de Val\u00e8ncia, Jorge Rodr\u00edguez, recib\u00eda en marzo de 2017 en el seno de la corporaci\u00f3n provincial a los alcaldes de Ll\u00edria, Bu\u00f1ol y Cullera que, en representaci\u00f3n de las sociedades musicales de cada municipio, expusieron a Rodr\u00edguez los detalles de un proyecto \u2018a tres bandas\u2019 con el que pretend\u00edan organizar una serie de conciertos conjuntos en los tres municipios, en los que participar\u00eda cada vez una de las agrupaciones musicales \u2018de primer nivel\u2019 de cada localidad.<\/p>\n<p>En ese contexto, Rodr\u00edguez dio la bienvenida en nombre de la instituci\u00f3n a \u201ctodas las iniciativas relacionadas con el mundo de la m\u00fasica, un patrimonio que nos define como pueblo a los valencianos\u201d. En este caso, se trataba de un proyecto intermunicipal \u201cmuy interesante\u201d en el que participar\u00edan \u201cseis sociedades musicales de tres poblaciones con mucha solera en el mundo de la m\u00fasica\u201d.<\/p>\n<p><strong>La aportaci\u00f3n de la Diputaci\u00f3<\/strong><\/p>\n<p>El presidente mostr\u00f3 entonces su apoyo a la iniciativa y traslad\u00f3 a los alcaldes la intenci\u00f3n de la Diputaci\u00f3 de estudiar la forma de participar en ella, desde las subvenciones a proyectos musicales del \u00e1rea de Cultura o desde cualquier otra \u00e1rea de la instituci\u00f3n. Finalmente, ese apoyo econ\u00f3mico se ha materializado en una subvenci\u00f3n \u2018rotatoria\u2019 que cada a\u00f1o recibe uno de los tres municipios que promovieron la iniciativa: 14.000 euros para Cullera en 2017, y otros 14.000 para Bu\u00f1ol el presente a\u00f1o.<\/p>\n<p><strong>La gira<\/strong><\/p>\n<p>Tras Bu\u00f1ol, Cullera volver\u00e1 a coger el testigo del ciclo de conciertos. Lo har\u00e1 el pr\u00f3ximo 14 de julio, con la participaci\u00f3n del Centro Instructivo Musical \u2018La Arm\u00f3nica\u2019 de Bu\u00f1ol, la Sociedad Musical Instructiva \u2018Santa Cecilia\u2019 de Cullera y el Ateneo Musical y de Ense\u00f1anza Banda Primitiva de Ll\u00edria. Ser\u00e1 la segunda vez que este municipio de La Ribera Baixa se convierta en parada de la gira de conciertos, tras haber dado el pistoletazo de salida en 2017 y ceder el paso a Ll\u00edria a finales de a\u00f1o.<\/p>\n<p><strong>El horizonte<\/strong><\/p>\n<p>Tal est\u00e1 siendo la aceptaci\u00f3n y la buena acogida de esta iniciativa que de la colaboraci\u00f3n entre estos tres municipios est\u00e1n surgiendo nuevas ideas con capacidad para aportar frescura al panorama musical valenciano. Es el caso del nacimiento de la orquesta juvenil fruto del ambiente de \u2018germanor\u2019 de las seis bandas, una agrupaci\u00f3n que se postula como \u2018ampliaci\u00f3n\u2019 del proyecto original, con la idea de poder ofrecer un concierto que se sumar\u00eda a los dos anuales firmados por convenio y que podr\u00eda realizarse antes de que acabe el a\u00f1o.<\/p>\n","protected":false},"excerpt":{"rendered":"<div class=\"mh-excerpt\">Bu\u00f1ol ser\u00e1 la ciudad anfitriona del pr\u00f3ximo concierto del ciclo \u2018A tres bandas\u2019, el primero de los dos que hay previstos para 2018 y el tercero del proyecto, que por primera vez viaja a esta <a class=\"mh-excerpt-more\" href=\"https:\/\/www.tucomarca.com\/wordpress\/segunda\/bunol-acogera-el-primer-concierto-del-ciclo-a-tres-bandas-de-2018\/\" title=\"Bu\u00f1ol acoger\u00e1 el primer concierto del ciclo \u2018A tres bandas\u2019 de 2018\">[+] <\/a><\/div>\n","protected":false},"author":1,"featured_media":69089,"comment_status":"open","ping_status":"open","sticky":false,"template":"","format":"standard","meta":{"footnotes":""},"categories":[18,46,66,8,10,47,7,3,45],"tags":[10658,10385,10395,4072,5952,10396],"class_list":{"0":"post-69086","1":"post","2":"type-post","3":"status-publish","4":"format-standard","5":"has-post-thumbnail","7":"category-bunol","8":"category-camp-de-turia","9":"category-musica","10":"category-la-comarca","11":"category-la-hoya","12":"category-lliria","13":"category-ocio-y-cultura","14":"category-seccion","15":"category-ventana","16":"tag-a-tres-bandes","17":"tag-bunol","18":"tag-camp-de-turia","19":"tag-cullera","20":"tag-la-hoya-de-bunol-chiva","21":"tag-lliria"},"_links":{"self":[{"href":"https:\/\/www.tucomarca.com\/wordpress\/segunda\/wp-json\/wp\/v2\/posts\/69086","targetHints":{"allow":["GET"]}}],"collection":[{"href":"https:\/\/www.tucomarca.com\/wordpress\/segunda\/wp-json\/wp\/v2\/posts"}],"about":[{"href":"https:\/\/www.tucomarca.com\/wordpress\/segunda\/wp-json\/wp\/v2\/types\/post"}],"author":[{"embeddable":true,"href":"https:\/\/www.tucomarca.com\/wordpress\/segunda\/wp-json\/wp\/v2\/users\/1"}],"replies":[{"embeddable":true,"href":"https:\/\/www.tucomarca.com\/wordpress\/segunda\/wp-json\/wp\/v2\/comments?post=69086"}],"version-history":[{"count":0,"href":"https:\/\/www.tucomarca.com\/wordpress\/segunda\/wp-json\/wp\/v2\/posts\/69086\/revisions"}],"wp:featuredmedia":[{"embeddable":true,"href":"https:\/\/www.tucomarca.com\/wordpress\/segunda\/wp-json\/wp\/v2\/media\/69089"}],"wp:attachment":[{"href":"https:\/\/www.tucomarca.com\/wordpress\/segunda\/wp-json\/wp\/v2\/media?parent=69086"}],"wp:term":[{"taxonomy":"category","embeddable":true,"href":"https:\/\/www.tucomarca.com\/wordpress\/segunda\/wp-json\/wp\/v2\/categories?post=69086"},{"taxonomy":"post_tag","embeddable":true,"href":"https:\/\/www.tucomarca.com\/wordpress\/segunda\/wp-json\/wp\/v2\/tags?post=69086"}],"curies":[{"name":"wp","href":"https:\/\/api.w.org\/{rel}","templated":true}]}}