{"id":69094,"date":"2018-05-21T21:20:52","date_gmt":"2018-05-21T19:20:52","guid":{"rendered":"http:\/\/www.tucomarca.com\/wordpress\/segunda\/?p=69094"},"modified":"2018-05-21T21:20:52","modified_gmt":"2018-05-21T19:20:52","slug":"la-diputacio-de-valencia-reconeix-la-tasca-del-club-descacs-de-turis-en-la-festa-de-final-de-curs-de-lescola-itinerant","status":"publish","type":"post","link":"https:\/\/www.tucomarca.com\/wordpress\/segunda\/la-diputacio-de-valencia-reconeix-la-tasca-del-club-descacs-de-turis-en-la-festa-de-final-de-curs-de-lescola-itinerant\/","title":{"rendered":"La Diputaci\u00f3 de Val\u00e8ncia reconeix la tasca del Club d\u2019Escacs de Tur\u00eds en la festa de final de curs de l\u2019escola itinerant"},"content":{"rendered":"<figure id=\"attachment_69168\" aria-describedby=\"caption-attachment-69168\" style=\"width: 516px\" class=\"wp-caption alignleft\"><img loading=\"lazy\" decoding=\"async\" class=\" wp-image-69168\" src=\"https:\/\/www.tucomarca.com\/wordpress\/segunda\/wp-content\/uploads\/2018\/05\/Turisajedrez-1024x768.jpeg\" alt=\"L'acte final va consistir en el lliurament d'una placa commemorativa.\" width=\"516\" height=\"387\" srcset=\"https:\/\/www.tucomarca.com\/wordpress\/segunda\/wp-content\/uploads\/2018\/05\/Turisajedrez-1024x768.jpeg 1024w, https:\/\/www.tucomarca.com\/wordpress\/segunda\/wp-content\/uploads\/2018\/05\/Turisajedrez-300x225.jpeg 300w, https:\/\/www.tucomarca.com\/wordpress\/segunda\/wp-content\/uploads\/2018\/05\/Turisajedrez-768x576.jpeg 768w, https:\/\/www.tucomarca.com\/wordpress\/segunda\/wp-content\/uploads\/2018\/05\/Turisajedrez.jpeg 1600w\" sizes=\"auto, (max-width: 516px) 100vw, 516px\" \/><figcaption id=\"caption-attachment-69168\" class=\"wp-caption-text\">L&#8217;acte final va consistir en el lliurament d&#8217;una placa commemorativa.<\/figcaption><\/figure>\n<p>El Club d&#8217;Escacs de Tur\u00eds ha participat en la festa final de l&#8217;escola itinerant de la Diputaci\u00f3 de Val\u00e8ncia a la qual est\u00e0 adherida. Els seus integrants van participar en una jornada celebrada en les instal\u00b7lacions del Passeig de la Petxina on este joc de taula va ser l&#8217;aut\u00e8ntic protagonista amb m\u00faltiples partides.<\/p>\n<p>L&#8217;acte final va consistir en el lliurament d&#8217;una placa commemorativa que van arreplegar tots els seus membres i que poc despr\u00e9s van exhibir junt a l&#8217;alcalde, Eugenio Forta\u00f1a, i la regidora de Cultura i Educaci\u00f3, Isabel Guaita, durant la celebraci\u00f3 \u00a0la fira del llibre de Tur\u00eds on van tenir un espai destacat.<\/p>\n","protected":false},"excerpt":{"rendered":"<div class=\"mh-excerpt\">El Club d&#8217;Escacs de Tur\u00eds ha participat en la festa final de l&#8217;escola itinerant de la Diputaci\u00f3 de Val\u00e8ncia a la qual est\u00e0 adherida. Els seus integrants van participar en una jornada celebrada en les <a class=\"mh-excerpt-more\" href=\"https:\/\/www.tucomarca.com\/wordpress\/segunda\/la-diputacio-de-valencia-reconeix-la-tasca-del-club-descacs-de-turis-en-la-festa-de-final-de-curs-de-lescola-itinerant\/\" title=\"La Diputaci\u00f3 de Val\u00e8ncia reconeix la tasca del Club d\u2019Escacs de Tur\u00eds en la festa de final de curs de l\u2019escola itinerant\">[+] <\/a><\/div>\n","protected":false},"author":1,"featured_media":69168,"comment_status":"open","ping_status":"open","sticky":false,"template":"","format":"standard","meta":{"footnotes":""},"categories":[6,42,199,3,43],"tags":[204,3640,10394],"class_list":{"0":"post-69094","1":"post","2":"type-post","3":"status-publish","4":"format-standard","5":"has-post-thumbnail","7":"category-deportes","8":"category-la-ribera","9":"category-polideportivo","10":"category-seccion","11":"category-turis","12":"tag-diputacion","13":"tag-la-ribera-alta","14":"tag-turis"},"_links":{"self":[{"href":"https:\/\/www.tucomarca.com\/wordpress\/segunda\/wp-json\/wp\/v2\/posts\/69094","targetHints":{"allow":["GET"]}}],"collection":[{"href":"https:\/\/www.tucomarca.com\/wordpress\/segunda\/wp-json\/wp\/v2\/posts"}],"about":[{"href":"https:\/\/www.tucomarca.com\/wordpress\/segunda\/wp-json\/wp\/v2\/types\/post"}],"author":[{"embeddable":true,"href":"https:\/\/www.tucomarca.com\/wordpress\/segunda\/wp-json\/wp\/v2\/users\/1"}],"replies":[{"embeddable":true,"href":"https:\/\/www.tucomarca.com\/wordpress\/segunda\/wp-json\/wp\/v2\/comments?post=69094"}],"version-history":[{"count":0,"href":"https:\/\/www.tucomarca.com\/wordpress\/segunda\/wp-json\/wp\/v2\/posts\/69094\/revisions"}],"wp:featuredmedia":[{"embeddable":true,"href":"https:\/\/www.tucomarca.com\/wordpress\/segunda\/wp-json\/wp\/v2\/media\/69168"}],"wp:attachment":[{"href":"https:\/\/www.tucomarca.com\/wordpress\/segunda\/wp-json\/wp\/v2\/media?parent=69094"}],"wp:term":[{"taxonomy":"category","embeddable":true,"href":"https:\/\/www.tucomarca.com\/wordpress\/segunda\/wp-json\/wp\/v2\/categories?post=69094"},{"taxonomy":"post_tag","embeddable":true,"href":"https:\/\/www.tucomarca.com\/wordpress\/segunda\/wp-json\/wp\/v2\/tags?post=69094"}],"curies":[{"name":"wp","href":"https:\/\/api.w.org\/{rel}","templated":true}]}}