{"id":69097,"date":"2018-05-21T19:08:47","date_gmt":"2018-05-21T17:08:47","guid":{"rendered":"http:\/\/www.tucomarca.com\/wordpress\/segunda\/?p=69097"},"modified":"2018-05-21T19:08:47","modified_gmt":"2018-05-21T17:08:47","slug":"dos-personas-hospitalizadas-tras-el-accidente-de-una-avioneta-en-el-aerodromo-proximo-a-requena","status":"publish","type":"post","link":"https:\/\/www.tucomarca.com\/wordpress\/segunda\/dos-personas-hospitalizadas-tras-el-accidente-de-una-avioneta-en-el-aerodromo-proximo-a-requena\/","title":{"rendered":"Dos personas hospitalizadas tras el accidente de una avioneta en el aer\u00f3dromo pr\u00f3ximo a Requena"},"content":{"rendered":"<p>Tal como han informado\u00a0fuentes de\u00a0Emergencias de la Generalitat\u00a0Valenciana, una avioneta particular con dos ocupantes han resultado con heridas de diversa consideraci\u00f3n tras sufrir un accidente este domingo cerca del aer\u00f3dromo de Requena. No obstante, el\u00a0estado de ambos no reviste gravedad.<\/p>\n<p>El aviso del suceso ha entrado sobre las 11.30 horas al Centro de Informaci\u00f3n y Coordinaci\u00f3n de Urgencias, que ha movilizado una unidad del Samu y un soporte vital b\u00e1sico (SVB) hasta el lugar de los hechos, donde tambi\u00e9n ha acudido la Polic\u00eda Local de Requena.<\/p>\n<p>Fuentes del Centro de Informaci\u00f3n y Coordinaci\u00f3n de Urgencias\u00a0han informado que los dos heridos son varones, uno con una herida en la rodilla derecha, posible fractura y contusi\u00f3n tor\u00e1cica y el otro, con heridas menores. Ambos han sido trasladados al hospital de Requena y permanecen en observaci\u00f3n.<\/p>\n","protected":false},"excerpt":{"rendered":"<div class=\"mh-excerpt\">Tal como han informado\u00a0fuentes de\u00a0Emergencias de la Generalitat\u00a0Valenciana, una avioneta particular con dos ocupantes han resultado con heridas de diversa consideraci\u00f3n tras sufrir un accidente este domingo cerca del aer\u00f3dromo de Requena. No obstante, el\u00a0estado <a class=\"mh-excerpt-more\" href=\"https:\/\/www.tucomarca.com\/wordpress\/segunda\/dos-personas-hospitalizadas-tras-el-accidente-de-una-avioneta-en-el-aerodromo-proximo-a-requena\/\" title=\"Dos personas hospitalizadas tras el accidente de una avioneta en el aer\u00f3dromo pr\u00f3ximo a Requena\">[+] <\/a><\/div>\n","protected":false},"author":1,"featured_media":69156,"comment_status":"open","ping_status":"open","sticky":false,"template":"","format":"standard","meta":{"footnotes":""},"categories":[8,72,28,27,3,116,45],"tags":[264,10387],"class_list":{"0":"post-69097","1":"post","2":"type-post","3":"status-publish","4":"format-standard","5":"has-post-thumbnail","7":"category-la-comarca","8":"category-sin-categorizar","9":"category-requena","10":"category-requena-utiel","11":"category-seccion","12":"category-sucesos-la-comarca","13":"category-ventana","14":"tag-accidente","15":"tag-requena-utiel"},"_links":{"self":[{"href":"https:\/\/www.tucomarca.com\/wordpress\/segunda\/wp-json\/wp\/v2\/posts\/69097","targetHints":{"allow":["GET"]}}],"collection":[{"href":"https:\/\/www.tucomarca.com\/wordpress\/segunda\/wp-json\/wp\/v2\/posts"}],"about":[{"href":"https:\/\/www.tucomarca.com\/wordpress\/segunda\/wp-json\/wp\/v2\/types\/post"}],"author":[{"embeddable":true,"href":"https:\/\/www.tucomarca.com\/wordpress\/segunda\/wp-json\/wp\/v2\/users\/1"}],"replies":[{"embeddable":true,"href":"https:\/\/www.tucomarca.com\/wordpress\/segunda\/wp-json\/wp\/v2\/comments?post=69097"}],"version-history":[{"count":0,"href":"https:\/\/www.tucomarca.com\/wordpress\/segunda\/wp-json\/wp\/v2\/posts\/69097\/revisions"}],"wp:featuredmedia":[{"embeddable":true,"href":"https:\/\/www.tucomarca.com\/wordpress\/segunda\/wp-json\/wp\/v2\/media\/69156"}],"wp:attachment":[{"href":"https:\/\/www.tucomarca.com\/wordpress\/segunda\/wp-json\/wp\/v2\/media?parent=69097"}],"wp:term":[{"taxonomy":"category","embeddable":true,"href":"https:\/\/www.tucomarca.com\/wordpress\/segunda\/wp-json\/wp\/v2\/categories?post=69097"},{"taxonomy":"post_tag","embeddable":true,"href":"https:\/\/www.tucomarca.com\/wordpress\/segunda\/wp-json\/wp\/v2\/tags?post=69097"}],"curies":[{"name":"wp","href":"https:\/\/api.w.org\/{rel}","templated":true}]}}