{"id":69100,"date":"2018-05-21T21:22:17","date_gmt":"2018-05-21T19:22:17","guid":{"rendered":"http:\/\/www.tucomarca.com\/wordpress\/segunda\/?p=69100"},"modified":"2018-05-21T21:22:38","modified_gmt":"2018-05-21T19:22:38","slug":"alfredo-roldan-del-club-de-gimnasia-ritmica-bunol-cheste-turis-clasificado-para-el-nacional","status":"publish","type":"post","link":"https:\/\/www.tucomarca.com\/wordpress\/segunda\/alfredo-roldan-del-club-de-gimnasia-ritmica-bunol-cheste-turis-clasificado-para-el-nacional\/","title":{"rendered":"Alfredo Rold\u00e1n, del Club de Gimnasia R\u00edtmica Bu\u00f1ol-Cheste-Tur\u00eds, clasificado para el Nacional"},"content":{"rendered":"<div dir=\"auto\">\n<figure id=\"attachment_69172\" aria-describedby=\"caption-attachment-69172\" style=\"width: 380px\" class=\"wp-caption alignleft\"><img loading=\"lazy\" decoding=\"async\" class=\" wp-image-69172\" src=\"https:\/\/www.tucomarca.com\/wordpress\/segunda\/wp-content\/uploads\/2018\/05\/AlfredoRoldan-1024x768.jpg\" alt=\"El joven gimnasta del Club de Bu\u00f1ol-Cheste-Tur\u00eds, Alfredo Rold\u00e1n.\" width=\"380\" height=\"285\" \/><figcaption id=\"caption-attachment-69172\" class=\"wp-caption-text\">El joven gimnasta del Club de Bu\u00f1ol-Cheste-Tur\u00eds, Alfredo Rold\u00e1n.<\/figcaption><\/figure>\n<p>Finalizada la fase auton\u00f3mica del Campeonato de Espa\u00f1a masculino, el gimnasta del Club de Bu\u00f1ol-Cheste-Tur\u00eds,\u00a0Alfredo Rold\u00e1n, ha sido el tercer clasificado.<\/p>\n<\/div>\n<div dir=\"auto\">\u00abTras una intensa jornada de competici\u00f3n en Almussafes, donde los nervios estaban a flor de piel, pero mucho m\u00e1s controlados que en la fase anterior, Alfredo culmin\u00f3 con tres medallas de bronce en las tres modalidades en las que compet\u00eda (cuerda, pelota y aro) en la categor\u00eda infantil\u00bb, como han informado desde el club de gimnasia r\u00edtmica.<\/div>\n<div dir=\"auto\"><\/div>\n<div dir=\"auto\">\u00abA pesar de competir contra gimnastas con trayectorias mucho m\u00e1s largas, nuestro gimnasta supo templar sus miedos e inseguridades y demostr\u00f3 la ilusi\u00f3n y el amor que siente por este deporte sacando su garra y energ\u00eda que le caracterizan cada vez que sale a un tapiz de competici\u00f3n\u00bb, han a\u00f1adido desde el club.<\/div>\n<div dir=\"auto\"><\/div>\n<div dir=\"auto\">\u00abEstamos muy contentos y por eso ahora toca trabajar mucho m\u00e1s para perfeccionar los ejercicios con los que participar\u00e1 en el Campeonato de Espa\u00f1a a finales de junio\u00bb, han finalizado desde la entidad de Bu\u00f1ol,\u00a0Cheste y Tur\u00eds.<\/div>\n","protected":false},"excerpt":{"rendered":"<div class=\"mh-excerpt\">Finalizada la fase auton\u00f3mica del Campeonato de Espa\u00f1a masculino, el gimnasta del Club de Bu\u00f1ol-Cheste-Tur\u00eds,\u00a0Alfredo Rold\u00e1n, ha sido el tercer clasificado. \u00abTras una intensa jornada de competici\u00f3n en Almussafes, donde los nervios estaban a flor <a class=\"mh-excerpt-more\" href=\"https:\/\/www.tucomarca.com\/wordpress\/segunda\/alfredo-roldan-del-club-de-gimnasia-ritmica-bunol-cheste-turis-clasificado-para-el-nacional\/\" title=\"Alfredo Rold\u00e1n, del Club de Gimnasia R\u00edtmica Bu\u00f1ol-Cheste-Tur\u00eds, clasificado para el Nacional\">[+] <\/a><\/div>\n","protected":false},"author":1,"featured_media":69172,"comment_status":"open","ping_status":"open","sticky":false,"template":"","format":"standard","meta":{"footnotes":""},"categories":[18,17,6,72,10,42,199,3,43],"tags":[10385,339,10379,5952,3640,10394],"class_list":{"0":"post-69100","1":"post","2":"type-post","3":"status-publish","4":"format-standard","5":"has-post-thumbnail","7":"category-bunol","8":"category-cheste","9":"category-deportes","10":"category-sin-categorizar","11":"category-la-hoya","12":"category-la-ribera","13":"category-polideportivo","14":"category-seccion","15":"category-turis","16":"tag-bunol","17":"tag-cheste-2","18":"tag-deportes","19":"tag-la-hoya-de-bunol-chiva","20":"tag-la-ribera-alta","21":"tag-turis"},"_links":{"self":[{"href":"https:\/\/www.tucomarca.com\/wordpress\/segunda\/wp-json\/wp\/v2\/posts\/69100","targetHints":{"allow":["GET"]}}],"collection":[{"href":"https:\/\/www.tucomarca.com\/wordpress\/segunda\/wp-json\/wp\/v2\/posts"}],"about":[{"href":"https:\/\/www.tucomarca.com\/wordpress\/segunda\/wp-json\/wp\/v2\/types\/post"}],"author":[{"embeddable":true,"href":"https:\/\/www.tucomarca.com\/wordpress\/segunda\/wp-json\/wp\/v2\/users\/1"}],"replies":[{"embeddable":true,"href":"https:\/\/www.tucomarca.com\/wordpress\/segunda\/wp-json\/wp\/v2\/comments?post=69100"}],"version-history":[{"count":0,"href":"https:\/\/www.tucomarca.com\/wordpress\/segunda\/wp-json\/wp\/v2\/posts\/69100\/revisions"}],"wp:featuredmedia":[{"embeddable":true,"href":"https:\/\/www.tucomarca.com\/wordpress\/segunda\/wp-json\/wp\/v2\/media\/69172"}],"wp:attachment":[{"href":"https:\/\/www.tucomarca.com\/wordpress\/segunda\/wp-json\/wp\/v2\/media?parent=69100"}],"wp:term":[{"taxonomy":"category","embeddable":true,"href":"https:\/\/www.tucomarca.com\/wordpress\/segunda\/wp-json\/wp\/v2\/categories?post=69100"},{"taxonomy":"post_tag","embeddable":true,"href":"https:\/\/www.tucomarca.com\/wordpress\/segunda\/wp-json\/wp\/v2\/tags?post=69100"}],"curies":[{"name":"wp","href":"https:\/\/api.w.org\/{rel}","templated":true}]}}