{"id":69110,"date":"2018-05-21T19:28:58","date_gmt":"2018-05-21T17:28:58","guid":{"rendered":"http:\/\/www.tucomarca.com\/wordpress\/segunda\/?p=69110"},"modified":"2018-05-21T19:29:15","modified_gmt":"2018-05-21T17:29:15","slug":"fgv-finaliza-las-obras-de-mejora-de-las-condiciones-de-seguridad-de-dos-pasos-a-nivel-en-alberic-y-benaguasil","status":"publish","type":"post","link":"https:\/\/www.tucomarca.com\/wordpress\/segunda\/fgv-finaliza-las-obras-de-mejora-de-las-condiciones-de-seguridad-de-dos-pasos-a-nivel-en-alberic-y-benaguasil\/","title":{"rendered":"FGV finaliza las obras de mejora de las condiciones de seguridad de dos pasos a nivel en Alberic y Benaguasil"},"content":{"rendered":"<figure id=\"attachment_69111\" aria-describedby=\"caption-attachment-69111\" style=\"width: 480px\" class=\"wp-caption alignleft\"><img loading=\"lazy\" decoding=\"async\" class=\" wp-image-69111\" src=\"https:\/\/www.tucomarca.com\/wordpress\/segunda\/wp-content\/uploads\/2018\/05\/Pasos-1024x615.jpg\" alt=\"Las obras han permitido mejorar las condiciones de seguridad en ambos pasos a nivel.\" width=\"480\" height=\"288\" srcset=\"https:\/\/www.tucomarca.com\/wordpress\/segunda\/wp-content\/uploads\/2018\/05\/Pasos.jpg 1024w, https:\/\/www.tucomarca.com\/wordpress\/segunda\/wp-content\/uploads\/2018\/05\/Pasos-300x180.jpg 300w, https:\/\/www.tucomarca.com\/wordpress\/segunda\/wp-content\/uploads\/2018\/05\/Pasos-768x461.jpg 768w\" sizes=\"auto, (max-width: 480px) 100vw, 480px\" \/><figcaption id=\"caption-attachment-69111\" class=\"wp-caption-text\">Las obras han permitido mejorar las condiciones de seguridad en ambos pasos a nivel.<\/figcaption><\/figure>\n<p>Ferrocarrils de la Generalitat Valenciana (FGV) ha finalizado las obras de mejora de las condiciones de seguridad de los pasos a nivel de la red de Metrovalencia, situados en los municipios de Alberic y Benaguasil. Estas actuaciones cuentan con un presupuesto de 65.204 euros, IVA incluido, y comezaron a ejecutarse el pasado mes de abril.<\/p>\n<p>Las obras han permitido mejorar las condiciones de seguridad en ambos pasos a nivel, con el acondicionamiento de los accesos peatonales. En concreto, las obras se han llevado a cabo en el paso a nivel ALQ-12 correspondiente al t\u00e9rmino municipal de Alberic y en el BEN-7 perteneciente a Benaguasil.<\/p>\n<p>En Alberic las obras realizadas han permitido cerrar uno de los pasos peatonales situado en uno de los extremos del paso a nivel, ya que las condiciones de visibilidad y accesibilidad eran escasas. En el extremo opuesto, se ha acondicionado un nuevo acceso con mejores condiciones de accesibilidad, con el fin de redirigir el paso de peatones a este punto, mucho m\u00e1s seguro y accesible.<\/p>\n<p>El acondicionamiento de dichos pasos forma parte de las mejoras que la Conselleria de Vivienda, Obras P\u00fablicas y Vertebraci\u00f3n del Territorio est\u00e1 realizando con la finalidad de mejorar las condiciones de seguridad y accesibilidad del conjunto de la red de FGV en Valencia y Alicante.<\/p>\n<p>A su vez ambas actuaciones hab\u00edan sido propuestas como puntos a mejorar en el seno del Comit\u00e9 de Seguridad en la Circulaci\u00f3n de la empresa p\u00fablica.<\/p>\n<p><strong>Estudio y actuaciones en pasos<\/strong><\/p>\n<p>Dentro de estas actuaciones, FGV ha completado el Estudio de Evaluaci\u00f3n de Riesgos de los Pasos a Nivel y entre Andenes de la red de Metrovalencia. En concreto, se han analizado 141 intersecciones ferroviarias entre pasos a nivel y pasos entre andenes distribuidos en 33 municipios de Valencia.<br \/>\nEl estudio permite establecer la prioridad de las actuaciones previstas para aumentar la seguridad y disminuir la siniestralidad en los pasos a nivel y pasos entre andenes, teniendo en cuenta que el mantenimiento y mejora de la seguridad de los pasos en entorno urbano es competencia de FGV.<br \/>\nEntre las actuaciones previstas FGV realizar\u00e1 trabajos de mejora en las estaciones de Paiporta, La Canyada y Seminari-CEU de Metrovalencia.<\/p>\n","protected":false},"excerpt":{"rendered":"<div class=\"mh-excerpt\">Ferrocarrils de la Generalitat Valenciana (FGV) ha finalizado las obras de mejora de las condiciones de seguridad de los pasos a nivel de la red de Metrovalencia, situados en los municipios de Alberic y Benaguasil. <a class=\"mh-excerpt-more\" href=\"https:\/\/www.tucomarca.com\/wordpress\/segunda\/fgv-finaliza-las-obras-de-mejora-de-las-condiciones-de-seguridad-de-dos-pasos-a-nivel-en-alberic-y-benaguasil\/\" title=\"FGV finaliza las obras de mejora de las condiciones de seguridad de dos pasos a nivel en Alberic y Benaguasil\">[+] <\/a><\/div>\n","protected":false},"author":1,"featured_media":69111,"comment_status":"open","ping_status":"open","sticky":false,"template":"","format":"standard","meta":{"footnotes":""},"categories":[172,46,128,8,142,3,45],"tags":[10429,10395],"class_list":{"0":"post-69110","1":"post","2":"type-post","3":"status-publish","4":"format-standard","5":"has-post-thumbnail","7":"category-benaguasil","8":"category-camp-de-turia","9":"category-infraestructuras","10":"category-la-comarca","11":"category-politica-la-comarca","12":"category-seccion","13":"category-ventana","14":"tag-benaguasil","15":"tag-camp-de-turia"},"_links":{"self":[{"href":"https:\/\/www.tucomarca.com\/wordpress\/segunda\/wp-json\/wp\/v2\/posts\/69110","targetHints":{"allow":["GET"]}}],"collection":[{"href":"https:\/\/www.tucomarca.com\/wordpress\/segunda\/wp-json\/wp\/v2\/posts"}],"about":[{"href":"https:\/\/www.tucomarca.com\/wordpress\/segunda\/wp-json\/wp\/v2\/types\/post"}],"author":[{"embeddable":true,"href":"https:\/\/www.tucomarca.com\/wordpress\/segunda\/wp-json\/wp\/v2\/users\/1"}],"replies":[{"embeddable":true,"href":"https:\/\/www.tucomarca.com\/wordpress\/segunda\/wp-json\/wp\/v2\/comments?post=69110"}],"version-history":[{"count":0,"href":"https:\/\/www.tucomarca.com\/wordpress\/segunda\/wp-json\/wp\/v2\/posts\/69110\/revisions"}],"wp:featuredmedia":[{"embeddable":true,"href":"https:\/\/www.tucomarca.com\/wordpress\/segunda\/wp-json\/wp\/v2\/media\/69111"}],"wp:attachment":[{"href":"https:\/\/www.tucomarca.com\/wordpress\/segunda\/wp-json\/wp\/v2\/media?parent=69110"}],"wp:term":[{"taxonomy":"category","embeddable":true,"href":"https:\/\/www.tucomarca.com\/wordpress\/segunda\/wp-json\/wp\/v2\/categories?post=69110"},{"taxonomy":"post_tag","embeddable":true,"href":"https:\/\/www.tucomarca.com\/wordpress\/segunda\/wp-json\/wp\/v2\/tags?post=69110"}],"curies":[{"name":"wp","href":"https:\/\/api.w.org\/{rel}","templated":true}]}}