{"id":69120,"date":"2018-05-21T19:26:49","date_gmt":"2018-05-21T17:26:49","guid":{"rendered":"http:\/\/www.tucomarca.com\/wordpress\/segunda\/?p=69120"},"modified":"2018-05-21T19:26:49","modified_gmt":"2018-05-21T17:26:49","slug":"la-diputacio-de-valencia-abre-la-nueva-convocatoria-de-la-dipu-te-eurobeca","status":"publish","type":"post","link":"https:\/\/www.tucomarca.com\/wordpress\/segunda\/la-diputacio-de-valencia-abre-la-nueva-convocatoria-de-la-dipu-te-eurobeca\/","title":{"rendered":"La Diputaci\u00f3 de Val\u00e8ncia abre la nueva convocatoria de la \u2018Dipu te Eurobeca\u2019"},"content":{"rendered":"<figure id=\"attachment_69121\" aria-describedby=\"caption-attachment-69121\" style=\"width: 447px\" class=\"wp-caption alignleft\"><img loading=\"lazy\" decoding=\"async\" class=\" wp-image-69121\" src=\"https:\/\/www.tucomarca.com\/wordpress\/segunda\/wp-content\/uploads\/2018\/05\/Nofuentes-1024x483.jpg\" alt=\"En la primera parte del programa de 2018, un total de 17 j\u00f3venes posgraduados podr\u00e1n optar a cinco meses de formaci\u00f3n en empresas e instituciones de toda Europa.\" width=\"447\" height=\"211\" srcset=\"https:\/\/www.tucomarca.com\/wordpress\/segunda\/wp-content\/uploads\/2018\/05\/Nofuentes-1024x483.jpg 1024w, https:\/\/www.tucomarca.com\/wordpress\/segunda\/wp-content\/uploads\/2018\/05\/Nofuentes-300x141.jpg 300w, https:\/\/www.tucomarca.com\/wordpress\/segunda\/wp-content\/uploads\/2018\/05\/Nofuentes-768x362.jpg 768w\" sizes=\"auto, (max-width: 447px) 100vw, 447px\" \/><figcaption id=\"caption-attachment-69121\" class=\"wp-caption-text\">En la primera parte del programa de 2018, un total de 17 j\u00f3venes posgraduados podr\u00e1n optar a cinco meses de formaci\u00f3n en empresas e instituciones de toda Europa.<\/figcaption><\/figure>\n<p>\u2018La Dipu te Eurobeca\u2019 es una de las tres l\u00edneas de formaci\u00f3n ofertadas por la Diputaci\u00f3 de Val\u00e8ncia a trav\u00e9s del \u00e1rea de Gesti\u00f3n y Retenci\u00f3n del Talento. La primera convocatoria de 2018, abierta desde el 17 de mayo hasta el 6 de junio, ofrece 17 becas repartidas en 13 destinos en los que j\u00f3venes podr\u00e1n realizar pr\u00e1cticas formativas en diferentes empresas e instituciones de pa\u00edses de toda\u00a0Europa.<\/p>\n<p>La beca va dirigida a posgraduados de menos de 35 a\u00f1os residentes en la provincia de Valencia. La duraci\u00f3n del programa es de cinco meses no prorrogables, tienen una dotaci\u00f3n de 1.500 euros brutos al mes, adem\u00e1s de una bolsa de viaje de hasta 500 euros.<span class=\"Apple-converted-space\">\u00a0<\/span><\/p>\n<p>Los perfiles que se solicitan son diversos, desde Comunicaci\u00f3n, Publicidad y M\u00e1rketing hasta Ciencias Pol\u00edticas, pasando por Adminsitraci\u00f3n, Derecho, Biom\u00e9dica, Biotecnolog\u00eda o Ciencias Ambientales.<\/p>\n<p>La mayor\u00eda de las plazas se encuentran en Bruselas, capital europea y sede de instituciones como la embajada espa\u00f1ola, donde se oferta una plaza de gesti\u00f3n y otra de comunicaci\u00f3n, o el Real Instituto Elcano. Otro de los destinos m\u00e1s destacados son la empresa Climate-KIC, donde se ofertan dos plazas en su sede de Utrech o la compa\u00f1\u00eda Facts&amp;Files en Berl\u00edn, entre otras. Instituciones acad\u00e9micas como el Imperial College London, la Universidad de Torino, La Universidad de Palermo o el Harwell Institute<span class=\"Apple-converted-space\">\u00a0 <\/span>tambi\u00e9n se han a\u00f1adido al programa.<\/p>\n","protected":false},"excerpt":{"rendered":"<div class=\"mh-excerpt\">\u2018La Dipu te Eurobeca\u2019 es una de las tres l\u00edneas de formaci\u00f3n ofertadas por la Diputaci\u00f3 de Val\u00e8ncia a trav\u00e9s del \u00e1rea de Gesti\u00f3n y Retenci\u00f3n del Talento. La primera convocatoria de 2018, abierta desde <a class=\"mh-excerpt-more\" href=\"https:\/\/www.tucomarca.com\/wordpress\/segunda\/la-diputacio-de-valencia-abre-la-nueva-convocatoria-de-la-dipu-te-eurobeca\/\" title=\"La Diputaci\u00f3 de Val\u00e8ncia abre la nueva convocatoria de la \u2018Dipu te Eurobeca\u2019\">[+] <\/a><\/div>\n","protected":false},"author":1,"featured_media":69121,"comment_status":"open","ping_status":"open","sticky":false,"template":"","format":"standard","meta":{"footnotes":""},"categories":[128,8,72,142,3,45],"tags":[204],"class_list":{"0":"post-69120","1":"post","2":"type-post","3":"status-publish","4":"format-standard","5":"has-post-thumbnail","7":"category-infraestructuras","8":"category-la-comarca","9":"category-sin-categorizar","10":"category-politica-la-comarca","11":"category-seccion","12":"category-ventana","13":"tag-diputacion"},"_links":{"self":[{"href":"https:\/\/www.tucomarca.com\/wordpress\/segunda\/wp-json\/wp\/v2\/posts\/69120","targetHints":{"allow":["GET"]}}],"collection":[{"href":"https:\/\/www.tucomarca.com\/wordpress\/segunda\/wp-json\/wp\/v2\/posts"}],"about":[{"href":"https:\/\/www.tucomarca.com\/wordpress\/segunda\/wp-json\/wp\/v2\/types\/post"}],"author":[{"embeddable":true,"href":"https:\/\/www.tucomarca.com\/wordpress\/segunda\/wp-json\/wp\/v2\/users\/1"}],"replies":[{"embeddable":true,"href":"https:\/\/www.tucomarca.com\/wordpress\/segunda\/wp-json\/wp\/v2\/comments?post=69120"}],"version-history":[{"count":0,"href":"https:\/\/www.tucomarca.com\/wordpress\/segunda\/wp-json\/wp\/v2\/posts\/69120\/revisions"}],"wp:featuredmedia":[{"embeddable":true,"href":"https:\/\/www.tucomarca.com\/wordpress\/segunda\/wp-json\/wp\/v2\/media\/69121"}],"wp:attachment":[{"href":"https:\/\/www.tucomarca.com\/wordpress\/segunda\/wp-json\/wp\/v2\/media?parent=69120"}],"wp:term":[{"taxonomy":"category","embeddable":true,"href":"https:\/\/www.tucomarca.com\/wordpress\/segunda\/wp-json\/wp\/v2\/categories?post=69120"},{"taxonomy":"post_tag","embeddable":true,"href":"https:\/\/www.tucomarca.com\/wordpress\/segunda\/wp-json\/wp\/v2\/tags?post=69120"}],"curies":[{"name":"wp","href":"https:\/\/api.w.org\/{rel}","templated":true}]}}